{"id":9809,"date":"2017-11-03T14:21:09","date_gmt":"2017-11-03T13:21:09","guid":{"rendered":"http:\/\/www2.memri.org\/polish\/?p=9809"},"modified":"2017-11-07T20:19:12","modified_gmt":"2017-11-07T19:19:12","slug":"naczelny-sedzia-szariatu-autonomii-palestynskiej-doradca-prezydenta-abbasa-przemawia-podczas-indo-arabskiego-dnia-solidarnosci-w-hyderabadzie-w-indiach-gdzie-otwarto-sale","status":"publish","type":"post","link":"https:\/\/www2.memri.org\/polish\/naczelny-sedzia-szariatu-autonomii-palestynskiej-doradca-prezydenta-abbasa-przemawia-podczas-indo-arabskiego-dnia-solidarnosci-w-hyderabadzie-w-indiach-gdzie-otwarto-sale\/9809","title":{"rendered":"Naczelny s\u0119dzia szariatu Autonomii Palesty\u0144skiej, doradca prezydenta Abbasa, przemawia podczas \u201cIndo-Arabskiego Dnia Solidarno\u015bci\u201d w Hyderabadzie w Indiach, gdzie otwarto sal\u0119 \u201cpami\u0119ci palesty\u0144skich m\u0119czennik\u00f3w\u201d; Inni dygnitarze na konferencji: Pa\u0144stwo Islamskie zosta\u0142o stworzone przez Zach\u00f3d; \u201cMo\u017cna zrozumie\u0107, dlaczego\u2026 Hitler dokona\u0142 masakry \u017byd\u00f3w\u201d \u00a0"},"content":{"rendered":"<p><em>Zdj\u0119cia strony z \u201e<\/em><em>Roznama Urdu Times\u201d<\/em>.<\/p>\n<p>29 pa\u017adziernika 2017 r. zorganizowano jednodniow\u0105 konferencj\u0119 pod nazw\u0105 Indo-Arabski Dzie\u0144 Solidarno\u015bci w mie\u015bcie Hyderabad w Indiach. Organizatorem by\u0142a Liga Indo-Arabska, organizacja pozarz\u0105dowa, a celem by\u0142o wyra\u017cenie solidarno\u015bci z Palesty\u0144czykami. Wcze\u015bniej, w rozmowie z reporterami 25 pa\u017adziernika, przewodnicz\u0105cy Ligi Indo-Arabskiej, Syed Vicaruddin zaoferowa\u0142 nieodp\u0142atnie ziemi\u0119 Palestynie na zbudowanie konsulatu w \u00a0Hyderabadzie<a name=\"_ednref1\"><\/a><a href=\"https:\/\/www.memri.org\/reports\/palestinian-authority-chief-sharia-justice-advisor-palestinian-president-abbas-speaks-indo#_edn1\">[1]<\/a>. Indo-Arabskie Centrum Kulturalne w kompleksie handlowym Hyderabadu Banjara Hills ju\u017c dzia\u0142a; kamie\u0144 w\u0119gielny po\u0142o\u017cy\u0142 tam przyw\u00f3dca palesty\u0144ski Jaser Arafat w 1997 r.<\/p>\n<p><img loading=\"lazy\" decoding=\"async\" class=\"alignnone size-full wp-image-9832\" src=\"https:\/\/www2.memri.org\/polish\/wp-content\/uploads\/2017\/11\/SD7162_0-1-1.jpg\" width=\"600\" height=\"331\" alt=\"\" srcset=\"https:\/\/www2.memri.org\/polish\/wp-content\/uploads\/2017\/11\/SD7162_0-1-1.jpg 600w, https:\/\/www2.memri.org\/polish\/wp-content\/uploads\/2017\/11\/SD7162_0-1-1-300x166.jpg 300w\" sizes=\"auto, (max-width: 600px) 100vw, 600px\" \/><\/p>\n<p>Vicaruddin, kt\u00f3ry w 2015 r. otrzyma\u0142 palesty\u0144sk\u0105 Gwiazd\u0119 Jerozolimy, najwy\u017csze odznaczenie cywilne AP i jest redaktorem naczelnym gazety w j\u0119zyku urdu, \u201cRahnuma-e-Deccan\u201d, oznajmi\u0142, \u017ce Indo-Arabskie Centrum Kulturalne (znane tak\u017ce jako Centrum Arafata) po\u015bwi\u0119ci sal\u0119 \u201epami\u0119ci palesty\u0144skich m\u0119czennik\u00f3w&#8221;<a name=\"_ednref2\"><\/a><a href=\"https:\/\/www.memri.org\/reports\/palestinian-authority-chief-sharia-justice-advisor-palestinian-president-abbas-speaks-indo#_edn2\">[2]<\/a>. W lipcu bie\u017c\u0105cego roku Vicaruddin otrzyma\u0142 z\u0142oty medal od rz\u0105du palesty\u0144skiego<a name=\"_ednref3\"><\/a><a href=\"https:\/\/www.memri.org\/reports\/palestinian-authority-chief-sharia-justice-advisor-palestinian-president-abbas-speaks-indo#_edn3\">[3]<\/a>. Vicaruddin powiedzial, \u017ce konsulat palesty\u0144ski pomo\u017ce wzmocni\u0107 \u201cstosunki mi\u0119dzy Indiami i Palestyn\u0105 i u\u0142atwi muzu\u0142manom, kt\u00f3rzy chc\u0105 odwiedzi\u0107 meczet Al-Aksa w Jerozolimie&#8221;<a name=\"_ednref4\"><\/a><a href=\"https:\/\/www.memri.org\/reports\/palestinian-authority-chief-sharia-justice-advisor-palestinian-president-abbas-speaks-indo#_edn4\">[4]<\/a>.<\/p>\n<p>W konferencji uczestniczyli delegaci w Iraku, Syrii, Arabii Saudyjskiej, Egiptu, Palestyny i Jemenu, mi\u0119dzy innymi. Jednym z kluczowych m\u00f3wc\u00f3w by\u0142 Mahmoud Al-Habbasz, naczelny s\u0119dzia szariatu i doradca ds. religijnych prezydenta Autonomii Palesty\u0144skiej Abbasa. Mohammad Mahmood Ali, wicepremier indyjskiego stanu Telangana, kt\u00f3rego stolic\u0105 jest Hyderabad, by\u0142 g\u0142\u00f3wnym go\u015bciem. Byli tam r\u00f3wnie\u017c ambasador palesty\u0144ski\u00a0 Adnan Abu Alhaid\u017ca, ambasador jorda\u0144ski Hassan Mahmoud Mohammad Al-D\u017cawarneh, ambasador suda\u0144ski Sirad\u017cuddin Hamid Jousif, ambasador iracki Fachri Hassan Al-Issa, ambasador syryjski Riad Kamil Abbas i ambasador liba\u0144ski Ghassan Abdelkhalek.<\/p>\n<p>Wed\u0142ug relacji w gazecie w j\u0119zyku urdu, \u201cRoznama Urdu Times\u201d, Al-Habbasz powiedzia\u0142: &#8222;Ka\u017cdy Palesty\u0144czyk b\u0119dzie kontynuowa\u0142 walk\u0119 a\u017c do ca\u0142kowitej wolno\u015bci Palestyny. Ci, kt\u00f3rzy rozpocz\u0119li ruch o wolno\u015b\u0107 Palestyny, przyj\u0119li przysi\u0119g\u0119, kiedy opuszczali ten \u015bwiat, \u00a0od kolejnego pokolenia, \u017ce b\u0119dzie kontynuowa\u0142o t\u0119 walk\u0119, a\u017c ziemia pierwszego <em>kibla<\/em> [kierunku modlitw, tj. Palestyny] zostanie oczyszczona z blu\u017anierczej egzystencji \u017byd\u00f3w.\u00a0 \u00a0\u00a0Jaser Arafat, Amin Al-Hussein, i wielu m\u0119czennik\u00f3w takich jak oni walczyli o wolno\u015b\u0107 dla Palestyny do ostatniego oddechu za \u017cycia&#8221;<a name=\"_ednref5\"><\/a><a href=\"https:\/\/www.memri.org\/reports\/palestinian-authority-chief-sharia-justice-advisor-palestinian-president-abbas-speaks-indo#_edn5\">[5]<\/a>.<\/p>\n<p>Nast\u0119pnie powiedzia\u0142: &#8222;Wielka Brytania jest odpowiedzialna za izraelsk\u0105 supremacyjn\u0105 okupacj\u0119 ziemi palesty\u0144skiej, poniewa\u017c 2 listopada 1917 r. og\u0142osi\u0142a ustanowienie nowego pa\u0144stwa Izraela dla \u017byd\u00f3w w Deklaracji Balfoura\u2026 W tym roku, 2 listopada 2017, rz\u0105d brytyjski \u015bwi\u0119tuje 100 lat od Deklaracji Balfoura. \u015awiat ludzko\u015bci powinien to pot\u0119pi\u0107&#8221;<a name=\"_ednref6\"><\/a><a href=\"https:\/\/www.memri.org\/reports\/palestinian-authority-chief-sharia-justice-advisor-palestinian-president-abbas-speaks-indo#_edn6\">[6]<\/a>.<\/p>\n<p>Powiedzia\u0142 tak\u017ce: &#8222;By\u0142 czas, kiedy nie przypisywano \u017cadnej wagi palesty\u0144skiej walce o wolno\u015b\u0107. Zamiast tego mud\u017cahedini Palestyny byli wi\u0119zieni za rozwijanie flagi palesty\u0144skiej i\u2026 [ja] te\u017c cierpia\u0142em trudno\u015bci wi\u0119zienia. Z b\u0142ogos\u0142awie\u0144stwem i dobroci\u0105 Allaha dzisiaj flaga palesty\u0144ska powiewa w 150 krajach \u015bwiata. ONZ da\u0142 jej ca\u0142kowity status. Palesty\u0144czycy osi\u0105gn\u0119li swoje prawa w wielu mi\u0119dzynarodowych instytucjach. Izrael jest og\u0142uszony ruchem Intifady m\u0142odzie\u017cy palesty\u0144skiej. Nie mo\u017ce znie\u015b\u0107 kamieni m\u0142odzie\u017cy palesty\u0144skiej. Allah pomo\u017ce Palesty\u0144czykom, da im sprawiedliwo\u015b\u0107&#8230;&#8221;<a name=\"_ednref7\"><\/a><a href=\"https:\/\/www.memri.org\/reports\/palestinian-authority-chief-sharia-justice-advisor-palestinian-president-abbas-speaks-indo#_edn7\">[7]<\/a><\/p>\n<p>Syryjski ambasador, Riad Kamil Abba, tak\u017ce przem\u00f3wi\u0142 do konferencji: \u201cStworzenie frontu przeciwko Syrii jest w rzeczywisto\u015bci stworzeniem frontu przeciwko Palestynie. Syria uwa\u017ca problem palesty\u0144ski za sw\u00f3j problem i problem \u015bwiata arabskiego. Ci, kt\u00f3rzy spiskuj\u0105 przeciwko Palesty\u0144czykom, s\u0105 tym samymi lud\u017ami, kt\u00f3rzy dzia\u0142aj\u0105 przeciwko Syrii. Syria jest cz\u0119\u015bci\u0105 walki ludu palesty\u0144skiego i ni\u0105 pozostanie. Uwa\u017ca potworno\u015bci pope\u0142nione przeciwko Palesty\u0144czykom za zbrodnie wobec ludzko\u015bci, ludob\u00f3jstwo i pogwa\u0142cenie praw mi\u0119dzynarodowych\u2026\u201d Doda\u0142, \u017ce Pa\u0144stwo Islamskie by\u0142o tworem Zachodu<a name=\"_ednref8\"><\/a><a href=\"https:\/\/www.memri.org\/reports\/palestinian-authority-chief-sharia-justice-advisor-palestinian-president-abbas-speaks-indo#_edn8\">[8]<\/a>.<\/p>\n<p>Iracki ambasador, \u00a0Fakhri Hassan Al-Issa, powiedzia\u0142 na konferencji: \u201cIrak zawsze popiera\u0142 spraw\u0119 palesty\u0144sk\u0105 i popiera mi\u0119dzynarodowe wysi\u0142ki przeciwko sukcesowi okrutnej okupacji Izraela&#8221;<a name=\"_ednref9\"><\/a><a href=\"https:\/\/www.memri.org\/reports\/palestinian-authority-chief-sharia-justice-advisor-palestinian-president-abbas-speaks-indo#_edn9\">[9]<\/a>. Liba\u0144ski ambasador, Ghassan Abdelkhalek, powiedzia\u0142, \u017ce nie uwa\u017ca Palestyny za kwesti\u0119 religijn\u0105 ani polityczn\u0105, ale za spisek, by os\u0142abi\u0107 \u015bwiat arabski&#8221;<a name=\"_ednref10\"><\/a><a href=\"https:\/\/www.memri.org\/reports\/palestinian-authority-chief-sharia-justice-advisor-palestinian-president-abbas-speaks-indo#_edn10\">[10]<\/a>.<\/p>\n<p>Wicepremier indyjskiego stanu Telangana, Mohammad Mahmood Ali, powiedzia\u0142 na konferencji: \u201cPrzy izraelskiej okupacji Palestyny i potworno\u015bciach \u017byd\u00f3w wobec Palesty\u0144czyk\u00f3w, mo\u017cna zrozumie\u0107, dlaczego Kaiser Niemiec, Hitler, dokona\u0142 masakry \u017byd\u00f3w. S\u0142owami Hitlera, gdziekolwiek \u017cyli \u017bydzi, tam tworzyli konflikt&#8230;&#8221;<a name=\"_ednref11\"><\/a><a href=\"https:\/\/www.memri.org\/reports\/palestinian-authority-chief-sharia-justice-advisor-palestinian-president-abbas-speaks-indo#_edn11\">[11]<\/a><\/p>\n<p>&nbsp;<\/p>\n<p><a name=\"_edn1\"><\/a><a href=\"https:\/\/www.memri.org\/reports\/palestinian-authority-chief-sharia-justice-advisor-palestinian-president-abbas-speaks-indo#_ednref1\">[1]<\/a> Business-Standard.com (India), October 25, 2017.<a name=\"_edn2\"><\/a><br \/>\n<a href=\"https:\/\/www.memri.org\/reports\/palestinian-authority-chief-sharia-justice-advisor-palestinian-president-abbas-speaks-indo#_ednref2\">[2]<\/a> Business-Standard.com (India), October 25, 2017.<a name=\"_edn3\"><\/a><br \/>\n<a href=\"https:\/\/www.memri.org\/reports\/palestinian-authority-chief-sharia-justice-advisor-palestinian-president-abbas-speaks-indo#_ednref3\">[3]<\/a> TheHansIndia.com (India), July 5, 2017.<a name=\"_edn4\"><\/a><br \/>\n<a href=\"https:\/\/www.memri.org\/reports\/palestinian-authority-chief-sharia-justice-advisor-palestinian-president-abbas-speaks-indo#_ednref4\">[4]<\/a> Business-Standard.com (India), October 25, 2017.<a name=\"_edn5\"><\/a><br \/>\n<a href=\"https:\/\/www.memri.org\/reports\/palestinian-authority-chief-sharia-justice-advisor-palestinian-president-abbas-speaks-indo#_ednref5\">[5]<\/a> Roznama Urdu Times (India), October 30, 2017.<a name=\"_edn6\"><\/a><br \/>\n<a href=\"https:\/\/www.memri.org\/reports\/palestinian-authority-chief-sharia-justice-advisor-palestinian-president-abbas-speaks-indo#_ednref6\">[6]<\/a> Roznama Urdu Times (India), October 30, 2017.<a name=\"_edn7\"><\/a><br \/>\n<a href=\"https:\/\/www.memri.org\/reports\/palestinian-authority-chief-sharia-justice-advisor-palestinian-president-abbas-speaks-indo#_ednref7\">[7]<\/a> Roznama Urdu Times (India), October 30, 2017.<a name=\"_edn8\"><\/a><br \/>\n<a href=\"https:\/\/www.memri.org\/reports\/palestinian-authority-chief-sharia-justice-advisor-palestinian-president-abbas-speaks-indo#_ednref8\">[8]<\/a> Roznama Urdu Times (India), October 30, 2017.<a name=\"_edn9\"><\/a><br \/>\n<a href=\"https:\/\/www.memri.org\/reports\/palestinian-authority-chief-sharia-justice-advisor-palestinian-president-abbas-speaks-indo#_ednref9\">[9]<\/a> Roznama Urdu Times (India), October 30, 2017.<a name=\"_edn10\"><\/a><br \/>\n<a href=\"https:\/\/www.memri.org\/reports\/palestinian-authority-chief-sharia-justice-advisor-palestinian-president-abbas-speaks-indo#_ednref10\">[10]<\/a> Roznama Urdu Times (India), October 30, 2017.<a name=\"_edn11\"><\/a><br \/>\n<a href=\"https:\/\/www.memri.org\/reports\/palestinian-authority-chief-sharia-justice-advisor-palestinian-president-abbas-speaks-indo#_ednref11\">[11]<\/a> Roznama Urdu Times (India), October 30, 2017.<\/p>\n<p><strong>\u00a0<\/strong><\/p>\n<p><strong>If you wish to reply, please send your email to <\/strong><strong>memri@memrieurope.org<\/strong><strong>. <\/strong><\/p>\n","protected":false},"excerpt":{"rendered":"<p>Zdj\u0119cia strony z \u201eRoznama Urdu Times\u201d. 29 pa\u017adziernika 2017 r. zorganizowano jednodniow\u0105 konferencj\u0119 pod nazw\u0105 Indo-Arabski Dzie\u0144 Solidarno\u015bci w mie\u015bcie Hyderabad w Indiach. Organizatorem by\u0142a Liga Indo-Arabska, organizacja pozarz\u0105dowa, a celem by\u0142o wyra\u017cenie solidarno\u015bci z Palesty\u0144czykami. Wcze\u015bniej, w rozmowie z reporterami 25 pa\u017adziernika, przewodnicz\u0105cy Ligi Indo-Arabskiej, Syed Vicaruddin zaoferowa\u0142 nieodp\u0142atnie ziemi\u0119 Palestynie na zbudowanie konsulatu [&hellip;]<\/p>\n","protected":false},"author":1,"featured_media":9810,"comment_status":"open","ping_status":"open","sticky":false,"template":"","format":"standard","meta":{"footnotes":""},"categories":[824,832,835,836],"tags":[],"class_list":["post-9809","post","type-post","status-publish","format-standard","has-post-thumbnail","hentry","category-specjalne-komunikaty","category-projekt-badan-nad-dzihadem-i-terroryzmem","category-archiwum","category-tematy"],"_links":{"self":[{"href":"https:\/\/www2.memri.org\/polish\/wp-json\/wp\/v2\/posts\/9809","targetHints":{"allow":["GET"]}}],"collection":[{"href":"https:\/\/www2.memri.org\/polish\/wp-json\/wp\/v2\/posts"}],"about":[{"href":"https:\/\/www2.memri.org\/polish\/wp-json\/wp\/v2\/types\/post"}],"author":[{"embeddable":true,"href":"https:\/\/www2.memri.org\/polish\/wp-json\/wp\/v2\/users\/1"}],"replies":[{"embeddable":true,"href":"https:\/\/www2.memri.org\/polish\/wp-json\/wp\/v2\/comments?post=9809"}],"version-history":[{"count":3,"href":"https:\/\/www2.memri.org\/polish\/wp-json\/wp\/v2\/posts\/9809\/revisions"}],"predecessor-version":[{"id":9833,"href":"https:\/\/www2.memri.org\/polish\/wp-json\/wp\/v2\/posts\/9809\/revisions\/9833"}],"wp:featuredmedia":[{"embeddable":true,"href":"https:\/\/www2.memri.org\/polish\/wp-json\/wp\/v2\/media\/9810"}],"wp:attachment":[{"href":"https:\/\/www2.memri.org\/polish\/wp-json\/wp\/v2\/media?parent=9809"}],"wp:term":[{"taxonomy":"category","embeddable":true,"href":"https:\/\/www2.memri.org\/polish\/wp-json\/wp\/v2\/categories?post=9809"},{"taxonomy":"post_tag","embeddable":true,"href":"https:\/\/www2.memri.org\/polish\/wp-json\/wp\/v2\/tags?post=9809"}],"curies":[{"name":"wp","href":"https:\/\/api.w.org\/{rel}","templated":true}]}}