{"id":9520,"date":"2017-08-30T00:46:25","date_gmt":"2017-08-29T22:46:25","guid":{"rendered":"http:\/\/www2.memri.org\/polish\/?p=9520"},"modified":"2017-09-01T00:48:00","modified_gmt":"2017-08-31T22:48:00","slug":"tygodnik-marokanski-atakuje-miejscowych-chrzescijan-prowokuja-terroryzm","status":"publish","type":"post","link":"https:\/\/www2.memri.org\/polish\/tygodnik-marokanski-atakuje-miejscowych-chrzescijan-prowokuja-terroryzm\/9520","title":{"rendered":"Tygodnik maroka\u0144ski atakuje miejscowych chrze\u015bcijan: prowokuj\u0105 terroryzm"},"content":{"rendered":"<p><em>3 kwietnia 2017 r. , przedstawiciele niedawno stworzonej organizacji Narodowa Wsp\u00f3\u0142praca Chrze\u015bcijan Maroka\u0144skich spotkali si\u0119 z przewodnicz\u0105cym Narodowej Rady Praw Cz\u0142owieka Maroka (CNDH), \u017ceby wyrazi\u0107 \u017c\u0105danie pe\u0142nych praw obywatelskich, Cztery dni p\u00f3\u017aniej wys\u0142ali list do premiera Maroka, Saadeddine\u2019a Othmaniego, w kt\u00f3rym wyszczeg\u00f3lnili swoje \u017c\u0105dania, w tym wolno\u015b\u0107 otwartego odprawiania nabo\u017ce\u0144stw w ko\u015bciele, zawierania ma\u0142\u017ce\u0144stw cywilnych lub chrze\u015bcija\u0144skich, po\u015bwi\u0119cania cmentarzy chrze\u015bcija\u0144skich, nadawania dzieciom imion chrze\u015bcija\u0144skich i zwolnienia z wymaganego przez rz\u0105d nauczania islamu w programach szkolnych<a name=\"_ednref1\"><\/a><a href=\"https:\/\/www.memri.org\/reports\/moroccan-weekly-attacks-local-christians-they-provoke-terrorism#_edn1\"><strong>[1]<\/strong><\/a>. \u00a0<\/em><\/p>\n<p><em>W odr\u00f3\u017cnieniu od chrze\u015bcijan zagranicznych, chrze\u015bcijanie maroka\u0144scy, kt\u00f3rych liczb\u0119 ocenia si\u0119 na kilka tysi\u0119cy<a name=\"_ednref2\"><\/a><a href=\"https:\/\/www.memri.org\/reports\/moroccan-weekly-attacks-local-christians-they-provoke-terrorism#_edn2\"><strong>[2]<\/strong><\/a> i wielu nowych konwertyt\u00f3w na chrze\u015bcija\u0144stwo, nie ma obecnie tych praw i s\u0105 traktowani pod wzgl\u0119dem prawnym jak muzu\u0142manie. Wed\u0142ug doniesie\u0144, s\u0105 zmuszeni do odprawiania nabo\u017ce\u0144stw w tajnych ko\u015bcio\u0142ach umieszczonych w prywatnych domach i cz\u0119sto s\u0105 aresztowani i przes\u0142uchiwani, je\u015bli pr\u00f3buj\u0105 otwarcie praktykowa\u0107 swoj\u0105 wiar\u0119<a name=\"_ednref3\"><\/a><a href=\"https:\/\/www.memri.org\/reports\/moroccan-weekly-attacks-local-christians-they-provoke-terrorism#_edn3\"><strong>[3]<\/strong><\/a>.<\/em><\/p>\n<p><em>Inicjatywa Wsp\u00f3\u0142pracy Narodowej wywo\u0142a\u0142a ca\u0142y wachlarz reakcji \u2013 neutralnych, pozytywnych i negatywnych \u2013 w mediach maroka\u0144skich. Szczeg\u00f3lnie zjadliwy by\u0142 artyku\u0142 opublikowany 6 maja 2017 r. w popularnym tygodniku arabskoj\u0119zycznym \u00a0\u201e<\/em><em>Al-Ousboue Assahafi\u201d<\/em><a name=\"_ednref4\"><\/a><a href=\"https:\/\/www.memri.org\/reports\/moroccan-weekly-attacks-local-christians-they-provoke-terrorism#_edn4\"><strong><em>[4]<\/em><\/strong><\/a><em> zatytu\u0142owany <\/em>Czy chrze\u015bcijanie maroka\u0144scy s\u0105 nie\u015bwiadomi tego, jak powsta\u0142o ISIS?<em> Autor artyku\u0142u atakuje i grozi nie wprost chrze\u015bcija\u0144skim dzia\u0142aczom, nazywaj\u0105c ich \u201capostatami&#8230; kt\u00f3rzy wol\u0105 by\u0107 niewolnikami Chrystusa ni\u017c s\u0142u\u017cy\u0107 Bogu i Prorokowi\u201d i pisze z\u0142owrogo: \u201ewszyscy wiemy, \u017ce Koran wymaga zabijania apostat\u00f3w\u201d. Twierdzi, \u017ce ISIS powsta\u0142o jako reakcja na ludzi takich jak chrze\u015bcijanie i dlatego oni powoduj\u0105 szerzenie si\u0119 terroryzmu w ich ojczy\u017anie. Pot\u0119pia tak\u017ce duchownych maroka\u0144skich za \u201emilczenie w sprawie zjawiska apostazji i herezji religijnej, kt\u00f3ra szerzy si\u0119 szybko w Maroku z powodu olbrzymich inwestycji finansowych Ko\u015bcio\u0142a w szerzenie religii chrze\u015bcija\u0144skiej\u201d.<\/em><\/p>\n<p><img loading=\"lazy\" decoding=\"async\" class=\"alignnone size-full wp-image-9523\" src=\"http:\/\/www2.memri.org\/polish\/wp-content\/uploads\/2017\/09\/SD7073_0-1.jpg\" width=\"442\" height=\"442\" alt=\"\" srcset=\"https:\/\/www2.memri.org\/polish\/wp-content\/uploads\/2017\/09\/SD7073_0-1.jpg 442w, https:\/\/www2.memri.org\/polish\/wp-content\/uploads\/2017\/09\/SD7073_0-1-150x150.jpg 150w, https:\/\/www2.memri.org\/polish\/wp-content\/uploads\/2017\/09\/SD7073_0-1-300x300.jpg 300w, https:\/\/www2.memri.org\/polish\/wp-content\/uploads\/2017\/09\/SD7073_0-1-420x420.jpg 420w, https:\/\/www2.memri.org\/polish\/wp-content\/uploads\/2017\/09\/SD7073_0-1-32x32.jpg 32w, https:\/\/www2.memri.org\/polish\/wp-content\/uploads\/2017\/09\/SD7073_0-1-50x50.jpg 50w, https:\/\/www2.memri.org\/polish\/wp-content\/uploads\/2017\/09\/SD7073_0-1-64x64.jpg 64w, https:\/\/www2.memri.org\/polish\/wp-content\/uploads\/2017\/09\/SD7073_0-1-96x96.jpg 96w, https:\/\/www2.memri.org\/polish\/wp-content\/uploads\/2017\/09\/SD7073_0-1-128x128.jpg 128w\" sizes=\"auto, (max-width: 442px) 100vw, 442px\" \/><\/p>\n<p><em>Nale\u017cy wspomnie\u0107, \u017ce podobne argumenty wysuwano w artykule z 11 maja 2017 r., zatytu\u0142owanym <\/em>Islam w Maroku jest zagro\u017cony, o Dow\u00f3dco Wiernych<em>, autorstwa w\u0142a\u015bciciela tygodnika, Mustafy Alaouiego, dziennikarza i pisarza, popularnie nazywanego \u201cdziekanem dziennikarzy maroka\u0144skich&#8221;<a name=\"_ednref5\"><\/a><a href=\"https:\/\/www.memri.org\/reports\/moroccan-weekly-attacks-local-christians-they-provoke-terrorism#_edn5\"><strong>[5]<\/strong><\/a>. W artykule tym oskar\u017cy\u0142 \u201czachodnie publikacje i strony internetowe\u201d o szerzenie propagandy misyjnej w Maroku i twierdzi\u0142, \u017ce Maroka\u0144czycy, kt\u00f3rzy nawr\u00f3cili si\u0119 na chrze\u015bcija\u0144stwo, jak r\u00f3wnie\u017c atei\u015bci, \u201ckt\u00f3rych koncepcje s\u0105 sprzeczne nawet z chrze\u015bcija\u0144stwem\u201d, prowadz\u0105 teraz kampani\u0119 o prawa i \u201coczerniaj\u0105 islam\u201d po\u015br\u00f3d milczenia \u201cs\u0142abych\u201d duchownych maroka\u0144skich. Ostrzeg\u0142 ponuro, \u017ce \u201ete warunki doprowadz\u0105 do pojawienia si\u0119 gniewnych grup, zdecydowanych na obron\u0119 honoru wiary islamskiej w Maroku\u201d. <\/em><\/p>\n<p><em>Poni\u017cej podajemy fragmenty artyku\u0142u z 6 maja<a name=\"_ednref6\"><\/a><a href=\"https:\/\/www.memri.org\/reports\/moroccan-weekly-attacks-local-christians-they-provoke-terrorism#_edn6\"><strong>[6]<\/strong><\/a>.<\/em><\/p>\n<p>Tak zwana \u201cNarodowa Wsp\u00f3\u0142praca Chrze\u015bcijan Maroka\u0144skich\u201d zaapelowa\u0142a do nowego premiera, Saadeddine\u2019a Othmaniego, prosz\u0105c go, by u\u0142atwi\u0142 przyznanie \u017c\u0105da\u0144, jakie wystosowa\u0142a do sekretarza generalnego Narodowej Rady Praw Cz\u0142owieka dotycz\u0105cych warunk\u00f3w miejsc poch\u00f3wku chrze\u015bcijan. Wszyscy wiemy, \u017ce cmentarze niewiernych chrze\u015bcijan ju\u017c istniej\u0105 w Maroku. Dlatego chrze\u015bcijanie maroka\u0144scy powinni pisa\u0107 do w\u0142asnego \u015bwi\u0119tego m\u0119\u017ca, papie\u017ca, o zgod\u0119 na grzebanie apostat\u00f3w maroka\u0144skich na kra\u0144cach cmentarzy chrze\u015bcija\u0144skich w Maroku.<\/p>\n<p>Wszyscy wiemy, \u017ce Koran wymaga zabijania apostat\u00f3w. Ci [chrze\u015bcijanie maroka\u0144scy] apostaci s\u0105 dzie\u0107mi muzu\u0142man\u00f3w, kt\u00f3rzy wyrzekli si\u0119 religii swoich ojc\u00f3w i porzucili islam, by zosta\u0107 chrze\u015bcijanami. Ci nowi chrze\u015bcijanie, kt\u00f3rzy zaapelowali do Dow\u00f3dcy Wiernych [kr\u00f3la Maroka], by przyzna\u0142 im prawo do apostazji, wydaj\u0105 si\u0119 nie zna\u0107 faktu, \u017ce ISIS powsta\u0142o jako reakcja na muzu\u0142man\u00f3w, kt\u00f3rzy bezczeszcz\u0105 warto\u015bci muzu\u0142ma\u0144skie [przez opuszczanie islamu]. Widzimy teraz tych Maroka\u0144czyk\u00f3w, urodzonych przez [rodzic\u00f3w o imionach takich jak] \u201eFatima\u201d i \u201eMohammed\u201d, og\u0142aszaj\u0105cych swoj\u0105 apostazj\u0119 i przej\u015bcie na religi\u0119 chrze\u015bcija\u0144sk\u0105.<\/p>\n<p>Z drugiej strony, jest dobrze znanym faktem, \u017ce \u017bydzi nie akceptuj\u0105 konwertyt\u00f3w z islamu, poniewa\u017c nie pozwala na to religia \u017cydowska. [Trzeba wi\u0119c wywnioskowa\u0107, \u017ce] ka\u017cdy, kto rezygnuje z religii swoich ojc\u00f3w, by do\u0142\u0105czy\u0107 do nowej, jest jedynie oportunist\u0105, kt\u00f3rego kusz\u0105 fundusze, jakie Ko\u015bci\u00f3\u0142 chrze\u015bcija\u0144ski przeznacza na przyci\u0105ganie muzu\u0142man\u00f3w.<\/p>\n<p>Maroko nie potrzebuje wi\u0119cej podzia\u0142\u00f3w. Secesja religijna og\u0142oszona przez t\u0119 grup\u0119 agent\u00f3w Ko\u015bcio\u0142a, kt\u00f3rzy wol\u0105 by\u0107 niewolnikami Chrystusa ni\u017c s\u0142u\u017cy\u0107 Bogu i jego Prorokowi, prowokuje szerzenie si\u0119 terroryzmu. Niestety, ulemowie [duchowni muzu\u0142ma\u0144scy], kt\u00f3rzy s\u0105 stra\u017cnikami biura Dow\u00f3dcy Wiernych, milcz\u0105 w sprawie zjawiska apostazji i herezji religijnej, kt\u00f3ra szerzy si\u0119 szybko w Maroku z powodu olbrzymich inwestycji finansowych Ko\u015bcio\u0142a w szerzenie religii chrze\u015bcija\u0144skiej.<\/p>\n<p>&nbsp;<\/p>\n<p><a name=\"_edn1\"><\/a><a href=\"https:\/\/www.memri.org\/reports\/moroccan-weekly-attacks-local-christians-they-provoke-terrorism#_ednref1\">[1]<\/a> Alyaoum24.com, April 4, 2017; febrayer.com, no date.<a name=\"_edn2\"><\/a><br \/>\n<a href=\"https:\/\/www.memri.org\/reports\/moroccan-weekly-attacks-local-christians-they-provoke-terrorism#_ednref2\">[2]<\/a> State.gov\/documents\/organization\/256493.pdf.<a name=\"_edn3\"><\/a><br \/>\n<a href=\"https:\/\/www.memri.org\/reports\/moroccan-weekly-attacks-local-christians-they-provoke-terrorism#_ednref3\">[3]<\/a> Usnews.com, September 30, 2015.<a name=\"_edn4\"><\/a><br \/>\n<a href=\"https:\/\/www.memri.org\/reports\/moroccan-weekly-attacks-local-christians-they-provoke-terrorism#_ednref4\">[4]<\/a> Founded in 1965, <em>Al-Ousboue Assahafi<\/em> is Morocco\u2019s oldest nonpartisan Arabic-language news weekly. It is sold in Morocco and in France, and is very widely read in both paper and digital format; its Facebook page has over two million followers. Its reporting frequently takes a sensationalist tone.<a name=\"_edn5\"><\/a><br \/>\n<a href=\"https:\/\/www.memri.org\/reports\/moroccan-weekly-attacks-local-christians-they-provoke-terrorism#_ednref5\">[5]<\/a> In 2013 Alaoui was hosted in a weekly show on France 24 featuring \u201cnotable Arab personalities\u201d (France24.com, March 29, 2013). He has been criticized as being anti-Berber in some of his writings through the years. (See e.g., amazighworld.org\/history\/amazighophobia\/morocco\/malaoui\/malaoui.php).<a name=\"_edn6\"><\/a><br \/>\n<a href=\"https:\/\/www.memri.org\/reports\/moroccan-weekly-attacks-local-christians-they-provoke-terrorism#_ednref6\">[vi]<\/a> Alousboue.com, May 6, 2017.<\/p>\n<p><strong>If you wish to reply, please send your email to <\/strong><strong>memri@memrieurope.org<\/strong><strong>. <\/strong><\/p>\n<p>&nbsp;<\/p>\n","protected":false},"excerpt":{"rendered":"<p>3 kwietnia 2017 r. , przedstawiciele niedawno stworzonej organizacji Narodowa Wsp\u00f3\u0142praca Chrze\u015bcijan Maroka\u0144skich spotkali si\u0119 z przewodnicz\u0105cym Narodowej Rady Praw Cz\u0142owieka Maroka (CNDH), \u017ceby wyrazi\u0107 \u017c\u0105danie pe\u0142nych praw obywatelskich, Cztery dni p\u00f3\u017aniej wys\u0142ali list do premiera Maroka, Saadeddine\u2019a Othmaniego, w kt\u00f3rym wyszczeg\u00f3lnili swoje \u017c\u0105dania, w tym wolno\u015b\u0107 otwartego odprawiania nabo\u017ce\u0144stw w ko\u015bciele, zawierania ma\u0142\u017ce\u0144stw cywilnych [&hellip;]<\/p>\n","protected":false},"author":1,"featured_media":9521,"comment_status":"open","ping_status":"open","sticky":false,"template":"","format":"standard","meta":{"footnotes":""},"categories":[824,835],"tags":[],"class_list":["post-9520","post","type-post","status-publish","format-standard","has-post-thumbnail","hentry","category-specjalne-komunikaty","category-archiwum"],"_links":{"self":[{"href":"https:\/\/www2.memri.org\/polish\/wp-json\/wp\/v2\/posts\/9520","targetHints":{"allow":["GET"]}}],"collection":[{"href":"https:\/\/www2.memri.org\/polish\/wp-json\/wp\/v2\/posts"}],"about":[{"href":"https:\/\/www2.memri.org\/polish\/wp-json\/wp\/v2\/types\/post"}],"author":[{"embeddable":true,"href":"https:\/\/www2.memri.org\/polish\/wp-json\/wp\/v2\/users\/1"}],"replies":[{"embeddable":true,"href":"https:\/\/www2.memri.org\/polish\/wp-json\/wp\/v2\/comments?post=9520"}],"version-history":[{"count":2,"href":"https:\/\/www2.memri.org\/polish\/wp-json\/wp\/v2\/posts\/9520\/revisions"}],"predecessor-version":[{"id":9524,"href":"https:\/\/www2.memri.org\/polish\/wp-json\/wp\/v2\/posts\/9520\/revisions\/9524"}],"wp:featuredmedia":[{"embeddable":true,"href":"https:\/\/www2.memri.org\/polish\/wp-json\/wp\/v2\/media\/9521"}],"wp:attachment":[{"href":"https:\/\/www2.memri.org\/polish\/wp-json\/wp\/v2\/media?parent=9520"}],"wp:term":[{"taxonomy":"category","embeddable":true,"href":"https:\/\/www2.memri.org\/polish\/wp-json\/wp\/v2\/categories?post=9520"},{"taxonomy":"post_tag","embeddable":true,"href":"https:\/\/www2.memri.org\/polish\/wp-json\/wp\/v2\/tags?post=9520"}],"curies":[{"name":"wp","href":"https:\/\/api.w.org\/{rel}","templated":true}]}}