{"id":9336,"date":"2017-08-07T23:48:46","date_gmt":"2017-08-07T21:48:46","guid":{"rendered":"http:\/\/www2.memri.org\/polish\/?p=9336"},"modified":"2017-08-07T23:48:46","modified_gmt":"2017-08-07T21:48:46","slug":"publicysta-saudyjski-widok-bylego-premiera-w-wiezieniu-ilustruje-wyzszosc-izraelskiego-systemu-sprawiedliwosci-nad-arabskim","status":"publish","type":"post","link":"https:\/\/www2.memri.org\/polish\/publicysta-saudyjski-widok-bylego-premiera-w-wiezieniu-ilustruje-wyzszosc-izraelskiego-systemu-sprawiedliwosci-nad-arabskim\/9336","title":{"rendered":"Publicysta saudyjski: widok by\u0142ego premiera w wi\u0119zieniu ilustruje wy\u017cszo\u015b\u0107 izraelskiego systemu sprawiedliwo\u015bci nad arabskim"},"content":{"rendered":"<p><em>19 lipca 2017r. w gazecie saudyjskiej \u201c<\/em><em>Al-Jazirah\u201d publicysta, dr Jasser Al-Harbasz, chwali\u0142 izraelski system sprawiedliwo\u015bci, kt\u00f3ry mo\u017ce postawi\u0107 przed s\u0105dem a tak\u017ce skaza\u0107 na wi\u0119zienie wysokich oficjeli pa\u0144stwowych. Twierdzi\u0142, \u017ce jest to jedna z przewag Izraela nad krajami arabskimi, kt\u00f3re charakteryzuje niesprawiedliwo\u015b\u0107, niszcz\u0105ca ich wiarygodno\u015b\u0107 w oczach \u015bwiata i s\u0142u\u017c\u0105ca interesom izraelskiego \u201cciemi\u0119\u017ccy\u201d.<\/em><\/p>\n<p><img loading=\"lazy\" decoding=\"async\" class=\"alignnone size-full wp-image-9339\" src=\"http:\/\/www2.memri.org\/polish\/wp-content\/uploads\/2017\/08\/AlHarbash_0-1.jpg\" width=\"437\" height=\"430\" alt=\"\" srcset=\"https:\/\/www2.memri.org\/polish\/wp-content\/uploads\/2017\/08\/AlHarbash_0-1.jpg 437w, https:\/\/www2.memri.org\/polish\/wp-content\/uploads\/2017\/08\/AlHarbash_0-1-300x295.jpg 300w, https:\/\/www2.memri.org\/polish\/wp-content\/uploads\/2017\/08\/AlHarbash_0-1-427x420.jpg 427w, https:\/\/www2.memri.org\/polish\/wp-content\/uploads\/2017\/08\/AlHarbash_0-1-32x32.jpg 32w, https:\/\/www2.memri.org\/polish\/wp-content\/uploads\/2017\/08\/AlHarbash_0-1-50x50.jpg 50w, https:\/\/www2.memri.org\/polish\/wp-content\/uploads\/2017\/08\/AlHarbash_0-1-64x64.jpg 64w\" sizes=\"auto, (max-width: 437px) 100vw, 437px\" \/><\/p>\n<p><em>Dr Jasser Al-Harbasz <\/em>(Zdj\u0119cie: almnatiq.net)<\/p>\n<p><em>Poni\u017cej podajemy fragmenty jego artyku\u0142u<a name=\"_ednref1\"><\/a><a href=\"https:\/\/www.memri.org\/reports\/al-harbash-praises-israeli-justice-system#_edn1\">[1]<\/a>:<\/em><\/p>\n<p>Kiedy obywatel jest pewien, \u017ce otrzymuje to, na co zas\u0142uguje w kategoriach edukacji, zdrowia, zatrudnienia i warunk\u00f3w \u017cycia, mo\u017ce swobodnie koncentrowa\u0107 si\u0119 i oferowa\u0107 ojczy\u017anie najlepsz\u0105 [s\u0142u\u017cb\u0119] zgodnie ze swoimi umiej\u0119tno\u015bciami i zdolno\u015bciami. Dlatego [niekt\u00f3re] spo\u0142ecze\u0144stwa przewy\u017cszaj\u0105 inne, [to jest] tajemnic\u0105 przewagi tworu syjonistycznego nad jego s\u0105siadami. Pe\u0142en niepokoju obywatel, kt\u00f3ry jest zaj\u0119ty [zaspokajaniem] swoich podstawowych potrzeb, nie mo\u017ce doda\u0107 niczego warto\u015bciowego [spo\u0142ecze\u0144stwu], poniewa\u017c jego my\u015bli sparali\u017cowane s\u0105 zmartwieniami o podstawowe potrzeby codzienne.<\/p>\n<p>Ehud Olmert by\u0142 premierem Izraela, a przedtem burmistrzem Jerozolimy, ale jego historia s\u0142u\u017cby swojemu narodowi nie pomog\u0142a mu, kiedy zosta\u0142 skazany za fa\u0142szerstwo i oszustwo, i zosta\u0142 skazany na trzy lata wi\u0119zienia. Przed Olmertem [Izraelczycy] uwi\u0119zili prezydenta swojego kraju, [Moszego] Kacawa, za n\u0119kanie seksualne urz\u0119dniczki w swoim biurze, kiedy zosta\u0142 skazany za gwa\u0142t.<\/p>\n<p>Kiedy obywatel widzi jedn\u0105 z najwa\u017cniejszych postaci [w swoim kraju] prowadzon\u0105 do wi\u0119zienia, mo\u017ce wystawi\u0107 \u015bwiatu palec i powiedzie\u0107: \u201cTutaj mamy sprawiedliwo\u015b\u0107!\u201d Zbadaj jednak i por\u00f3wnaj nasze spo\u0142ecze\u0144stwo do spo\u0142ecze\u0144stwa naszych s\u0105siad\u00f3w. Kiedy zobaczy\u0142em by\u0142ego premiera \u017cydowskiego w jego ma\u0142ej celi (z kt\u00f3rej zosta\u0142 zwolniony po odsiedzeniu dw\u00f3ch trzecich wyroku), odwr\u00f3ci\u0142em wzrok, nie dlatego, \u017ce litowa\u0142em si\u0119 nad nim, ale poniewa\u017c przypomnia\u0142 mi o r\u00f3\u017cnicy mi\u0119dzy sprawiedliwo\u015bci\u0105 w spo\u0142ecze\u0144stwie ciemi\u0119\u017ccy [pa\u0144stwa Izrael] a niesprawiedliwo\u015bci\u0105 w spo\u0142ecze\u0144stwie ofiar [Arab\u00f3w] jakie je otacza. Ciemi\u0119\u017cca ma tw\u00f3r [Izrael], kt\u00f3ry [charakteryzuje si\u0119] solidarno\u015bci\u0105 i opiera na \u015bcis\u0142ym stosowaniu prawa wobec obywateli \u017cydowskich w [kraju] i poza nim, i [to pozwala mu] na lekcewa\u017cenie mi\u0119dzynarodowych twierdze\u0144, \u017ce zachowuje si\u0119 w spos\u00f3b niesprawiedliwy i dyskryminuj\u0105cy wobec innych. [Izrael] jest zawsze postrzegany przez \u015bwiat jako honorowy z powodu z\u0142ej sytuacji jego s\u0105siad\u00f3w, od zacofania w nauce do dyskryminacji klasowej i niszcz\u0105cych wojen wewn\u0119trznych.<\/p>\n<p>\u017baden prawnik arabski nie mo\u017ce przekona\u0107 forum mi\u0119dzynarodowego o zasadno\u015bci problemu Arab\u00f3w palesty\u0144skich, [poniewa\u017c] \u017byd najni\u017cszej [pozycji], kt\u00f3ry jest obecny, zapyta: jak \u015bmiesz oskar\u017ca\u0107 Izrael o niesprawiedliwo\u015b\u0107 w \u015bwietle sytuacji, jaka panuje w waszych spo\u0142ecze\u0144stwach arabskich?<\/p>\n<p>Widok Ehuda Olmerta, by\u0142ego premiera, pochylaj\u0105cego g\u0142ow\u0119 w izolatce wi\u0119ziennej, tylko dlatego, \u017ce [zosta\u0142 skazany za] defraudacj\u0119, ujmuje r\u00f3\u017cnic\u0119 mi\u0119dzy [spo\u0142ecze\u0144stwem charakteryzuj\u0105cym si\u0119] solidarno\u015bci\u0105, a [spo\u0142ecze\u0144stwem charakteryzuj\u0105cym si\u0119] terrorem i chaosem oraz mi\u0119dzy zwyci\u0119stwem a pora\u017ck\u0105.<\/p>\n<p>&nbsp;<\/p>\n<p><a name=\"_edn1\"><\/a><a href=\"#_ednref1\">[1]<\/a>\u201dAl-Jazirah\u201d, Arabia Saudyjska, 19 lipca 2017.<\/p>\n<p><strong>\u00a0<\/strong><\/p>\n<p><strong>If you wish to reply, please send your email to <\/strong><strong>memri@memrieurope.org<\/strong><strong>. <\/strong><\/p>\n","protected":false},"excerpt":{"rendered":"<p>19 lipca 2017r. w gazecie saudyjskiej \u201cAl-Jazirah\u201d publicysta, dr Jasser Al-Harbasz, chwali\u0142 izraelski system sprawiedliwo\u015bci, kt\u00f3ry mo\u017ce postawi\u0107 przed s\u0105dem a tak\u017ce skaza\u0107 na wi\u0119zienie wysokich oficjeli pa\u0144stwowych. Twierdzi\u0142, \u017ce jest to jedna z przewag Izraela nad krajami arabskimi, kt\u00f3re charakteryzuje niesprawiedliwo\u015b\u0107, niszcz\u0105ca ich wiarygodno\u015b\u0107 w oczach \u015bwiata i s\u0142u\u017c\u0105ca interesom izraelskiego \u201cciemi\u0119\u017ccy\u201d. Dr Jasser [&hellip;]<\/p>\n","protected":false},"author":1,"featured_media":9337,"comment_status":"open","ping_status":"open","sticky":false,"template":"","format":"standard","meta":{"footnotes":""},"categories":[824,835],"tags":[],"class_list":["post-9336","post","type-post","status-publish","format-standard","has-post-thumbnail","hentry","category-specjalne-komunikaty","category-archiwum"],"_links":{"self":[{"href":"https:\/\/www2.memri.org\/polish\/wp-json\/wp\/v2\/posts\/9336","targetHints":{"allow":["GET"]}}],"collection":[{"href":"https:\/\/www2.memri.org\/polish\/wp-json\/wp\/v2\/posts"}],"about":[{"href":"https:\/\/www2.memri.org\/polish\/wp-json\/wp\/v2\/types\/post"}],"author":[{"embeddable":true,"href":"https:\/\/www2.memri.org\/polish\/wp-json\/wp\/v2\/users\/1"}],"replies":[{"embeddable":true,"href":"https:\/\/www2.memri.org\/polish\/wp-json\/wp\/v2\/comments?post=9336"}],"version-history":[{"count":2,"href":"https:\/\/www2.memri.org\/polish\/wp-json\/wp\/v2\/posts\/9336\/revisions"}],"predecessor-version":[{"id":9340,"href":"https:\/\/www2.memri.org\/polish\/wp-json\/wp\/v2\/posts\/9336\/revisions\/9340"}],"wp:featuredmedia":[{"embeddable":true,"href":"https:\/\/www2.memri.org\/polish\/wp-json\/wp\/v2\/media\/9337"}],"wp:attachment":[{"href":"https:\/\/www2.memri.org\/polish\/wp-json\/wp\/v2\/media?parent=9336"}],"wp:term":[{"taxonomy":"category","embeddable":true,"href":"https:\/\/www2.memri.org\/polish\/wp-json\/wp\/v2\/categories?post=9336"},{"taxonomy":"post_tag","embeddable":true,"href":"https:\/\/www2.memri.org\/polish\/wp-json\/wp\/v2\/tags?post=9336"}],"curies":[{"name":"wp","href":"https:\/\/api.w.org\/{rel}","templated":true}]}}