{"id":9015,"date":"2017-06-12T23:12:02","date_gmt":"2017-06-12T21:12:02","guid":{"rendered":"http:\/\/www2.memri.org\/polish\/?p=9015"},"modified":"2017-06-13T23:46:04","modified_gmt":"2017-06-13T21:46:04","slug":"general-marynarki-irgc-pomyslcie-o-300-uzbrojonych-szybkich-lodziach-z-rakietami-katiusza-zblizajacymi-sie-do-lotniskowca-z-szybkoscia-130-kmgodzine-kto-zwyciezy","status":"publish","type":"post","link":"https:\/\/www2.memri.org\/polish\/general-marynarki-irgc-pomyslcie-o-300-uzbrojonych-szybkich-lodziach-z-rakietami-katiusza-zblizajacymi-sie-do-lotniskowca-z-szybkoscia-130-kmgodzine-kto-zwyciezy\/9015","title":{"rendered":"Genera\u0142 marynarki IRGC: \u201cPomy\u015blcie o 300 uzbrojonych, szybkich \u0142odziach z [rakietami] katiusza, zbli\u017caj\u0105cymi si\u0119 do [lotniskowca] z szybko\u015bci\u0105 130 km\/godzin\u0119 \u2013 kto zwyci\u0119\u017cy?\u201d \u00a0"},"content":{"rendered":"<p><em>Wypowiadaj\u0105c si\u0119 12 maja 2017 r. genera\u0142 Ahmad Mousavi, dow\u00f3dca jednostki specjalnych si\u0142 morskich Korpusu Stra\u017cnik\u00f3w Rewolucji Islamskiej Iranu (IRGC), przedstawi\u0142 strategi\u0119 marynarki IRGC do atakowania lotniskowc\u00f3w ameryka\u0144skich w Zatoce. Gen. Mousavi przemawia\u0142 z okazji pierwszej rocznicy \u015bmierci Mohammada Nazeriego, wysokiego oficera i za\u0142o\u017cyciela jednostki specjalnej marynarki IRGC, kt\u00f3ry wyszkoli\u0142 wielu najwy\u017cszych dow\u00f3dc\u00f3w IRGC. Sugeruje on, \u017ce \u015bmier\u0107 Nazeriego mog\u0142a by\u0107 rezultatem u\u017cycia broni chemicznej, co r\u00f3\u017cni si\u0119 od innych doniesie\u0144, w kt\u00f3rych twierdzono, \u017ce zmar\u0142 on z powodu zawa\u0142u serca. \u00a0\u00a0<\/em><\/p>\n<p><em>Wed\u0142ug genera\u0142 Mousaviego, Nazeri szkoli\u0142 tak\u017ce komandos\u00f3w w armii syryjskiej i w Hezbollahu. Mousavi powiedzia\u0142, \u017ce dzisiaj wszystkie okr\u0119ty ira\u0144skie z Iranu, kieruj\u0105ce si\u0119 do Afryki i Sri Lanki, maj\u0105 na pok\u0142adzie si\u0142y Basid\u017c i Ira\u0144skich Stra\u017cy Okr\u0119towej jako cz\u0119\u015b\u0107 dziedzictwa Nazeriego. <\/em><\/p>\n<p><em>Genera\u0142 Mousavi podkre\u015bli\u0142 w swojej wypowiedzi, \u017ce Amerykanie nie maj\u0105 odpowiedzi na strategi\u0119 IRGC atakowania lotniskowc\u00f3w \u2013 z udzia\u0142em setek uzbrojonych, szybkich \u0142odzi, poruszaj\u0105cych si\u0119 z wielk\u0105 pr\u0119dko\u015bci\u0105 \u2013 i powiedzia\u0142, \u017ce IRGC postanowi\u0142 najpierw zaatakowa\u0107 lotniskowce ameryka\u0144skie, poniewa\u017c stanowi\u0105 one baz\u0119 logistyczn\u0105. <\/em><\/p>\n<p><img loading=\"lazy\" decoding=\"async\" class=\"alignnone size-full wp-image-9018\" src=\"http:\/\/www2.memri.org\/polish\/wp-content\/uploads\/2017\/06\/Mousavi.jpg\" width=\"250\" height=\"150\" alt=\"\" \/><br \/>\nGen. Ahmad Mousavi, dow\u00f3dca specjalnych si\u0142 morskich IRGC. \u0179r\u00f3d\u0142o: Fars (Iran).<\/p>\n<p><em>Poni\u017cej podajemy g\u0142\u00f3wne punkty z doniesienia o wyst\u0105pieniu genera\u0142a Mousaviego opublikowanego przez zwi\u0105zan\u0105 z IRGC agencje informacyjn\u0105 Fars: <\/em><\/p>\n<p>&#8222;Genera\u0142 Ahmad Mousavi, oficer jednostki si\u0142 specjalnych IRGC, powiedzia\u0142: \u2018Chcemy bardzo szybkich \u0142odzi, poniewa\u017c szybko\u015b\u0107 lotniskowca wroga [ameryka\u0144skiego] wynosi najwy\u017cej 40 km\/godzin\u0119. Pomy\u015blcie teraz o 300 uzbrojonych, szybkich \u0142odziach z [rakietami] katiusza, zbli\u017caj\u0105cymi si\u0119 do [lotniskowca] z szybko\u015bci\u0105 130 km\/godzin\u0119. Kto zwyci\u0119\u017cy? Lotniskowiec wroga dostarcza paliwo, amunicj\u0119, prycze [dla \u017co\u0142nierzy] i hangar dla samolot\u00f3w. [Dlatego] najpierw zaatakujemy te okr\u0119ty\u2019.<\/p>\n<p>Cz\u0142onek Po\u0142\u0105czonych Szef\u00f3w Sztabu zauwa\u017cy\u0142, \u017ce [Amerykanie] nie maj\u0105 odpowiedzi na t\u0119 strategi\u0119, poniewa\u017c z pewnej odleg\u0142o\u015bci ich radary nie mog\u0105 wykry\u0107 [naszych] szybkich \u0142odzi\u201d.<\/p>\n<p><strong>Nazeri powiedzia\u0142 dow\u00f3dcy syryjskich komandos\u00f3w morskich: Wyszkol\u0119 wam [jednostk\u0119] morskich komandos\u00f3w o nazwie \u201cSi\u0142y specjalne marynarki syryjskiej\u201d <\/strong><\/p>\n<p>&#8222;M\u0119czennik Mohammad Nazeri, [dow\u00f3dca] jednostki komandos\u00f3w w marynarce IRGC, chcia\u0142 szkoli\u0107 pewnych ludzi, \u017ceby byli zdolni do wype\u0142nienia niekt\u00f3rych rozkaz\u00f3w Przyw\u00f3dcy \u00a0[Alego Chameneiego] dotycz\u0105cych walki z Ameryk\u0105 i celowa\u0142 w tym\u2026 Nazeri by\u0142 wielostronnym cz\u0142owiekiem, kt\u00f3ry sp\u0119dza\u0142 wiele czasu na badaniu armii \u015bwiata i bada\u0142, jak fizycznie wzmocni\u0107 zdolno\u015bci bojowe ludzi\u2026<\/p>\n<p>Genera\u0142 Nazeri po\u015bwi\u0119ca\u0142 specjaln\u0105 uwag\u0119 Syryjczykom. Opowiada\u0142 jak, kiedy przyby\u0142 do Syrii, wita\u0142 go w Tartus z wielkimi honorami dow\u00f3dca si\u0142 komandos\u00f3w morskich, genera\u0142 Muhammad. Dlatego, kiedy si\u0142y [syryjskie] przyb\u0119d\u0105 tutaj [do Iranu], powinny zosta\u0107 dobrze przyj\u0119te.<\/p>\n<p>Pewne si\u0142y syryjskie przyby\u0142y do Had\u017c Mohammada [Nazeriego] w celu odbycia szkolenia i po trzech miesi\u0105cach sta\u0142y si\u0119 jednostka komandos\u00f3w morskich. W tym samym czasie Had\u017c Mohammad wys\u0142a\u0142 informacj\u0119 do syryjskich [si\u0142 komandos\u00f3w morskich], m\u00f3wi\u0105c\u0105: 'Wyszkol\u0119 wam [jednostk\u0119] morskich komandos\u00f3w o nazwie \u201cSi\u0142y specjalne marynarki syryjskiej\u2019. \u00a0Przypi\u0105\u0142 taki znaczek do ich mundur\u00f3w i wys\u0142a\u0142 ich do ich dow\u00f3dcy, genera\u0142a \u00a0Muhammada. Dow\u00f3dca syryjski wys\u0142a\u0142 odpowied\u017a do Had\u017c Mohammada [Nazeriego], dzi\u0119kuj\u0105c mu.<\/p>\n<p>M\u0119czennik Nazeri bardzo chcia\u0142 wzmocnienia potegi Iranu. Kiedy za\u0142o\u017cono Hezbollah, za czas\u00f3w m\u0119czennika 'Abbasa Mousaviego [dow\u00f3dcy Hezbollahu zabitego przez Izrael], genera\u0142 Nazeri przyby\u0142 do Baalbek [w Libanie w pobli\u017cu granicy syryjskiej], i tam wybra\u0142 grup\u0119 wed\u0142ug [budowy] cia\u0142a, sprowadzi\u0142 tych ludzi do Iranu i wyszkoli\u0142 ich. To jest, genera\u0142 Nazeri wyszkoli\u0142 pierwsz\u0105 grup\u0119 [komandos\u00f3w] Hezbollahu\u201d.<\/p>\n<p><strong>&#8222;Dzisiaj ka\u017cdy okr\u0119t p\u0142yn\u0105cy z Iranu do Afryki, Sri Lanki i tak dalej ma na pok\u0142adzie si\u0142y [Basid\u017c] Had\u017ca Mohammada&#8221;<\/strong><\/p>\n<p>&#8222;Had\u017c Mohammad [Nazeri] chcia\u0142 wyeliminowa\u0107 s\u0142abe punkty przez ci\u0105g\u0142e szkolenie. Zebra\u0142 [ludzi] Basid\u017c dzia\u0142aj\u0105cych w ca\u0142ym Iranie i w ten spos\u00f3b stworzy\u0142 Specjalne Basid\u017c i [jednostki] Stra\u017cy Okr\u0119towej. Dzisiaj ka\u017cdy okr\u0119t p\u0142yn\u0105cy z Iranu do Afryki, Sri Lanki i tak dalej ma na pok\u0142adzie si\u0142y Had\u017ca Mohammada&#8230;&#8221;<a name=\"_ednref1\"><\/a><a href=\"https:\/\/www.memri.org\/reports\/irgc-commander-on-strategy-for-attacking-us-vessels#_edn1\">[1]<\/a><\/p>\n<p><img loading=\"lazy\" decoding=\"async\" class=\"alignnone size-full wp-image-9019\" src=\"http:\/\/www2.memri.org\/polish\/wp-content\/uploads\/2017\/06\/Nazeri.jpg\" width=\"600\" height=\"418\" alt=\"\" srcset=\"https:\/\/www2.memri.org\/polish\/wp-content\/uploads\/2017\/06\/Nazeri.jpg 600w, https:\/\/www2.memri.org\/polish\/wp-content\/uploads\/2017\/06\/Nazeri-300x209.jpg 300w, https:\/\/www2.memri.org\/polish\/wp-content\/uploads\/2017\/06\/Nazeri-100x70.jpg 100w\" sizes=\"auto, (max-width: 600px) 100vw, 600px\" \/><br \/>\n<em>Had\u017c Mohammad Nazeri (Fars, Iran, 12 maja 2017) <\/em><\/p>\n<p>&#8222;11 maja 2016 r., po og\u0142oszeniu o \u015bmierci Nazeriego, zast\u0119pca dow\u00f3dcy marynarki IRGC, 'Alireza Tangsiri, poda\u0142 wi\u0119cej szczeg\u00f3\u0142\u00f3w o jego \u015bmierci i jego dzia\u0142alno\u015bci: \u2018Wykonuj\u0105c misj\u0119 w regionie Naze&#8217;at region [region czterech wysp w pobli\u017cu Cie\u015bniny Ormuz], genera\u0142 Mohammad Nazeri zosta\u0142 m\u0119czennikiem z powodu choroby chemicznej&#8230; Genera\u0142 Nazeri uczestniczy\u0142 w zatrzymaniu [si\u0142] ameryka\u0144skich i angielskich, kt\u00f3re naje\u017cd\u017ca\u0142y terytorium ira\u0144skie w Zatoce Perskiej&#8230; Nazeri by\u0142 w\u015br\u00f3d walcz\u0105cych w o\u015bmioletnim ataku \u015awi\u0119tej Obrony [tj. wojnie Iran-Irak, 1980-88]. By\u0142 zaprawionym w boju i profesjonalnym dow\u00f3dca w marynarce IRGC i s\u0142u\u017cy\u0142\u2026 w jednostce piechoty powietrznej [IRGC], a tak\u017ce wyprawia\u0142 okr\u0119ty marynarki IRGC, by zapewni\u0107 bezpiecze\u0144stwo statkom i \u0142odziom przep\u0142ywaj\u0105cym przez Zatok\u0119 Aden w ostatnich latach.<\/p>\n<p>Ponadto odgrywa\u0142 wybitn\u0105 rol\u0119 w szkoleniu si\u0142 komandos\u00f3w w marynarce IRGC&#8221;.<\/p>\n<p><img loading=\"lazy\" decoding=\"async\" class=\"alignnone size-full wp-image-9020\" src=\"http:\/\/www2.memri.org\/polish\/wp-content\/uploads\/2017\/06\/Nazeri2.jpg\" width=\"571\" height=\"396\" alt=\"\" srcset=\"https:\/\/www2.memri.org\/polish\/wp-content\/uploads\/2017\/06\/Nazeri2.jpg 571w, https:\/\/www2.memri.org\/polish\/wp-content\/uploads\/2017\/06\/Nazeri2-300x208.jpg 300w, https:\/\/www2.memri.org\/polish\/wp-content\/uploads\/2017\/06\/Nazeri2-100x70.jpg 100w, https:\/\/www2.memri.org\/polish\/wp-content\/uploads\/2017\/06\/Nazeri2-218x150.jpg 218w\" sizes=\"auto, (max-width: 571px) 100vw, 571px\" \/><br \/>\n<em>Mohammad Nazeri (Fars, Iran, 11 maja 2016) <\/em><\/p>\n<p><img loading=\"lazy\" decoding=\"async\" class=\"alignnone size-full wp-image-9021\" src=\"http:\/\/www2.memri.org\/polish\/wp-content\/uploads\/2017\/06\/Nazeri3-1.jpg\" width=\"600\" height=\"418\" alt=\"\" srcset=\"https:\/\/www2.memri.org\/polish\/wp-content\/uploads\/2017\/06\/Nazeri3-1.jpg 600w, https:\/\/www2.memri.org\/polish\/wp-content\/uploads\/2017\/06\/Nazeri3-1-300x209.jpg 300w, https:\/\/www2.memri.org\/polish\/wp-content\/uploads\/2017\/06\/Nazeri3-1-100x70.jpg 100w\" sizes=\"auto, (max-width: 600px) 100vw, 600px\" \/><br \/>\n<em>Nazeri z komandosami ira\u0144skimi (Fars, Iran, 11 maja 2016) <\/em><\/p>\n<p><a name=\"_edn1\"><\/a><a href=\"#_ednref1\">[1]<\/a> Fars (Iran), 12 maja 2017.<\/p>\n<p><strong>\u00a0<\/strong><\/p>\n<p><strong>If you wish to reply, please send your email to <\/strong><strong>memri@memrieurope.org<\/strong><strong>. <\/strong><\/p>\n","protected":false},"excerpt":{"rendered":"<p>Wypowiadaj\u0105c si\u0119 12 maja 2017 r. genera\u0142 Ahmad Mousavi, dow\u00f3dca jednostki specjalnych si\u0142 morskich Korpusu Stra\u017cnik\u00f3w Rewolucji Islamskiej Iranu (IRGC), przedstawi\u0142 strategi\u0119 marynarki IRGC do atakowania lotniskowc\u00f3w ameryka\u0144skich w Zatoce. Gen. Mousavi przemawia\u0142 z okazji pierwszej rocznicy \u015bmierci Mohammada Nazeriego, wysokiego oficera i za\u0142o\u017cyciela jednostki specjalnej marynarki IRGC, kt\u00f3ry wyszkoli\u0142 wielu najwy\u017cszych dow\u00f3dc\u00f3w IRGC. Sugeruje [&hellip;]<\/p>\n","protected":false},"author":1,"featured_media":9016,"comment_status":"open","ping_status":"open","sticky":false,"template":"","format":"standard","meta":{"footnotes":""},"categories":[824,835],"tags":[],"class_list":["post-9015","post","type-post","status-publish","format-standard","has-post-thumbnail","hentry","category-specjalne-komunikaty","category-archiwum"],"_links":{"self":[{"href":"https:\/\/www2.memri.org\/polish\/wp-json\/wp\/v2\/posts\/9015","targetHints":{"allow":["GET"]}}],"collection":[{"href":"https:\/\/www2.memri.org\/polish\/wp-json\/wp\/v2\/posts"}],"about":[{"href":"https:\/\/www2.memri.org\/polish\/wp-json\/wp\/v2\/types\/post"}],"author":[{"embeddable":true,"href":"https:\/\/www2.memri.org\/polish\/wp-json\/wp\/v2\/users\/1"}],"replies":[{"embeddable":true,"href":"https:\/\/www2.memri.org\/polish\/wp-json\/wp\/v2\/comments?post=9015"}],"version-history":[{"count":2,"href":"https:\/\/www2.memri.org\/polish\/wp-json\/wp\/v2\/posts\/9015\/revisions"}],"predecessor-version":[{"id":9022,"href":"https:\/\/www2.memri.org\/polish\/wp-json\/wp\/v2\/posts\/9015\/revisions\/9022"}],"wp:featuredmedia":[{"embeddable":true,"href":"https:\/\/www2.memri.org\/polish\/wp-json\/wp\/v2\/media\/9016"}],"wp:attachment":[{"href":"https:\/\/www2.memri.org\/polish\/wp-json\/wp\/v2\/media?parent=9015"}],"wp:term":[{"taxonomy":"category","embeddable":true,"href":"https:\/\/www2.memri.org\/polish\/wp-json\/wp\/v2\/categories?post=9015"},{"taxonomy":"post_tag","embeddable":true,"href":"https:\/\/www2.memri.org\/polish\/wp-json\/wp\/v2\/tags?post=9015"}],"curies":[{"name":"wp","href":"https:\/\/api.w.org\/{rel}","templated":true}]}}