{"id":868,"date":"2009-12-15T00:00:00","date_gmt":"2009-12-15T00:00:00","guid":{"rendered":"http:\/\/www2.memri.org\/polaco\/egipski-pisarz-muhammad-yousuf-adas-byly-doradca-unesco-neguje-holocaust-i-twierdzi-zydzi-finansuja-wojny\/868"},"modified":"2009-12-15T00:00:00","modified_gmt":"2009-12-15T00:00:00","slug":"egipski-pisarz-muhammad-yousuf-adas-byly-doradca-unesco-neguje-holocaust-i-twierdzi-zydzi-finansuja-wojny","status":"publish","type":"post","link":"https:\/\/www2.memri.org\/polish\/egipski-pisarz-muhammad-yousuf-adas-byly-doradca-unesco-neguje-holocaust-i-twierdzi-zydzi-finansuja-wojny\/868","title":{"rendered":"Egipski pisarz Muhammad Yousuf Adas, by\u0142y doradca UNESCO, neguje Holocaust i twierdzi: \u017bydzi finansuj\u0105 wojny"},"content":{"rendered":"<div class=\"bodytext c1\">\n<p><em>Poni\u017cej podajemy fragmenty wywiadu z Muhammadem Yousefem Adasem, by\u0142ym doradc\u0105 UNESCO, nadanego w telewizji Al-Rafidein TV 25 kwietnia 2009. Al-Rafidein TV jest kana\u0142em irackim, kt\u00f3ry nadaje g\u0142\u00f3wnie z Kairu w Egipcie przez satelit\u0119 Nilesat.<\/em><\/p>\n<p><em>\u017beby zobaczy\u0107 ten odcinek w MEMRI TV, odwied\u017a<\/em> <a href=\"http:\/\/www.memritv.org\/clip\/en\/2160.htm\"><em>http:\/\/www.memritv.org\/clip\/en\/2160.htm<\/em><\/a> <em>.<\/em><\/p>\n<p><strong>Muhammad Yousef Adas<\/strong>: Powodem tej ca\u0142ej sprawy jest to, \u017ce [\u017bydzi] mieszaj\u0105 w ekonomii, zyskuj\u0105c w ten spos\u00f3b kontrol\u0119 nad narodami. Finansuj\u0105 wojny. S\u0105 przyczyn\u0105 wojen i korupcji ekonomicznej. Pomogli innym krajom zaku\u0107 Niemcy w kajdany przez traktaty pierwszej wojny \u015bwiatowej, co jest nam znane (\u2026)<\/p>\n<p>Jak powiedzia\u0142 Roger Garoudy, liczba [ofiar] jest bardzo kontrowersyjna. Te liczby wy\u0142oni\u0142y si\u0119 z mitu, nie za\u015b fakt\u00f3w [\u2026]<\/p>\n<p>W Europie s\u0105 filmy \u2013 we Francji i wsz\u0119dzie \u2013 w kt\u00f3rych m\u00f3wi\u0105, \u017ce Chrystus jest nie\u017cywy (\u2026)<\/p>\n<p><strong>Dziennikarz<\/strong>: Nikt nie odpowiada za to, ale kto tylko neguje Holocaust, jest dr\u0119czony, zwalniany z pracy, aresztowany, a nawet likwidowany fizycznie.<\/p>\n<p><strong>Muhammad Yousef Adas<\/strong>: Fizyczna eliminacja jest oczywista, je\u015bli trudno jest osi\u0105gn\u0105\u0107 inne rozwi\u0105zanie. Taka sytuacja panuje na przyk\u0142ad we Francji. W Niemczech\u2026 Najgorsze, co si\u0119 zdarzy\u0142o, to \u017ce sta\u0142o si\u0119 to doktryn\u0105 religijn\u0105, kt\u00f3rej nauczaj\u0105 w szko\u0142ach zamiast innych doktryn. Oni dostaj\u0105 lekcje Holocaustu. Niekt\u00f3rzy z tych uczni\u00f3w zostaj\u0105 ministrami i g\u0142owami pa\u0144stw. Nie musz\u0119 panu m\u00f3wi\u0107, \u017ce Merkel, kt\u00f3ra jest prezydentem\u2026<\/p>\n<p><strong>Dziennikarz<\/strong>: Chodzi panu o Angel\u0119 Merkel, niemieck\u0105 kanclerz.<\/p>\n<p><strong>Muhammad Yousef Adas<\/strong>: Jest absolwentk\u0105 tych szk\u00f3\u0142 i wype\u0142niono jej g\u0142ow\u0119 t\u0105 ide\u0105 Holocaustu. U\u017cywaj\u0105 tego, \u017ceby ukry\u0107 holocaust w Gazie. [\u2026]<\/p>\n<p>S\u0105 statystyki, kt\u00f3re pokazuj\u0105, \u017ce by\u0142o tylko kilkaset tysi\u0119cy \u2013 najwy\u017cej 400 tysi\u0119cy \u2013 \u017byd\u00f3w. A niekt\u00f3re statystyki podaj\u0105 znacznie ni\u017csze liczby\u2026<\/p>\n<p><strong>Dziennikarz<\/strong>: Niekt\u00f3rzy m\u00f3wi\u0105 5 tysi\u0119cy.<\/p>\n<p><strong>Muhammad Yousef Adas<\/strong>: 5 tysi\u0119cy \u017byd\u00f3w. [&#8230;]<\/p>\n<p>To nie jest tylko oszustwo. To si\u0119 sta\u0142o przemys\u0142em \u2013 przemys\u0142em Holocaustu. Bardzo wiele na tym zyskuj\u0105. Niedawno, po wymuszeniu [pieni\u0119dzy] od Niemiec i innych, wymuszaj\u0105 [je] od bank\u00f3w szwajcarskich. Kiedy tylko potrzeba im pieni\u0119dzy, wymy\u015blaj\u0105 now\u0105 historyjk\u0119. M\u00f3wili: \u201ePodczas Holocaustu nazi\u015bci zabrali z\u0142oto nale\u017c\u0105ce do \u017byd\u00f3w i w\u0142o\u017cyli je do bank\u00f3w szwajcarskich. Chcemy z powrotem to z\u0142oto z bank\u00f3w w Szwajcarii\u201d. Te banki by\u0142y zmuszone do zap\u0142acenia im olbrzymich odszkodowa\u0144, \u017ceby ich uciszy\u0107. W innym razie te banki zbankrutowa\u0142yby z powodu propagandy i przemys\u0142u Holocaustu, jak wspomnia\u0142em. [&#8230;]<\/p>\n<p>W zachodniej mentalno\u015bci istnieje fundamentalny rasizm. \u017bydzi s\u0105 cz\u0119\u015bci\u0105 tego rasizmu, poniewa\u017c s\u0105 bia\u0142ymi Europejczykami. Europejczycy\u2026 Od\u0142\u00f3\u017cmy Hitlera na stron\u0119 \u2013 Europejczycy og\u00f3lnie wierz\u0105, \u017ce bia\u0142a rasa jest\u2026<\/p>\n<p><strong>Dziennikarz<\/strong>: Nadrz\u0119dn\u0105 ras\u0105.<\/p>\n<p><strong>Muhammad Yousef Adas<\/strong>: W\u0142a\u015bnie.<\/p>\n<\/div>\n","protected":false},"excerpt":{"rendered":"<p>Poni\u017cej podajemy fragmenty wywiadu z Muhammadem Yousefem Adasem, by\u0142ym doradc\u0105 UNESCO, nadanego w telewizji Al-Rafidein TV 25 kwietnia 2009. Al-Rafidein TV jest kana\u0142em irackim, kt\u00f3ry nadaje g\u0142\u00f3wnie z Kairu w Egipcie przez satelit\u0119 Nilesat. \u017beby zobaczy\u0107 ten odcinek w MEMRI TV, odwied\u017a http:\/\/www.memritv.org\/clip\/en\/2160.htm . Muhammad Yousef Adas: Powodem tej ca\u0142ej sprawy jest to, \u017ce [\u017bydzi] [&hellip;]<\/p>\n","protected":false},"author":1,"featured_media":0,"comment_status":"open","ping_status":"closed","sticky":false,"template":"","format":"standard","meta":{"footnotes":""},"categories":[824,831,835,836],"tags":[],"class_list":["post-868","post","type-post","status-publish","format-standard","hentry","category-specjalne-komunikaty","category-projekt-dokumentacji-antysemityzmu","category-archiwum","category-tematy"],"_links":{"self":[{"href":"https:\/\/www2.memri.org\/polish\/wp-json\/wp\/v2\/posts\/868","targetHints":{"allow":["GET"]}}],"collection":[{"href":"https:\/\/www2.memri.org\/polish\/wp-json\/wp\/v2\/posts"}],"about":[{"href":"https:\/\/www2.memri.org\/polish\/wp-json\/wp\/v2\/types\/post"}],"author":[{"embeddable":true,"href":"https:\/\/www2.memri.org\/polish\/wp-json\/wp\/v2\/users\/1"}],"replies":[{"embeddable":true,"href":"https:\/\/www2.memri.org\/polish\/wp-json\/wp\/v2\/comments?post=868"}],"version-history":[{"count":0,"href":"https:\/\/www2.memri.org\/polish\/wp-json\/wp\/v2\/posts\/868\/revisions"}],"wp:attachment":[{"href":"https:\/\/www2.memri.org\/polish\/wp-json\/wp\/v2\/media?parent=868"}],"wp:term":[{"taxonomy":"category","embeddable":true,"href":"https:\/\/www2.memri.org\/polish\/wp-json\/wp\/v2\/categories?post=868"},{"taxonomy":"post_tag","embeddable":true,"href":"https:\/\/www2.memri.org\/polish\/wp-json\/wp\/v2\/tags?post=868"}],"curies":[{"name":"wp","href":"https:\/\/api.w.org\/{rel}","templated":true}]}}