{"id":8208,"date":"2016-12-20T01:02:50","date_gmt":"2016-12-20T00:02:50","guid":{"rendered":"http:\/\/www2.memri.org\/polish\/?p=8208"},"modified":"2016-12-20T19:19:34","modified_gmt":"2016-12-20T18:19:34","slug":"militarne-skrzydlo-hamasu-obchodzi-29-rocznice-organizacji-specjalnym-raportem-o-swoim-przemsle-wojskowym","status":"publish","type":"post","link":"https:\/\/www2.memri.org\/polish\/militarne-skrzydlo-hamasu-obchodzi-29-rocznice-organizacji-specjalnym-raportem-o-swoim-przemsle-wojskowym\/8208","title":{"rendered":"Militarne skrzyd\u0142o Hamasu obchodzi 29. rocznic\u0119 organizacji specjalnym raportem o swoim przemy\u015ble wojskowym"},"content":{"rendered":"<p>14 grudnia 2016 r. Hamas obchodzi\u0142 29. rocznic\u0119 swojego za\u0142o\u017cenia. Witryna internetowa militarnego skrzyd\u0142a Hamasu, Brygad M\u0119czennik\u00f3w 'Izz Al-Din Al-Kassam, obchodzi\u0142a t\u0119 okazj\u0119 przez zamieszczenie specjalnego raportu o produkcji broni przez ten ruch na przestrzeni lat, od karabin\u00f3w do granat\u00f3w przeciwczo\u0142gowych i kamizelkach wybuchowych dla operacji samob\u00f3jczych.<\/p>\n<p>Poni\u017cej jest bro\u0144 na\u015bwietlona w raporcie wraz ze zdj\u0119ciami i datami ich pierwszego pokazania<a name=\"_ednref1\"><\/a><a href=\"https:\/\/www.memri.org\/reports\/hamass-military-wing-marks-organizations-29th-anniversary-special-report-its-military#_edn1\">[1]<\/a>:<\/p>\n<p><img loading=\"lazy\" decoding=\"async\" class=\"alignnone size-full wp-image-8211\" src=\"http:\/\/www2.memri.org\/polish\/wp-content\/uploads\/2016\/12\/Hamas1.png\" alt=\"\" width=\"500\" height=\"233\" srcset=\"https:\/\/www2.memri.org\/polish\/wp-content\/uploads\/2016\/12\/Hamas1.png 500w, https:\/\/www2.memri.org\/polish\/wp-content\/uploads\/2016\/12\/Hamas1-300x140.png 300w\" sizes=\"auto, (max-width: 500px) 100vw, 500px\" \/>\u00a0&#8222;Fabryki 'Izz Al-Din Al-Kassam: je\u015bli ociosujesz kamie\u0144, uznasz to za niemo\u017cliwe\u201d<\/p>\n<p><img loading=\"lazy\" decoding=\"async\" class=\"alignnone size-full wp-image-8212\" src=\"http:\/\/www2.memri.org\/polish\/wp-content\/uploads\/2016\/12\/Hamas2.png\" alt=\"\" width=\"500\" height=\"242\" srcset=\"https:\/\/www2.memri.org\/polish\/wp-content\/uploads\/2016\/12\/Hamas2.png 500w, https:\/\/www2.memri.org\/polish\/wp-content\/uploads\/2016\/12\/Hamas2-300x145.png 300w\" sizes=\"auto, (max-width: 500px) 100vw, 500px\" \/>\u00a0&#8222;Pistolet 9mm Goldstar. Og\u0142oszono po raz pierwszy: 1992&#8221;<\/p>\n<p><img loading=\"lazy\" decoding=\"async\" class=\"alignnone size-full wp-image-8213\" src=\"http:\/\/www2.memri.org\/polish\/wp-content\/uploads\/2016\/12\/Hamas3.png\" alt=\"\" width=\"500\" height=\"232\" srcset=\"https:\/\/www2.memri.org\/polish\/wp-content\/uploads\/2016\/12\/Hamas3.png 500w, https:\/\/www2.memri.org\/polish\/wp-content\/uploads\/2016\/12\/Hamas3-300x139.png 300w\" sizes=\"auto, (max-width: 500px) 100vw, 500px\" \/>\u00a0&#8222;Hamas Uzi. 250 produkowane pistolety maszynowe. Og\u0142oszono po raz pierwszy: 1993&#8221;<\/p>\n<p><img loading=\"lazy\" decoding=\"async\" class=\"alignnone size-full wp-image-8214\" src=\"http:\/\/www2.memri.org\/polish\/wp-content\/uploads\/2016\/12\/Hamas4.png\" alt=\"\" width=\"500\" height=\"238\" srcset=\"https:\/\/www2.memri.org\/polish\/wp-content\/uploads\/2016\/12\/Hamas4.png 500w, https:\/\/www2.memri.org\/polish\/wp-content\/uploads\/2016\/12\/Hamas4-300x143.png 300w\" sizes=\"auto, (max-width: 500px) 100vw, 500px\" \/>\u00a0&#8222;Kamizelka wybuchowa noszona przez poszukiwaczy m\u0119cze\u0144stwa. Og\u0142oszono po raz pierwszy: 1993&#8221;<\/p>\n<p><img loading=\"lazy\" decoding=\"async\" class=\"alignnone size-full wp-image-8215\" src=\"http:\/\/www2.memri.org\/polish\/wp-content\/uploads\/2016\/12\/Hamas5.png\" alt=\"\" width=\"500\" height=\"232\" srcset=\"https:\/\/www2.memri.org\/polish\/wp-content\/uploads\/2016\/12\/Hamas5.png 500w, https:\/\/www2.memri.org\/polish\/wp-content\/uploads\/2016\/12\/Hamas5-300x139.png 300w\" sizes=\"auto, (max-width: 500px) 100vw, 500px\" \/>\u00a0&#8222;Granaty: granaty ofensywne i defensywne, granaty og\u0142uszaj\u0105ce i granaty dymne. Og\u0142oszono po raz pierwszy: 1994&#8221;<\/p>\n<p><img loading=\"lazy\" decoding=\"async\" class=\"alignnone size-full wp-image-8216\" src=\"http:\/\/www2.memri.org\/polish\/wp-content\/uploads\/2016\/12\/Hamas6.png\" alt=\"\" width=\"500\" height=\"232\" srcset=\"https:\/\/www2.memri.org\/polish\/wp-content\/uploads\/2016\/12\/Hamas6.png 500w, https:\/\/www2.memri.org\/polish\/wp-content\/uploads\/2016\/12\/Hamas6-300x139.png 300w\" sizes=\"auto, (max-width: 500px) 100vw, 500px\" \/>\u00a0&#8222;ENERGA-model granat przeciwczo\u0142gowy. Skuteczny wobec lekkiego opancerzenia. Og\u0142oszono po raz pierwszy: 2000&#8221;<\/p>\n<p><img loading=\"lazy\" decoding=\"async\" class=\"alignnone size-full wp-image-8216\" src=\"http:\/\/www2.memri.org\/polish\/wp-content\/uploads\/2016\/12\/Hamas6.png\" alt=\"\" width=\"500\" height=\"232\" srcset=\"https:\/\/www2.memri.org\/polish\/wp-content\/uploads\/2016\/12\/Hamas6.png 500w, https:\/\/www2.memri.org\/polish\/wp-content\/uploads\/2016\/12\/Hamas6-300x139.png 300w\" sizes=\"auto, (max-width: 500px) 100vw, 500px\" \/>\u00a0&#8222;Mo\u017adzierze 61mm, 81mm i 120mm. Og\u0142oszono po raz pierwszy: 2000&#8221;<\/p>\n<p><img loading=\"lazy\" decoding=\"async\" class=\"alignnone size-full wp-image-8218\" src=\"http:\/\/www2.memri.org\/polish\/wp-content\/uploads\/2016\/12\/Hamas7.png\" alt=\"\" width=\"500\" height=\"210\" srcset=\"https:\/\/www2.memri.org\/polish\/wp-content\/uploads\/2016\/12\/Hamas7.png 500w, https:\/\/www2.memri.org\/polish\/wp-content\/uploads\/2016\/12\/Hamas7-300x126.png 300w\" sizes=\"auto, (max-width: 500px) 100vw, 500px\" \/>&#8222;Rakieta Al-Kassam, nazwana imieniem m\u0119czennika szejka 'Izz Al-Din Al-Kassama. Og\u0142oszony po raz pierwszy: 27 pa\u017adziernika 2001. Modele: Kassam 1 \u2013 zasi\u0119g: 2-3 kilometr\u00f3w; Kassam 2 \u2013 zasi\u0119g: 9-12 kilometr\u00f3w; Kassam 3 \u2013 zasi\u0119g: 16 kilometr\u00f3w; i dodatkowe modele&#8221;<\/p>\n<p><img loading=\"lazy\" decoding=\"async\" class=\"alignnone size-full wp-image-8219\" src=\"http:\/\/www2.memri.org\/polish\/wp-content\/uploads\/2016\/12\/Hamas8.png\" alt=\"\" width=\"500\" height=\"215\" srcset=\"https:\/\/www2.memri.org\/polish\/wp-content\/uploads\/2016\/12\/Hamas8.png 500w, https:\/\/www2.memri.org\/polish\/wp-content\/uploads\/2016\/12\/Hamas8-300x129.png 300w\" sizes=\"auto, (max-width: 500px) 100vw, 500px\" \/>&#8222;Przeciwczo\u0142gowa wyrzutnia rakietowa Al-Banna, nazwana imieniem m\u0119czennika szejka Hassana Al-Banny, za\u0142o\u017cyciela Bractwa Muzu\u0142ma\u0144skiego. Og\u0142oszono po raz pierwszy: 2002&#8221;<\/p>\n<p><img loading=\"lazy\" decoding=\"async\" class=\"alignnone size-full wp-image-8220\" src=\"http:\/\/www2.memri.org\/polish\/wp-content\/uploads\/2016\/12\/Hamas10.png\" alt=\"\" width=\"500\" height=\"223\" srcset=\"https:\/\/www2.memri.org\/polish\/wp-content\/uploads\/2016\/12\/Hamas10.png 500w, https:\/\/www2.memri.org\/polish\/wp-content\/uploads\/2016\/12\/Hamas10-300x134.png 300w\" sizes=\"auto, (max-width: 500px) 100vw, 500px\" \/>&#8222;Wyrzutnia rakiet przeciwczo\u0142gowych Al-Battar, nazwana imieniem miecza Proroka Mahometa. Og\u0142oszono po raz pierwszy: 24 stycznia 2003&#8221;<\/p>\n<p><img loading=\"lazy\" decoding=\"async\" class=\"alignnone size-full wp-image-8221\" src=\"http:\/\/www2.memri.org\/polish\/wp-content\/uploads\/2016\/12\/Hamas11.png\" alt=\"\" width=\"500\" height=\"203\" srcset=\"https:\/\/www2.memri.org\/polish\/wp-content\/uploads\/2016\/12\/Hamas11.png 500w, https:\/\/www2.memri.org\/polish\/wp-content\/uploads\/2016\/12\/Hamas11-300x122.png 300w\" sizes=\"auto, (max-width: 500px) 100vw, 500px\" \/>&#8222;Wyrzutnia rakiet przeciwczo\u0142gowych Al-Jassin. Nazwana imieniem m\u0119czennika Ahmada Jassina, za\u0142o\u017cyciela Hamas. Og\u0142oszono po raz pierwszy: 3 sierpnia 2004&#8221;<\/p>\n<p><img loading=\"lazy\" decoding=\"async\" class=\"alignnone size-full wp-image-8222\" src=\"http:\/\/www2.memri.org\/polish\/wp-content\/uploads\/2016\/12\/Hamas12.png\" alt=\"\" width=\"500\" height=\"206\" srcset=\"https:\/\/www2.memri.org\/polish\/wp-content\/uploads\/2016\/12\/Hamas12.png 500w, https:\/\/www2.memri.org\/polish\/wp-content\/uploads\/2016\/12\/Hamas12-300x124.png 300w\" sizes=\"auto, (max-width: 500px) 100vw, 500px\" \/>&#8222;Przeciwczo\u0142gowy EFP [Explosively Formed Penetrator \u2013 pocisk formowany wybuchowo]. Modele: Shawaz 1-4 kszta\u0142ty \u0142adunku&#8221;<\/p>\n<p><img loading=\"lazy\" decoding=\"async\" class=\"alignnone size-full wp-image-8223\" src=\"http:\/\/www2.memri.org\/polish\/wp-content\/uploads\/2016\/12\/Hamas13.png\" alt=\"\" width=\"500\" height=\"218\" srcset=\"https:\/\/www2.memri.org\/polish\/wp-content\/uploads\/2016\/12\/Hamas13.png 500w, https:\/\/www2.memri.org\/polish\/wp-content\/uploads\/2016\/12\/Hamas13-300x131.png 300w\" sizes=\"auto, (max-width: 500px) 100vw, 500px\" \/>&#8222;Miny przeciwpiechotne [Claymore]. Modele: 'Television&#8217; 1-3&#8221;<\/p>\n<p><img loading=\"lazy\" decoding=\"async\" class=\"alignnone size-full wp-image-8224\" src=\"http:\/\/www2.memri.org\/polish\/wp-content\/uploads\/2016\/12\/Hamas14.png\" alt=\"\" width=\"500\" height=\"211\" srcset=\"https:\/\/www2.memri.org\/polish\/wp-content\/uploads\/2016\/12\/Hamas14.png 500w, https:\/\/www2.memri.org\/polish\/wp-content\/uploads\/2016\/12\/Hamas14-300x127.png 300w\" sizes=\"auto, (max-width: 500px) 100vw, 500px\" \/>&#8222;Rakieta M-75. Nazwana imieniem m\u0119czennika przyw\u00f3dcy Ibrahima Al-Makadmeha. Zasi\u0119g: 75 kilometr\u00f3w. Og\u0142oszono po raz pierwszy: 14 listopada 2012&#8221;<\/p>\n<p><img loading=\"lazy\" decoding=\"async\" class=\"alignnone size-full wp-image-8225\" src=\"http:\/\/www2.memri.org\/polish\/wp-content\/uploads\/2016\/12\/Hamas15-1.png\" alt=\"\" width=\"500\" height=\"206\" srcset=\"https:\/\/www2.memri.org\/polish\/wp-content\/uploads\/2016\/12\/Hamas15-1.png 500w, https:\/\/www2.memri.org\/polish\/wp-content\/uploads\/2016\/12\/Hamas15-1-300x124.png 300w\" sizes=\"auto, (max-width: 500px) 100vw, 500px\" \/>&#8222;Rakieta J-80. Nazwana imieniem m\u0119czennika Ahmada Al-D\u017cabariego. Zasi\u0119g: 80 kilometr\u00f3w. Og\u0142oszono po raz pierwszy: 8 lipca 2014&#8221;<\/p>\n<p><img loading=\"lazy\" decoding=\"async\" class=\"alignnone size-full wp-image-8226\" src=\"http:\/\/www2.memri.org\/polish\/wp-content\/uploads\/2016\/12\/Hamas16.png\" alt=\"\" width=\"500\" height=\"214\" srcset=\"https:\/\/www2.memri.org\/polish\/wp-content\/uploads\/2016\/12\/Hamas16.png 500w, https:\/\/www2.memri.org\/polish\/wp-content\/uploads\/2016\/12\/Hamas16-300x128.png 300w\" sizes=\"auto, (max-width: 500px) 100vw, 500px\" \/>&#8222;Rakieta R-160. Nazwana imieniem m\u0119czennika 'Abd Al-&#8217;Aziza Al-Rantisiego. Zasi\u0119g: 160 kilometr\u00f3w. Og\u0142oszono po raz pierwszy: 9 lipca 2014&#8221;<\/p>\n<p><img loading=\"lazy\" decoding=\"async\" class=\"alignnone size-full wp-image-8227\" src=\"http:\/\/www2.memri.org\/polish\/wp-content\/uploads\/2016\/12\/Hamas17.png\" alt=\"\" width=\"500\" height=\"222\" srcset=\"https:\/\/www2.memri.org\/polish\/wp-content\/uploads\/2016\/12\/Hamas17.png 500w, https:\/\/www2.memri.org\/polish\/wp-content\/uploads\/2016\/12\/Hamas17-300x133.png 300w\" sizes=\"auto, (max-width: 500px) 100vw, 500px\" \/>&#8222;Rakieta [Sid\u017ceel], kt\u00f3rej nazwa jest wzi\u0119ta z \u015bwi\u0119tego Koranu. Zasi\u0119g: 55 kilometr\u00f3w. Og\u0142oszono po raz pierwszy: 10 lipca 2014&#8221;<\/p>\n<p><img loading=\"lazy\" decoding=\"async\" class=\"alignnone size-full wp-image-8228\" src=\"http:\/\/www2.memri.org\/polish\/wp-content\/uploads\/2016\/12\/Hamas18.png\" alt=\"\" width=\"500\" height=\"186\" srcset=\"https:\/\/www2.memri.org\/polish\/wp-content\/uploads\/2016\/12\/Hamas18.png 500w, https:\/\/www2.memri.org\/polish\/wp-content\/uploads\/2016\/12\/Hamas18-300x112.png 300w\" sizes=\"auto, (max-width: 500px) 100vw, 500px\" \/>&#8222;Dron Ababeel. Modele: AIA \u2013 wywiad; AIB \u2013 atak; AIC \u2013 atak samob\u00f3jczy. Og\u0142oszono po raz pierwszy: 14 lipca 2014&#8221;<\/p>\n<p><img loading=\"lazy\" decoding=\"async\" class=\"alignnone size-full wp-image-8229\" src=\"http:\/\/www2.memri.org\/polish\/wp-content\/uploads\/2016\/12\/Hamas19.jpg\" alt=\"\" width=\"500\" height=\"198\" srcset=\"https:\/\/www2.memri.org\/polish\/wp-content\/uploads\/2016\/12\/Hamas19.jpg 500w, https:\/\/www2.memri.org\/polish\/wp-content\/uploads\/2016\/12\/Hamas19-300x119.jpg 300w\" sizes=\"auto, (max-width: 500px) 100vw, 500px\" \/>\u00a0&#8222;Karabin snajperski Al-Ghoul 14.5mm. Nazwany imieniem m\u0119czennika Brygad Al-Kassam, 'Adnan aAl-Ghoula. Zasieg: 2 kilometry. Og\u0142oszono po raz pierwszy: 4 sierpnia 2014&#8221;<\/p>\n<p><img loading=\"lazy\" decoding=\"async\" class=\"alignnone size-full wp-image-8230\" src=\"http:\/\/www2.memri.org\/polish\/wp-content\/uploads\/2016\/12\/Hamas20.jpg\" alt=\"\" width=\"500\" height=\"229\" srcset=\"https:\/\/www2.memri.org\/polish\/wp-content\/uploads\/2016\/12\/Hamas20.jpg 500w, https:\/\/www2.memri.org\/polish\/wp-content\/uploads\/2016\/12\/Hamas20-300x137.jpg 300w\" sizes=\"auto, (max-width: 500px) 100vw, 500px\" \/>\u00a0&#8222;Rakieta SH. Nazwana imieniem m\u0119czennika Brygad Al-Kassam, Muhammada Abu Szamali. Zasi\u0119g: nieujawniony. Og\u0142oszono po raz pierwszy: July 7, 2015&#8221;<\/p>\n<p><img loading=\"lazy\" decoding=\"async\" class=\"alignnone size-full wp-image-8231\" src=\"http:\/\/www2.memri.org\/polish\/wp-content\/uploads\/2016\/12\/Hamas21.jpg\" alt=\"\" width=\"500\" height=\"226\" srcset=\"https:\/\/www2.memri.org\/polish\/wp-content\/uploads\/2016\/12\/Hamas21.jpg 500w, https:\/\/www2.memri.org\/polish\/wp-content\/uploads\/2016\/12\/Hamas21-300x136.jpg 300w\" sizes=\"auto, (max-width: 500px) 100vw, 500px\" \/>\u00a0&#8222;Rakieta. Nazwana imieniem m\u0119czennika Brygad Al-Kassam, Raeda Al-Atara. Zasi\u0119g: nieujawniony. Og\u0142oszono po raz pierwszy: 7 lipca 2015&#8221;<\/p>\n<p><img loading=\"lazy\" decoding=\"async\" class=\"alignnone size-full wp-image-8232\" src=\"http:\/\/www2.memri.org\/polish\/wp-content\/uploads\/2016\/12\/Hamas22_0.png\" alt=\"\" width=\"500\" height=\"214\" srcset=\"https:\/\/www2.memri.org\/polish\/wp-content\/uploads\/2016\/12\/Hamas22_0.png 500w, https:\/\/www2.memri.org\/polish\/wp-content\/uploads\/2016\/12\/Hamas22_0-300x128.png 300w\" sizes=\"auto, (max-width: 500px) 100vw, 500px\" \/><br \/>\n&#8222;I mamy wi\u0119cej more&#8230;&#8221;<\/p>\n<p><a name=\"_edn1\"><\/a><a href=\"#_ednref1\">[1]<\/a> Felesteen.ps, 9 grudnia 2016<\/p>\n<p><strong>\u00a0<\/strong><\/p>\n<p><strong>Visit the MEMRI site in Polish: <\/strong><a href=\"http:\/\/www2.memri.org\/polish\/\"><strong>http:\/\/www2.memri.org\/polish\/<\/strong><\/a><\/p>\n<p><strong>If you wish to reply, please send your email to <\/strong><strong>memri@memrieurope.org<\/strong><strong>. <\/strong><\/p>\n","protected":false},"excerpt":{"rendered":"<p>14 grudnia 2016 r. Hamas obchodzi\u0142 29. rocznic\u0119 swojego za\u0142o\u017cenia. Witryna internetowa militarnego skrzyd\u0142a Hamasu, Brygad M\u0119czennik\u00f3w 'Izz Al-Din Al-Kassam, obchodzi\u0142a t\u0119 okazj\u0119 przez zamieszczenie specjalnego raportu o produkcji broni przez ten ruch na przestrzeni lat, od karabin\u00f3w do granat\u00f3w przeciwczo\u0142gowych i kamizelkach wybuchowych dla operacji samob\u00f3jczych. Poni\u017cej jest bro\u0144 na\u015bwietlona w raporcie wraz ze [&hellip;]<\/p>\n","protected":false},"author":1,"featured_media":8209,"comment_status":"open","ping_status":"open","sticky":false,"template":"","format":"standard","meta":{"footnotes":""},"categories":[824,835],"tags":[],"class_list":["post-8208","post","type-post","status-publish","format-standard","has-post-thumbnail","hentry","category-specjalne-komunikaty","category-archiwum"],"_links":{"self":[{"href":"https:\/\/www2.memri.org\/polish\/wp-json\/wp\/v2\/posts\/8208","targetHints":{"allow":["GET"]}}],"collection":[{"href":"https:\/\/www2.memri.org\/polish\/wp-json\/wp\/v2\/posts"}],"about":[{"href":"https:\/\/www2.memri.org\/polish\/wp-json\/wp\/v2\/types\/post"}],"author":[{"embeddable":true,"href":"https:\/\/www2.memri.org\/polish\/wp-json\/wp\/v2\/users\/1"}],"replies":[{"embeddable":true,"href":"https:\/\/www2.memri.org\/polish\/wp-json\/wp\/v2\/comments?post=8208"}],"version-history":[{"count":3,"href":"https:\/\/www2.memri.org\/polish\/wp-json\/wp\/v2\/posts\/8208\/revisions"}],"predecessor-version":[{"id":8235,"href":"https:\/\/www2.memri.org\/polish\/wp-json\/wp\/v2\/posts\/8208\/revisions\/8235"}],"wp:featuredmedia":[{"embeddable":true,"href":"https:\/\/www2.memri.org\/polish\/wp-json\/wp\/v2\/media\/8209"}],"wp:attachment":[{"href":"https:\/\/www2.memri.org\/polish\/wp-json\/wp\/v2\/media?parent=8208"}],"wp:term":[{"taxonomy":"category","embeddable":true,"href":"https:\/\/www2.memri.org\/polish\/wp-json\/wp\/v2\/categories?post=8208"},{"taxonomy":"post_tag","embeddable":true,"href":"https:\/\/www2.memri.org\/polish\/wp-json\/wp\/v2\/tags?post=8208"}],"curies":[{"name":"wp","href":"https:\/\/api.w.org\/{rel}","templated":true}]}}