{"id":749,"date":"2009-09-16T00:00:00","date_gmt":"2009-09-16T00:00:00","guid":{"rendered":"http:\/\/www2.memri.org\/polaco\/reportaz-o-lewicowej-organizacji-terrorystycznej-w-gazie-przemienionej-w-islamistyczna-o-brygadach-meczennika-dzihadu-dzibrila\/749"},"modified":"2009-09-16T00:00:00","modified_gmt":"2009-09-16T00:00:00","slug":"reportaz-o-lewicowej-organizacji-terrorystycznej-w-gazie-przemienionej-w-islamistyczna-o-brygadach-meczennika-dzihadu-dzibrila","status":"publish","type":"post","link":"https:\/\/www2.memri.org\/polish\/reportaz-o-lewicowej-organizacji-terrorystycznej-w-gazie-przemienionej-w-islamistyczna-o-brygadach-meczennika-dzihadu-dzibrila\/749","title":{"rendered":"Reporta\u017c o lewicowej organizacji terrorystycznej w Gazie przemienionej w islamistyczn\u0105 \u2013 o Brygadach M\u0119czennika D\u017cihadu D\u017cibrila"},"content":{"rendered":"<div class=\"bodytext c1\">\n<p><em>Poni\u017cej podajemy fragmenty reporta\u017cu telewizyjnego o Brygadach M\u0119czennika D\u017cihadu D\u017cibrila w strefie Gazy, nadanego przez Russia Today TV 12 sierpnia 2009.<\/em><\/p>\n<p><em>\u017beby zobaczy\u0107 ten urywek w MEMRI TV, odwied\u017a<\/em> <a href=\"http:\/\/www.memritv.org\/clip\/en\/2211.htm\"><em>http:\/\/www.memritv.org\/clip\/en\/2211.htm<\/em><\/a> <em>.<\/em><\/p>\n<p><strong>&#8222;Robimy rakiety; jak Allah da, wyprodukujemy rakiety wi\u0119kszego zasi\u0119gu&#8221;<\/strong><\/p>\n<p><strong>Reporter<\/strong>: Oto jedna z si\u0142 w Gazie, z bojownikami w r\u00f3\u017cnym wieku. Brygady M\u0119czennika D\u017cihadu D\u017cibrila jest organizacj\u0105 o lewicowych korzeniach, ale w \u015bwietle zmian regionalnych zamieni\u0142a si\u0119 we frakcj\u0119 islamist\u00f3w zbli\u017con\u0105 do Hamasu i Islamskiego D\u017cihadu. Ich szkolenie, bro\u0144, amunicja i wytw\u00f3rnie broni s\u0105 cz\u0119\u015bci\u0105 og\u00f3lnego ruchu oporu, niekt\u00f3rzy ich dow\u00f3dcy byli szkoleni przez ekspert\u00f3w.<\/p>\n<p><strong>Dow\u00f3dca w Brygadach M\u0119czennika Dzihadu D\u017cebrila:<\/strong>Je\u015bli chodzi o Brygady M\u0119czennika Dzihadu D\u017cebrila, wszystko jest w porz\u0105dku, chwa\u0142a Allahowi. Jest post\u0119p. Mamy komory produkcyjne i robimy rakiety. Jak Allah da, wyprodukujemy rakiety wi\u0119kszego zasi\u0119gu.<\/p>\n<p><strong>Reporter<\/strong>: Trenuj\u0105 z ostr\u0105 amunicj\u0105 na niezamieszka\u0142ych terenach. Nale\u017c\u0105 do jednej z pierwszych frakcji, kt\u00f3re sprowadzi\u0142y rakiety Grad do Gazy. Podczas wojny te rakiety by\u0142y szeroko u\u017cywane. Maj\u0105 wysoce destrukcyjne bomby. Koordynuj\u0105 dzia\u0142ania z innymi skrzyd\u0142ami wojskowymi i frakcjami i maj\u0105 w\u0142asny przemys\u0142 zbrojeniowy, ukryty w r\u00f3\u017cnych miejscach w ca\u0142ej Gazie.<\/p>\n<p><strong>&#8222;Nasi ludzie s\u0105 \u015bwietnie wyszkoleni&#8221;<\/strong><\/p>\n<p><strong>Cz\u0142onek Brygad M\u0119czennika D\u017cihadu D\u017cebrila<\/strong>: Nasi ludzie s\u0105 \u015bwietnie wyszkoleni. Otrzymuj\u0105 znakomite szkolenie. Mamy kursy sze\u015bciomiesi\u0119czne, a tak\u017ce d\u0142u\u017csze.<\/p>\n<p><strong>Reporter<\/strong>: W ma\u0142ym, ukrytym miejscu, z zachowaniem \u015bcis\u0142ych \u015brodk\u00f3w bezpiecze\u0144stwa, produkuj\u0105 swoj\u0105 bro\u0144 \u2013 rakiety i pociski \u2013 kt\u00f3re nast\u0119pnie przenoszone s\u0105 do specjalnych magazyn\u00f3w, a\u017c s\u0105 potrzebne. Dla niekt\u00f3rych wojskowych skrzyde\u0142 w Gazie, karabin jest jedyn\u0105 opcj\u0105 dla ludzi, kt\u00f3rych d\u0142awi\u0105 kolejne polityczne rozczarowania. Nie wierz\u0105 ju\u017c d\u0142u\u017cej [w proces polityczny].<\/p>\n<p><strong>Wytw\u00f3rca broni dla Brygad M\u0119czennika D\u017cihadu D\u017cebrila:<\/strong> To jest jedno z miejsc, gdzie produkujemy bomby, pociski i rakiety, a istniej\u0105 inne miejsca, takie jak warsztaty metalowe, sk\u0105d dostajemy materia\u0142y wybuchowe i pociski, gotowe do u\u017cycia i \u0142adujemy je.<\/p>\n<p><strong>Reporter<\/strong>: Ka\u017cdy, kto \u015bledzi sytuacj\u0119 militarn\u0105 w Gazie, mo\u017ce zobaczy\u0107, \u017ce s\u0105 tam dwie g\u0142\u00f3wne si\u0142y \u2013 Fatah i Hamas. Je\u015bli chodzi o inne si\u0142y, to ich to\u017csamo\u015b\u0107 okre\u015bla stosunek do tych dw\u00f3ch ruch\u00f3w.<\/p>\n<\/div>\n","protected":false},"excerpt":{"rendered":"<p>Poni\u017cej podajemy fragmenty reporta\u017cu telewizyjnego o Brygadach M\u0119czennika D\u017cihadu D\u017cibrila w strefie Gazy, nadanego przez Russia Today TV 12 sierpnia 2009. \u017beby zobaczy\u0107 ten urywek w MEMRI TV, odwied\u017a http:\/\/www.memritv.org\/clip\/en\/2211.htm . &#8222;Robimy rakiety; jak Allah da, wyprodukujemy rakiety wi\u0119kszego zasi\u0119gu&#8221; Reporter: Oto jedna z si\u0142 w Gazie, z bojownikami w r\u00f3\u017cnym wieku. Brygady M\u0119czennika D\u017cihadu [&hellip;]<\/p>\n","protected":false},"author":1,"featured_media":0,"comment_status":"open","ping_status":"closed","sticky":false,"template":"","format":"standard","meta":{"footnotes":""},"categories":[824,828,835,837],"tags":[],"class_list":["post-749","post","type-post","status-publish","format-standard","hentry","category-specjalne-komunikaty","category-autonomia-palestynska","category-archiwum","category-kraje"],"_links":{"self":[{"href":"https:\/\/www2.memri.org\/polish\/wp-json\/wp\/v2\/posts\/749","targetHints":{"allow":["GET"]}}],"collection":[{"href":"https:\/\/www2.memri.org\/polish\/wp-json\/wp\/v2\/posts"}],"about":[{"href":"https:\/\/www2.memri.org\/polish\/wp-json\/wp\/v2\/types\/post"}],"author":[{"embeddable":true,"href":"https:\/\/www2.memri.org\/polish\/wp-json\/wp\/v2\/users\/1"}],"replies":[{"embeddable":true,"href":"https:\/\/www2.memri.org\/polish\/wp-json\/wp\/v2\/comments?post=749"}],"version-history":[{"count":0,"href":"https:\/\/www2.memri.org\/polish\/wp-json\/wp\/v2\/posts\/749\/revisions"}],"wp:attachment":[{"href":"https:\/\/www2.memri.org\/polish\/wp-json\/wp\/v2\/media?parent=749"}],"wp:term":[{"taxonomy":"category","embeddable":true,"href":"https:\/\/www2.memri.org\/polish\/wp-json\/wp\/v2\/categories?post=749"},{"taxonomy":"post_tag","embeddable":true,"href":"https:\/\/www2.memri.org\/polish\/wp-json\/wp\/v2\/tags?post=749"}],"curies":[{"name":"wp","href":"https:\/\/api.w.org\/{rel}","templated":true}]}}