{"id":3977,"date":"2016-11-01T00:00:00","date_gmt":"2016-11-01T00:00:00","guid":{"rendered":"http:\/\/www2.memri.org\/polaco\/palestynskie-media-spolecznosciowe-reaguja-na-zamach-w-beit-el-dokonany-przez-policjanta-palestynskiego-chwala-zamachowca-wzywaja-innych-funkcjonariuszy-palestynskich-sil-bezpieczenstwa-do-przeprowa\/3977"},"modified":"2016-12-01T23:27:07","modified_gmt":"2016-12-01T23:27:07","slug":"palestynskie-media-spolecznosciowe-reaguja-na-zamach-w-beit-el-dokonany-przez-policjanta-palestynskiego-chwala-zamachowca-wzywaja-innych-funkcjonariuszy-palestynskich-sil-bezpieczenstwa-do-przeprowa","status":"publish","type":"post","link":"https:\/\/www2.memri.org\/polish\/palestynskie-media-spolecznosciowe-reaguja-na-zamach-w-beit-el-dokonany-przez-policjanta-palestynskiego-chwala-zamachowca-wzywaja-innych-funkcjonariuszy-palestynskich-sil-bezpieczenstwa-do-przeprowa\/3977","title":{"rendered":"Palesty\u0144skie media spo\u0142eczno\u015bciowe reaguj\u0105 na zamach w Beit El dokonany przez policjanta palesty\u0144skiego: chwal\u0105 zamachowca, wzywaj\u0105 innych funkcjonariuszy palesty\u0144skich si\u0142 bezpiecze\u0144stwa do przeprowadzenia dalszych zamach\u00f3w"},"content":{"rendered":"<p><!-- Document Body --><br \/>\n<DIV ALIGN=\"justify\" CLASS=\"bodytext\"><br \/>\n<P><I>31 pa\u017adziernika 2016 r. Muhammad 'Abd Al-Chalek Turkman, 25-letni policjant palesty\u0144ski, dokona\u0142 zamachu z u\u017cyciem karabiny na punkt kontrolny w Beit El, rani\u0105c trzech \u017co\u0142nierzy izraelskich, w tym jednego ci\u0119\u017cko. Brat Turkmana, Rabia, kt\u00f3ry zosta\u0142 zabity w 2011 r., by\u0142 funkcjonariuszem w Brygadach M\u0119czennik\u00f3w Al-Aksa i Komitetach Ludowego Oporu, oraz dzia\u0142a\u0142 w starciach z Izraelem podczas intifady Al-Aksa<A name=\"_ednref1\"><\/A> <A href=\"http:\/\/www.memri.org\/report\/en\/0\/0\/0\/0\/0\/0\/9526.htm#_edn1\">[1].<\/A> <\/I><br \/>\n<P><I>Po zamachu u\u017cytkownicy palesty\u0144skich medi\u00f3w spo\u0142eczno\u015bciowych zamie\u015bcili zdj\u0119cia i bannery chwal\u0105ce Turkmana i jego zamach. Takie wpisy pojawi\u0142y si\u0119 tak\u017ce na stronach Facebooka biur Fatahu na Zachodnim Brzegu, a tak\u017ce na oficjalnej stronie Fatahu, kt\u00f3ra pisze o Turkmanie jako \u201cbohaterskim m\u0119czenniku\u201d. <\/I><br \/>\n<P><I>Strony Facebooka zwi\u0105zane z Hamasem przedstawia\u0142y wezwania do personelu palesty\u0144skich si\u0142 bezpiecze\u0144stwa, by dokonywali podobnych zamach\u00f3w jako cz\u0119\u015b\u0107 obecnej intifady Al-Kuds, kt\u00f3ra zacz\u0119\u0142a si\u0119 w pa\u017adzierniku 2015 r. W sieciach spo\u0142eczno\u015bciowych pojawi\u0142y si\u0119 te\u017c hashtagi: &#8222;Opieraj\u0105cy si\u0119 policjant&#8221; i &#8222;M\u0119czennik policjant\u201d.<\/I><br \/>\n<P><I>Poni\u017cej podajemy przyk\u0142ady post\u00f3w zamieszczonych po zamachu: <\/I><br \/>\n<P><B>Oficjalne strony Fatahu na Facebooku chwal\u0105 &#8222;Bohatera m\u0119czennika Muhammada Turkmana&#8221;<\/B><br \/>\n<P>Po zamachu oficjalna strona Facebooka Fatahu zamie\u015bci\u0142a plakat pokazuj\u0105cy zdj\u0119cia Muhammada Turkmana na tle meczetu Al-Aksa. Plakat, zamieszczony tak\u017ce na stronach Facebooka biur Fatahi w Tulkarem, Betlejem, mie\u015bcie 'Illar i \u015br\u00f3dmie\u015bciu Chan Junis, mia\u0142 napis: &#8222;M\u0119czennik policjant Muhammad Turkman, oficer w si\u0142ach specjalnych policji palesty\u0144skiej, sprawca operacji strzelania w pobli\u017cu punktu kontrolnego w Beit El, kt\u00f3ry zrani\u0142 trzech \u017co\u0142nierzy izraelskich\u201d. Strony Facebooka przekazywa\u0142y plakat u\u017cywaj\u0105c r\u00f3\u017cnych hashtag\u00f3w, takich jak \u201cM\u0119czennik policjant\u201d, \u201cCz\u0142onek Palesty\u0144skiego Narodowego Ruchy Wyzwole\u0144czego Fatah\u201d, \u201cCz\u0142onek aparatu Autonomii Palesty\u0144skiej\u201d i \u201cHonorowy cz\u0142owiek prezydenta Mahmouda Abbasa&#8221;<A name=\"_ednref2\"><\/A> <A href=\"http:\/\/www.memri.org\/report\/en\/0\/0\/0\/0\/0\/0\/9526.htm#_edn2\">[2]<\/A>.<br \/>\n<P><img loading=\"lazy\" decoding=\"async\" class=\"alignnone size-full wp-image-5844\" src=\"http:\/\/www2.memri.org\/polaco\/wp-content\/uploads\/2016\/12\/30460.jpg\" width=\"314\" height=\"325\" srcset=\"https:\/\/www2.memri.org\/polish\/wp-content\/uploads\/2016\/12\/30460.jpg 314w, https:\/\/www2.memri.org\/polish\/wp-content\/uploads\/2016\/12\/30460-290x300.jpg 290w, https:\/\/www2.memri.org\/polish\/wp-content\/uploads\/2016\/12\/30460-32x32.jpg 32w\" sizes=\"auto, (max-width: 314px) 100vw, 314px\" \/><BR><br \/>\n<BR><br \/>\n<I>Plakat na oficjalnej stronie Facebooka Fatahu<\/I><br \/>\n<P>Dodatkowo, oficjalna strona Facebooka Fatahu zamie\u015bci\u0142a zdj\u0119cie Turkmana z karabinem u boku. Napis brzmi: \u201eM\u0142ody m\u0119czennik Muhammad 'Abd Al-Chalek Turkman z miasta Kabatija, sprawca operacji strzelania, kt\u00f3ra zrani\u0142a trzech \u017co\u0142nierzy przy punkcie kontrolnym Beit El w Ramallah. M\u0119czennik jest wojskowym, pracuj\u0105cym dla palesty\u0144skich [si\u0142] policji bezpiecze\u0144stwa&#8221;<A name=\"_ednref3\"><\/A> <A href=\"http:\/\/www.memri.org\/report\/en\/0\/0\/0\/0\/0\/0\/9526.htm#_edn3\">[3]. <\/A><br \/>\n<P>Zdj\u0119cie zosta\u0142o zamieszczone ponownie godzin\u0119 p\u00f3\u017aniej z tekstem: \u201cRuch Fatahu w Kabatiji u\u017cywa g\u0142o\u015bnik\u00f3w, by opiewa\u0107 swojego syna, bohaterskiego m\u0119czennika Muhammada Turkmana, kt\u00f3ry przeprowadzi\u0142 operacj\u0119 'Beit El&#8217; dzi\u015b wieczorem&#8221;<A name=\"_ednref4\"><\/A> <A href=\"http:\/\/www.memri.org\/report\/en\/0\/0\/0\/0\/0\/0\/9526.htm#_edn4\">[4]. <\/A><br \/>\n<P><img loading=\"lazy\" decoding=\"async\" class=\"alignnone size-full wp-image-5847\" src=\"http:\/\/www2.memri.org\/polaco\/wp-content\/uploads\/2016\/12\/30461.jpg\" width=\"397\" height=\"398\" srcset=\"https:\/\/www2.memri.org\/polish\/wp-content\/uploads\/2016\/12\/30461.jpg 397w, https:\/\/www2.memri.org\/polish\/wp-content\/uploads\/2016\/12\/30461-150x150.jpg 150w, https:\/\/www2.memri.org\/polish\/wp-content\/uploads\/2016\/12\/30461-300x300.jpg 300w, https:\/\/www2.memri.org\/polish\/wp-content\/uploads\/2016\/12\/30461-32x32.jpg 32w, https:\/\/www2.memri.org\/polish\/wp-content\/uploads\/2016\/12\/30461-50x50.jpg 50w, https:\/\/www2.memri.org\/polish\/wp-content\/uploads\/2016\/12\/30461-64x64.jpg 64w, https:\/\/www2.memri.org\/polish\/wp-content\/uploads\/2016\/12\/30461-96x96.jpg 96w, https:\/\/www2.memri.org\/polish\/wp-content\/uploads\/2016\/12\/30461-128x128.jpg 128w\" sizes=\"auto, (max-width: 397px) 100vw, 397px\" \/><BR><br \/>\n<P><BR><br \/>\n<I>Fatah w Kabatija informuje o opiewaniu &#8222;bohaterskiego m\u0119czennika Muhammada Turkmana&#8221;<\/I><br \/>\n<P><B>Strony Hamasu na Facebooku wzywaj\u0105 cz\u0142onk\u00f3w palesty\u0144skiego aparatu bezpiecze\u0144stwa do przeprowadzenia wi\u0119cej zamach\u00f3w <\/B><br \/>\n<P>Strona Facebooka palesty\u0144skiej agencji informacyjnej, Szihab, kt\u00f3ra jest stowarzyszona z Hamasem, zamie\u015bci\u0142a plakat witaj\u0105cy operacj\u0119 Muhammada 'Abd Al-Chaleka Turkmana i wzywaj\u0105cy innych cz\u0142onk\u00f3w palesty\u0144skiego aparatu bezpiecze\u0144stwa do zaanga\u017cowania si\u0119 w intifad\u0119. Napisali: &#8222;Ruch Hamasu z rado\u015bci\u0105 wita operacj\u0119 m\u0119czennika Muhammada Turkmana, oficera aparatu policyjnego, i uwa\u017ca to za pot\u0119\u017cne przes\u0142anie w dzia\u0142aniach przeciwko zbrodniom okupanta. Ruch wzywa wi\u0119cej cz\u0142onk\u00f3w palesty\u0144skich [aparat\u00f3w] bezpiecze\u0144stwa do do\u0142\u0105czenia do palesty\u0144skiej intifady. #Opieraj\u0105cy si\u0119 policjant.&#8221;<A name=\"_ednref5\"><\/A> <A href=\"http:\/\/www.memri.org\/report\/en\/0\/0\/0\/0\/0\/0\/9526.htm#_edn5\">[5] <\/A><br \/>\n<P><img loading=\"lazy\" decoding=\"async\" class=\"alignnone size-full wp-image-5852\" src=\"http:\/\/www2.memri.org\/polaco\/wp-content\/uploads\/2016\/12\/30462.jpg\" width=\"515\" height=\"271\" srcset=\"https:\/\/www2.memri.org\/polish\/wp-content\/uploads\/2016\/12\/30462.jpg 515w, https:\/\/www2.memri.org\/polish\/wp-content\/uploads\/2016\/12\/30462-300x158.jpg 300w\" sizes=\"auto, (max-width: 515px) 100vw, 515px\" \/><BR><br \/>\n<P><BR><br \/>\n<I>Grafika Hamasu zamieszczona na stronie Facebooka Szihab<\/I><br \/>\n<P>Strona Facebooka jednej z witryn internetowych Hamasu, PALDF, zamie\u015bci\u0142a grafik\u0119 ze zdj\u0119ciem Turkmana wraz ze zdj\u0119ciami cz\u0142onk\u00f3w palesty\u0144skiego aparatu bezpiecze\u0144stwa, kt\u00f3rzy dokonali poprzednich zamach\u00f3w na Izraelczyk\u00f3w podczas intifady Al-Kuds. S\u0105 to Mazan Hasan Ariwa, oficer wywiadu AP, kt\u00f3rzy otworzy\u0142 ogie\u0144 do \u017co\u0142nierzy izraelskich na punkcie kontrolnym Hizma 3 grudnia 2015 r.<A name=\"_ednref6\"><\/A> <A href=\"http:\/\/www.memri.org\/report\/en\/0\/0\/0\/0\/0\/0\/9526.htm#_edn6\">[6] <\/A> i Amd\u017cad Al-Sukari, cz\u0142onek si\u0142 bezpiecze\u0144stwa, kt\u00f3ry zrobi\u0142 to samo na punkcie kontrolnym Beit El 31 stycznia 2016 r.<A name=\"_ednref7\"><\/A> <A href=\"http:\/\/www.memri.org\/report\/en\/0\/0\/0\/0\/0\/0\/9526.htm#_edn7\">[7] <\/A> Obok zdj\u0119cia Turkmana jest kola\u017c ze znakiem zapytania i podpisem \u201cKto b\u0119dzie nast\u0119pny?\u201d<br \/>\n<P><img loading=\"lazy\" decoding=\"async\" class=\"alignnone size-full wp-image-5856\" src=\"http:\/\/www2.memri.org\/polaco\/wp-content\/uploads\/2016\/12\/30463.jpg\" width=\"456\" height=\"440\" srcset=\"https:\/\/www2.memri.org\/polish\/wp-content\/uploads\/2016\/12\/30463.jpg 456w, https:\/\/www2.memri.org\/polish\/wp-content\/uploads\/2016\/12\/30463-300x289.jpg 300w, https:\/\/www2.memri.org\/polish\/wp-content\/uploads\/2016\/12\/30463-435x420.jpg 435w, https:\/\/www2.memri.org\/polish\/wp-content\/uploads\/2016\/12\/30463-32x32.jpg 32w\" sizes=\"auto, (max-width: 456px) 100vw, 456px\" \/><BR><br \/>\n<P><BR><br \/>\n<I>Grafika zamieszczona na stronie Facebooka PALDF Hamasu<\/I><br \/>\n<P>Plakatami chwal\u0105cymi Turkmana dzili\u0142y si\u0119 tak\u017ce lokalne strony Facebooka Fataku w miastach palesty\u0144skich, jak r\u00f3wnie\u017c strony informacyjne. Jeden z takich plakat\u00f3w, zamieszczony przez stron\u0119 Facebooka \u201eWiadomo\u015bci palesty\u0144skie w ka\u017cdym momencie\u201d, kt\u00f3ry zamieszcza informacje i posty o tre\u015bci zwi\u0105zanej z Hamasem, chwali\u0142 zamach Turkmana i pisa\u0142, \u017ce jego nagroda b\u0119dzie bilet do raju. Napis brzmi: \u201eMy, m\u0119\u017cczy\u017ani [Zachodniego] Brzegu, przyszli\u015bmy, by umiera\u0107 jako m\u0119czennicy. Te strza\u0142y s\u0105 dla ciebie, matko, i z nimi przejd\u0119 bramy raju. Tutaj oni s\u0105, tutaj oni s\u0105, tutaj oni s\u0105 &#8211; bezprzyk\u0142adni bohaterzy&#8221;<A name=\"_ednref8\"><\/A> <A href=\"http:\/\/www.memri.org\/report\/en\/0\/0\/0\/0\/0\/0\/9526.htm#_edn8\">[8]. <\/A><br \/>\n<P><img loading=\"lazy\" decoding=\"async\" class=\"alignnone size-full wp-image-5860\" src=\"http:\/\/www2.memri.org\/polaco\/wp-content\/uploads\/2016\/12\/30464.jpg\" width=\"650\" height=\"394\" srcset=\"https:\/\/www2.memri.org\/polish\/wp-content\/uploads\/2016\/12\/30464.jpg 650w, https:\/\/www2.memri.org\/polish\/wp-content\/uploads\/2016\/12\/30464-300x182.jpg 300w, https:\/\/www2.memri.org\/polish\/wp-content\/uploads\/2016\/12\/30464-600x364.jpg 600w\" sizes=\"auto, (max-width: 650px) 100vw, 650px\" \/><BR><br \/>\n<I>&#8222;We, men of the [West] Bank, came to die as martyrs&#8221;<\/I><br \/>\n<P><BR><br \/>\n<I>&#8222;My, m\u0119\u017cczy\u017ani [Zachodniego] Brzegu, przyszli\u015bmy, by umiera\u0107 jako m\u0119czennicy\u201d <\/I><br \/>\n<P><br \/>\n<P><br \/>\n<P><I>Przypisy (nie spolszczone):<\/I><br \/>\n<P><A name=\"_edn1\"><\/A> <A href=\"http:\/\/www.memri.org\/report\/en\/0\/0\/0\/0\/0\/0\/9526.htm#_ednref1\">[1] <\/A> <I>Al-Quds <\/I>(East Jerusalem), November 1, 2016.<A name=\"_edn2\"><BR><br \/>\n<\/A> <A href=\"http:\/\/www.memri.org\/report\/en\/0\/0\/0\/0\/0\/0\/9526.htm#_ednref2\">[2] <\/A> Facebook.com\/Official.Fateh.1965, October 31, 2016; Facebook.com\/Fatah.Tulkarm, November 1, 2016; Facebook.com\/iglimfateh, October 31, 2016; Facebook.com\/Hrkhfath, November 1, 2016; Facebook.com\/Fateh.illar, November 1, 2016.<A name=\"_edn3\"><BR><br \/>\n<\/A> <A href=\"http:\/\/www.memri.org\/report\/en\/0\/0\/0\/0\/0\/0\/9526.htm#_ednref3\">[3] <\/A> Facebook.com\/Official.Fateh.1965, October 31, 2016.<A name=\"_edn4\"><BR><br \/>\n<\/A> <A href=\"http:\/\/www.memri.org\/report\/en\/0\/0\/0\/0\/0\/0\/9526.htm#_ednref4\">[4] <\/A> Facebook.com\/Official.Fateh.1965, October 31, 2016.<A name=\"_edn5\"><BR><br \/>\n<\/A> <A href=\"http:\/\/www.memri.org\/report\/en\/0\/0\/0\/0\/0\/0\/9526.htm#_ednref5\">[5] <\/A> Facebook.com\/ShehabAgency.MainPage, October 31, 2016.<A name=\"_edn6\"><BR><br \/>\n<\/A> <A href=\"http:\/\/www.memri.org\/report\/en\/0\/0\/0\/0\/0\/0\/9526.htm#_ednref6\">[6] <\/A> Qudspress.com, December 3, 2015.<A name=\"_edn7\"><BR><br \/>\n<\/A> <A href=\"http:\/\/www.memri.org\/report\/en\/0\/0\/0\/0\/0\/0\/9526.htm#_ednref7\">[7] <\/A> Qudsn.ps, January 31, 2016.<A name=\"_edn8\"><BR><br \/>\n<\/A> <A href=\"http:\/\/www.memri.org\/report\/en\/0\/0\/0\/0\/0\/0\/9526.htm#_ednref8\">[8] <\/A> Facebook.com\/lehza.blahza, October 31, 2016.<br \/>\n<P><br \/>\n<P><B>Visit the MEMRI site in Polish: <\/B><A href=\"http:\/\/www2.memri.org\/polish\/\"><B>http:\/\/www2.memri.org\/polish\/<\/B><\/A><br \/>\n<P><B>If you wish to reply, please send your email to <\/B><A href=\"javascript:void(0)\"><B>memri@memrieurope.org<\/B><\/A> <B>. <\/B><br \/>\n<\/div>\n","protected":false},"excerpt":{"rendered":"<p>31 pa\u017adziernika 2016 r. Muhammad 'Abd Al-Chalek Turkman, 25-letni policjant palesty\u0144ski, dokona\u0142 zamachu z u\u017cyciem karabiny na punkt kontrolny w Beit El, rani\u0105c trzech \u017co\u0142nierzy izraelskich, w tym jednego ci\u0119\u017cko. Brat Turkmana, Rabia, kt\u00f3ry zosta\u0142 zabity w 2011 r., by\u0142 funkcjonariuszem w Brygadach M\u0119czennik\u00f3w Al-Aksa i Komitetach Ludowego Oporu, oraz dzia\u0142a\u0142 w starciach z Izraelem [&hellip;]<\/p>\n","protected":false},"author":1,"featured_media":5844,"comment_status":"open","ping_status":"closed","sticky":false,"template":"","format":"standard","meta":{"footnotes":""},"categories":[824,828,835,837],"tags":[],"class_list":["post-3977","post","type-post","status-publish","format-standard","has-post-thumbnail","hentry","category-specjalne-komunikaty","category-autonomia-palestynska","category-archiwum","category-kraje"],"_links":{"self":[{"href":"https:\/\/www2.memri.org\/polish\/wp-json\/wp\/v2\/posts\/3977","targetHints":{"allow":["GET"]}}],"collection":[{"href":"https:\/\/www2.memri.org\/polish\/wp-json\/wp\/v2\/posts"}],"about":[{"href":"https:\/\/www2.memri.org\/polish\/wp-json\/wp\/v2\/types\/post"}],"author":[{"embeddable":true,"href":"https:\/\/www2.memri.org\/polish\/wp-json\/wp\/v2\/users\/1"}],"replies":[{"embeddable":true,"href":"https:\/\/www2.memri.org\/polish\/wp-json\/wp\/v2\/comments?post=3977"}],"version-history":[{"count":1,"href":"https:\/\/www2.memri.org\/polish\/wp-json\/wp\/v2\/posts\/3977\/revisions"}],"predecessor-version":[{"id":5868,"href":"https:\/\/www2.memri.org\/polish\/wp-json\/wp\/v2\/posts\/3977\/revisions\/5868"}],"wp:featuredmedia":[{"embeddable":true,"href":"https:\/\/www2.memri.org\/polish\/wp-json\/wp\/v2\/media\/5844"}],"wp:attachment":[{"href":"https:\/\/www2.memri.org\/polish\/wp-json\/wp\/v2\/media?parent=3977"}],"wp:term":[{"taxonomy":"category","embeddable":true,"href":"https:\/\/www2.memri.org\/polish\/wp-json\/wp\/v2\/categories?post=3977"},{"taxonomy":"post_tag","embeddable":true,"href":"https:\/\/www2.memri.org\/polish\/wp-json\/wp\/v2\/tags?post=3977"}],"curies":[{"name":"wp","href":"https:\/\/api.w.org\/{rel}","templated":true}]}}