{"id":3892,"date":"2016-07-07T00:00:00","date_gmt":"2016-07-07T00:00:00","guid":{"rendered":"http:\/\/www2.memri.org\/polaco\/publicysta-arabski-musimy-przeprowadzic-czystke-naszych-zrodel-islamskiego-ekstremizmu-tak-jak-niemcy-po-ii-wojnie-swiatowej-przeprowadzily-czystke-swoich-zrodel-nazizmu\/3892"},"modified":"2016-07-07T00:00:00","modified_gmt":"2016-07-07T00:00:00","slug":"publicysta-arabski-musimy-przeprowadzic-czystke-naszych-zrodel-islamskiego-ekstremizmu-tak-jak-niemcy-po-ii-wojnie-swiatowej-przeprowadzily-czystke-swoich-zrodel-nazizmu","status":"publish","type":"post","link":"https:\/\/www2.memri.org\/polish\/publicysta-arabski-musimy-przeprowadzic-czystke-naszych-zrodel-islamskiego-ekstremizmu-tak-jak-niemcy-po-ii-wojnie-swiatowej-przeprowadzily-czystke-swoich-zrodel-nazizmu\/3892","title":{"rendered":"Publicysta arabski: Musimy przeprowadzi\u0107 czystk\u0119 naszych \u017ar\u00f3de\u0142 islamskiego ekstremizmu, tak jak Niemcy po II wojnie \u015bwiatowej przeprowadzi\u0142y czystk\u0119 swoich \u017ar\u00f3de\u0142 nazizmu"},"content":{"rendered":"<div class=\"bodytext c1\">\n<p><em>W artykule z 5 lipca 2016 r. w wychodz\u0105cej w Londynie gazecie saudyjskiej \u201e<\/em><em>Al-Sharq Al-Awsat\u201d, pod tytu\u0142em \u201eWykorzeni\u0107 ekstremizm\u201d, Hussein Shobokshi wezwa\u0142 \u015bwiat muzu\u0142ma\u0144ski do zrobienia tego, co zrobi\u0142y Niemcy po II wojnie \u015bwiatowej, by zwalczy\u0107 nazizm w celu oczyszczenia si\u0119 z w\u0142asnych \u017ar\u00f3de\u0142 ekstremizmu.<\/em><\/p>\n<p><em>Poni\u017cej podajemy fragmenty jego artyku\u0142u<a name=\"_ednref1\"><\/a> <a href=\"http:\/\/www.memri.org\/report\/en\/0\/0\/0\/0\/0\/0\/9311.htm#_edn1\">[1]<\/a>:<\/em><\/p>\n<p>Kiedy upad\u0142 re\u017cim nazistowski i Adolf Hitler zosta\u0142 pokonany pod koniec II wojny \u015bwiatowej\u2026 Niemcy postanowi\u0142y uporz\u0105dkowa\u0107 w\u0142asny dom wszechstronnie, dog\u0142\u0119bnie i powa\u017cnie. Zbada\u0142y same siebie dog\u0142\u0119bnie, obiektywnie i surowo i odkry\u0142y, \u017ce g\u0142\u00f3wnym rozwi\u0105zaniem problemu jest wykorzenienie ideologii nazistowskiej.<\/p>\n<p>Rozpocz\u0119\u0142y wi\u0119c zdecydowan\u0105 kampani\u0119, by wykorzeni\u0107 bezpo\u015brednie i po\u015brednie wp\u0142ywy ideologii nazistowskiej na wszystko, co dotyczy\u0142o dziedzictwa, kultury, ideologii, sztuki i polityki Niemiec. Przekopa\u0142y si\u0119 przez my\u015bli Goethego, Nietzschego i Kanta, przeczesuj\u0105c ich pisma g\u0119stym grzebieniem z obawy, \u017ce odegra\u0142y one rol\u0119 w wp\u0142ywaniu na innych i torowaniu wyra\u017anej drogi do ekstremizmu, a p\u00f3\u017aniej do nazizmu. Ponadto zwr\u00f3ci\u0142y si\u0119 tak\u017ce do muzycznego dziedzictwa [Niemiec] i zakaza\u0142y wykonywania muzyki znanego niemieckiego muzyka i kompozytora, Wagnera, kt\u00f3rego Hitler s\u0142ucha\u0142 regularnie. Zakazano jego muzyki w obawie, \u017ce b\u0119dzie czynnikiem wp\u0142ywaj\u0105cym na ideologi\u0119 ludzi i zach\u0119caj\u0105cym do ekstremizmu <a name=\"_ednref2\"><\/a> <a href=\"http:\/\/www.memri.org\/report\/en\/0\/0\/0\/0\/0\/0\/9311.htm#_edn2\">[2].<\/a><\/p>\n<p>Niemcy zrozumia\u0142y, \u017ce stoj\u0105 przed krytycznym wyzwaniem, kt\u00f3re zobowi\u0105zuje je do zdecydowania z ca\u0142\u0105 powag\u0105, czy by\u0107, czy nie by\u0107. W \u015bwietle powagi sytuacji musia\u0142y stan\u0105\u0107 twarz\u0105 w twarz ze z\u0142o\u017conymi problemami nazizmu &#8211; obcesowo i z \u017celazn\u0105 pi\u0119\u015bci\u0105.<\/p>\n<p>Przed takim w\u0142a\u015bnie problemem stoi \u015bwiat muzu\u0142ma\u0144ski -zdolno\u015bci\u0105 uporania si\u0119 z ekstremizmem kryj\u0105cym si\u0119 na stronach niekt\u00f3rych pism, u\u017cywanych przez ekstremist\u00f3w do legitymizowania i umacniania swojego stanowiska, czyn\u00f3w i zbrodni.<\/p>\n<p>Jeste\u015bmy dzisiaj \u015bwiadkami powtarzaj\u0105cych si\u0119 morderstw i [atak\u00f3w] terroru [dokonywanych] przez organizacje takie jak A-Kaida, Hezbollah i ISIS; morduj\u0105 oni i niszcz\u0105 w oparciu o fatwy [przeciwko] opinii Zachodu. Jak d\u0142ugo ta sprawa jest prezentowana i traktowana w jedwabnych r\u0119kawiczkach, nigdy nie osi\u0105gniemy wynik\u00f3w, kt\u00f3re s\u0105 powa\u017cne, pomocne, wp\u0142ywowe i konieczne. Musimy w pe\u0142ni zrozumie\u0107, \u017ce musimy podj\u0105\u0107 wiele krok\u00f3w dla wykorzenienia ideologii terroryzmu i \u017ce ta droga b\u0119dzie \u017cmudna. Musimy by\u0107 przekonani, \u017ce nie robimy tego w celu przypodobania si\u0119 Zachodowi ani nikomu innemu, ale raczej [po to], by chroni\u0107 religi\u0119 i spo\u0142ecze\u0144stwa islamskie przed tym niebezpiecze\u0144stwem, poniewa\u017c one doznaj\u0105 najci\u0119\u017cszych szk\u00f3d i [trac\u0105] najwi\u0119cej ofiar.<\/p>\n<p>Sprawa jest zasadnicza i bardzo powa\u017cna. Min\u0105\u0142 ramadan; ataki organizacji terrorystycznych nie usta\u0142y; i krew p\u0142ynie ulicami w ka\u017cdym niemal kraju islamskim. Jest naszym obowi\u0105zkiem przeprowadzenie czystki i oczyszczenie \u017ar\u00f3de\u0142 ekstremizmu &#8211; a je\u015bli tego nie zrobimy, nie b\u0119dzie niestety ko\u0144ca [rozlewowi] krwi\u2026<\/p>\n<p>Oczy zachodz\u0105 \u0142zami na widok mord\u00f3w i krwi.<\/p>\n<p>Przypisy:<\/p>\n<p><a name=\"_edn1\"><\/a> <a href=\"http:\/\/www.memri.org\/report\/en\/0\/0\/0\/0\/0\/0\/9311.htm#_ednref1\">[1]<\/a> \u201eAl-Sharq Al-Awsat\u201d (Londyn), 5 lipca 2016.<a name=\"_edn2\"><br \/><\/a> <a href=\"http:\/\/www.memri.org\/report\/en\/0\/0\/0\/0\/0\/0\/9311.htm#_ednref2\">[2]<\/a> Autor m\u00f3g\u0142 mie\u0107 na my\u015bli tymczasowe przerwanie Bayreuth Festival, kiedy Niemcy by\u0142y pod okupacja i Bayreuth by\u0142o w strefie ameryka\u0144skiej. W ka\u017cdym razie festiwal wagnerowski powr\u00f3ci\u0142 do Bayreuth w 1951 r. i Wagnera gra si\u0119 w ca\u0142ych Niemczech.<\/p>\n<p><strong>Visit the MEMRI site in Polish:<\/strong> <a href=\"http:\/\/www2.memri.org\/polish\/\">http:\/\/www2.memri.org\/polish\/<\/a><\/p>\n<p><strong>If you wish to reply, please send your email to<\/strong> <a href=\"javascript:void(0)\"><strong>memri@memrieurope.org<\/strong><\/a> <strong>.<\/strong><\/p>\n<\/div>\n","protected":false},"excerpt":{"rendered":"<p>W artykule z 5 lipca 2016 r. w wychodz\u0105cej w Londynie gazecie saudyjskiej \u201eAl-Sharq Al-Awsat\u201d, pod tytu\u0142em \u201eWykorzeni\u0107 ekstremizm\u201d, Hussein Shobokshi wezwa\u0142 \u015bwiat muzu\u0142ma\u0144ski do zrobienia tego, co zrobi\u0142y Niemcy po II wojnie \u015bwiatowej, by zwalczy\u0107 nazizm w celu oczyszczenia si\u0119 z w\u0142asnych \u017ar\u00f3de\u0142 ekstremizmu. Poni\u017cej podajemy fragmenty jego artyku\u0142u [1]: Kiedy upad\u0142 re\u017cim nazistowski [&hellip;]<\/p>\n","protected":false},"author":1,"featured_media":0,"comment_status":"open","ping_status":"closed","sticky":false,"template":"","format":"standard","meta":{"footnotes":""},"categories":[824,831,835,836],"tags":[],"class_list":["post-3892","post","type-post","status-publish","format-standard","hentry","category-specjalne-komunikaty","category-projekt-dokumentacji-antysemityzmu","category-archiwum","category-tematy"],"_links":{"self":[{"href":"https:\/\/www2.memri.org\/polish\/wp-json\/wp\/v2\/posts\/3892","targetHints":{"allow":["GET"]}}],"collection":[{"href":"https:\/\/www2.memri.org\/polish\/wp-json\/wp\/v2\/posts"}],"about":[{"href":"https:\/\/www2.memri.org\/polish\/wp-json\/wp\/v2\/types\/post"}],"author":[{"embeddable":true,"href":"https:\/\/www2.memri.org\/polish\/wp-json\/wp\/v2\/users\/1"}],"replies":[{"embeddable":true,"href":"https:\/\/www2.memri.org\/polish\/wp-json\/wp\/v2\/comments?post=3892"}],"version-history":[{"count":0,"href":"https:\/\/www2.memri.org\/polish\/wp-json\/wp\/v2\/posts\/3892\/revisions"}],"wp:attachment":[{"href":"https:\/\/www2.memri.org\/polish\/wp-json\/wp\/v2\/media?parent=3892"}],"wp:term":[{"taxonomy":"category","embeddable":true,"href":"https:\/\/www2.memri.org\/polish\/wp-json\/wp\/v2\/categories?post=3892"},{"taxonomy":"post_tag","embeddable":true,"href":"https:\/\/www2.memri.org\/polish\/wp-json\/wp\/v2\/tags?post=3892"}],"curies":[{"name":"wp","href":"https:\/\/api.w.org\/{rel}","templated":true}]}}