{"id":3865,"date":"2016-06-10T00:00:00","date_gmt":"2016-06-10T00:00:00","guid":{"rendered":"http:\/\/www2.memri.org\/polaco\/mieszkajacy-w-niemczech-poplecznik-isis-i-wykladowca-akademicki-malik-fndy-zaaresztowany-po-opublikowaniu-filmu-memri-podejmuje-dzialalnosc-na-facebooku-na-rzecz-isis\/3865"},"modified":"2016-12-01T23:28:13","modified_gmt":"2016-12-01T23:28:13","slug":"mieszkajacy-w-niemczech-poplecznik-isis-i-wykladowca-akademicki-malik-fndy-zaaresztowany-po-opublikowaniu-filmu-memri-podejmuje-dzialalnosc-na-facebooku-na-rzecz-isis","status":"publish","type":"post","link":"https:\/\/www2.memri.org\/polish\/mieszkajacy-w-niemczech-poplecznik-isis-i-wykladowca-akademicki-malik-fndy-zaaresztowany-po-opublikowaniu-filmu-memri-podejmuje-dzialalnosc-na-facebooku-na-rzecz-isis\/3865","title":{"rendered":"Mieszkaj\u0105cy w Niemczech poplecznik ISIS i wyk\u0142adowca akademicki Malik Fndy zaaresztowany po opublikowaniu filmu MEMRI podejmuje dzia\u0142alno\u015b\u0107 na Facebooku na rzecz ISIS"},"content":{"rendered":"<p><!-- Document Body --><br \/>\n<DIV ALIGN=\"justify\" CLASS=\"bodytext\"><br \/>\n<P><I>W lutym 2016 r. niemiecka policja zaaresztowa\u0142a Malika Fndy, urodzonego w Syrii doktoranta na Uniwersytecie Technicznym w Darmstadt, kt\u00f3ry opublikowa\u0142 kilka film\u00f3w na swoim prywatnym koncie na YouTube g\u0142osz\u0105c poparcie dla ISIS. Fndy opublikowa\u0142 r\u00f3wnie\u017c liczne posty z poparciem dla ISIS na swoim koncie na Facebooku. Aresztowanie nast\u0105pi\u0142o po opublikowaniu przez MEMRI filmiku<\/I><A name=\"_ednref1\"><\/A> <A href=\"http:\/\/www.memri.org\/report\/en\/0\/0\/0\/0\/0\/0\/9247.htm#_edn1\"><I>[1] <\/I><\/A> <I>, na kt\u00f3rym Fndy t\u0142umaczy\u0142 dlaczego popiera ISIS i usprawiedliwia\u0142 spalenie przez t\u0119 organizacj\u0119 jorda\u0144skiego pilota Muatha al-Kasasbeha, podobnie jak praktyki kamieniowania kobiet oskar\u017conych o cudzo\u0142\u00f3stwo.<\/I><br \/>\n<P><I>Po wst\u0119pnym post\u0119powaniu wyja\u015bniaj\u0105cym Fndy opublikowa\u0142 kolejny filmik na YouTube, w kt\u00f3rym skar\u017cy\u0142 si\u0119 na \u201ekampani\u0119 fa\u0142szerstw przez niekt\u00f3rych ameryka\u0144skich i niemieckich dziennikarzy\u201d i dzi\u0119kowa\u0142 niemieckiej policji za jej \u201esprawiedliwe traktowanie\u201d go<\/I><A name=\"_ednref2\"><\/A> <A href=\"http:\/\/www.memri.org\/report\/en\/0\/0\/0\/0\/0\/0\/9247.htm#_edn2\"><I>[2]<\/I><\/A> <I>. W tamtym czasie Fndy wstrzyma\u0142 swoj\u0105 aktywno\u015b\u0107 na Facebooku.<\/I><br \/>\n<P><img loading=\"lazy\" decoding=\"async\" class=\"alignnone size-full wp-image-6144\" src=\"http:\/\/www2.memri.org\/polaco\/wp-content\/uploads\/2016\/12\/28552.jpg\" width=\"1215\" height=\"748\" srcset=\"https:\/\/www2.memri.org\/polish\/wp-content\/uploads\/2016\/12\/28552.jpg 1215w, https:\/\/www2.memri.org\/polish\/wp-content\/uploads\/2016\/12\/28552-300x185.jpg 300w, https:\/\/www2.memri.org\/polish\/wp-content\/uploads\/2016\/12\/28552-768x473.jpg 768w, https:\/\/www2.memri.org\/polish\/wp-content\/uploads\/2016\/12\/28552-1024x630.jpg 1024w, https:\/\/www2.memri.org\/polish\/wp-content\/uploads\/2016\/12\/28552-600x369.jpg 600w, https:\/\/www2.memri.org\/polish\/wp-content\/uploads\/2016\/12\/28552-356x220.jpg 356w, https:\/\/www2.memri.org\/polish\/wp-content\/uploads\/2016\/12\/28552-696x428.jpg 696w, https:\/\/www2.memri.org\/polish\/wp-content\/uploads\/2016\/12\/28552-1068x658.jpg 1068w, https:\/\/www2.memri.org\/polish\/wp-content\/uploads\/2016\/12\/28552-682x420.jpg 682w\" sizes=\"auto, (max-width: 1215px) 100vw, 1215px\" \/><BR><br \/>\n<BR><br \/>\n<I>Film ze stycznia 2016 r. \u201eDlaczego popieram ISIS\u201d<\/I><br \/>\n<P><I>19 maja Fndy podj\u0105\u0142 swoj\u0105 dzia\u0142alno\u015b\u0107 na Facebooku. \u201eOto moje nowe konto\u201d napisa\u0142, \u201epo tym jak moje stare konto zosta\u0142o zamkni\u0119te przez Facebooka\u2026 Islamski kalifat jest tutaj i pozostanie i b\u0119dzie si\u0119 rozszerza\u0142 czy niewiernym, szyickim odst\u0119pcom, apostatom, hipokrytom i zdrajcom podoba si\u0119 to, czy nie. Mam nadziej\u0119, \u017ce to konto b\u0119dzie miejscem g\u0142oszenia prawdy i zwalczania fa\u0142szu\u2026 wasz brat, Malik Fndy\u201d<\/I><A name=\"_ednref3\"><\/A> <A href=\"http:\/\/www.memri.org\/report\/en\/0\/0\/0\/0\/0\/0\/9247.htm#_edn3\"><I>[3]<\/I><\/A> <I>.<\/I><I> Od tego czasu opublikowa\u0142 liczne posty s\u0142awi\u0105ce ISIS i atakuj\u0105ce jego wrog\u00f3w. Opublikowa\u0142 r\u00f3wnie\u017c opis wymiany zda\u0144 jak\u0105 odby\u0142 z jednym z przedstawicieli niemieckich organ\u00f3w \u015bledczych.<\/I><br \/>\n<P><I>Poni\u017cej s\u0105 detale.<\/I><br \/>\n<P><img loading=\"lazy\" decoding=\"async\" class=\"alignnone size-full wp-image-6154\" src=\"http:\/\/www2.memri.org\/polaco\/wp-content\/uploads\/2016\/12\/28560.jpg\" width=\"358\" height=\"328\" srcset=\"https:\/\/www2.memri.org\/polish\/wp-content\/uploads\/2016\/12\/28560.jpg 358w, https:\/\/www2.memri.org\/polish\/wp-content\/uploads\/2016\/12\/28560-300x275.jpg 300w\" sizes=\"auto, (max-width: 358px) 100vw, 358px\" \/><BR><br \/>\n<BR><br \/>\n2 czerwca, post na Facebooku<br \/>\n<P>Fndy umie\u015bci\u0142 zdj\u0119cie z filmu zrobionego przez ISIS dokumentuj\u0105cego zabicie w ofierze pilota al-Kasasbeha i napisa\u0142: \u201eKiedykolwiek ogl\u0105dam stare i nowe publikacje Pa\u0144stwa Islamskiego wype\u0142nia mnie wielka duma z powodu mojego dla niego poparcia, kt\u00f3ra unosi sztandar mojej religii, czy niewiernym i apostatom podoba si\u0119 to, czy nie i broni mojego honoru i krwi moich ludzi przed \u015bwiniami-agresorami.\u201d<A name=\"_ednref4\"><\/A> <A href=\"http:\/\/www.memri.org\/report\/en\/0\/0\/0\/0\/0\/0\/9247.htm#_edn4\">[4] <\/A><br \/>\n<P><img loading=\"lazy\" decoding=\"async\" class=\"alignnone size-full wp-image-6155\" src=\"http:\/\/www2.memri.org\/polaco\/wp-content\/uploads\/2016\/12\/28561.jpg\" width=\"348\" height=\"459\" srcset=\"https:\/\/www2.memri.org\/polish\/wp-content\/uploads\/2016\/12\/28561.jpg 348w, https:\/\/www2.memri.org\/polish\/wp-content\/uploads\/2016\/12\/28561-227x300.jpg 227w, https:\/\/www2.memri.org\/polish\/wp-content\/uploads\/2016\/12\/28561-318x420.jpg 318w\" sizes=\"auto, (max-width: 348px) 100vw, 348px\" \/><BR><br \/>\n<BR><br \/>\n<I>Strona YouTube Fndy\u2019ego (dost\u0119p 8 czerwca 2016)<\/I><br \/>\n<P>Na swoim nowym koncie Fndy opublikowa\u0142 liczne ataki na saudyjsk\u0105 rodzin\u0119 kr\u00f3lewsk\u0105 i na szyit\u00f3w. Powt\u00f3rzy\u0142 swojej poparcie dla ISIS w wielu postach i promowa\u0142 materia\u0142y i konta na mediach spo\u0142eczno\u015bciowych powi\u0105zane z ISIS. 23 maja umie\u015bci\u0142 zdj\u0119cie niemieckiego dziennikarza Tobiasa Hucha trzymaj\u0105cego bro\u0144 w czasie swojej wizyty w Peszmerdze i napisa\u0142: \u201eOsoba widoczna na tym zdj\u0119ciu to niemiecki dziennikarz Tobias Hoch [sic], kt\u00f3ry pomaga\u0142 w moim aresztowaniu przez w\u0142adze niemieckie dwa miesi\u0105ce temu, wypaczaj\u0105c m\u00f3j wizerunek w kooperacji z \u017cydowsk\u0105 instytucj\u0105 MEMRI z siedzib\u0105 w Waszyngtonie pod pretekstem, \u017ce popieram Pa\u0144stwo Islamskie po tym jak umie\u015bci\u0142em filmik na YouTube.\u201d<A name=\"_ednref5\"><\/A> <A href=\"http:\/\/www.memri.org\/report\/en\/0\/0\/0\/0\/0\/0\/9247.htm#_edn5\">[5]<\/A>  Fndy napisa\u0142, \u017ce Peszmerga jest nielegaln\u0105 organizacj\u0105 w Niemczech i wezwa\u0142 w\u0142adze, aby zaj\u0119\u0142y si\u0119 Huchem.<br \/>\n<P><img loading=\"lazy\" decoding=\"async\" class=\"alignnone size-full wp-image-6160\" src=\"http:\/\/www2.memri.org\/polaco\/wp-content\/uploads\/2016\/12\/28562.jpg\" width=\"342\" height=\"445\" srcset=\"https:\/\/www2.memri.org\/polish\/wp-content\/uploads\/2016\/12\/28562.jpg 342w, https:\/\/www2.memri.org\/polish\/wp-content\/uploads\/2016\/12\/28562-231x300.jpg 231w, https:\/\/www2.memri.org\/polish\/wp-content\/uploads\/2016\/12\/28562-323x420.jpg 323w\" sizes=\"auto, (max-width: 342px) 100vw, 342px\" \/><BR><br \/>\n<BR><br \/>\nStrona Facebookowa Fndy\u2019ego (dost\u0119p 8 czerwca 2016)<br \/>\n<P>23 maja Fndy skomentowa\u0142 ataki terrorystyczne w Tartusie i D\u017cableh w Syrii, w kt\u00f3rych zgin\u0119\u0142a znaczna liczba cywil\u00f3w. Ataki &#8211; napisa\u0142 na Facebooku &#8211; zosta\u0142y przeprowadzone przez \u201ebohater\u00f3w Pa\u0144stwa Islamskiego\u201d. W ataku w D\u017cableh terrorysta-samob\u00f3jca pomaga\u0142 nie\u015b\u0107 rannego w pierwszym ataku do szpitala, gdzie wysadzi\u0142 si\u0119 w powietrze. Fndy tak to skomentowa\u0142: \u201eNa Allaha, b\u0119dziecie \u017cyczy\u0107 sobie naturalnej \u015bmierci, o alawici. Jak d\u0142ugo mud\u017cahedini Pa\u0144stwa Islamskiego utrzymuj\u0105 tak\u0105 postaw\u0119 i dokonuj\u0105 takich czyn\u00f3w b\u0119dziecie si\u0119 cieszy\u0107 wy\u0142\u0105cznie cz\u0119\u015bciami cia\u0142 waszych dzieci i waszych krewnych. Tak nauczycie si\u0119 kary dla ka\u017cdego zwalczaj\u0105cego tych, kt\u00f3rzy wprowadzaj\u0105 prawo Allaha.\u201d<A name=\"_ednref6\"><\/A> <A href=\"http:\/\/www.memri.org\/report\/en\/0\/0\/0\/0\/0\/0\/9247.htm#_edn6\">[6] <\/A><br \/>\n<P>Potem, 6 czerwca, rozszerzy\u0142 \u017cyczenia \u015bwi\u0105teczne na pierwszy dzie\u0144 ramadanu na przyw\u00f3dc\u0119 ISIS: \u201eChcia\u0142bym pogratulowa\u0107 wielebnemu szejkowi Abu Bakr Al-Baghdadi Al-Quraiszi, kalifowi muzu\u0142man\u00f3w, z okazji rozpoczynaj\u0105cego si\u0119 b\u0142ogos\u0142awionego miesi\u0105ca ramadanu na terenach Pa\u0144stwa Islamskiego. Modl\u0119 si\u0119, \u017ceby Allah go b\u0142ogos\u0142awi\u0142 i uczyni\u0142 go cierniem w gard\u0142ach niewiernych, apostat\u00f3w i tych kt\u00f3rzy wiod\u0105 ludzi na manowce. Gratulujemy naszym braciom na granicach chwa\u0142y i triumfu islamu. Modl\u0119 si\u0119, \u017ceby Allah zes\u0142a\u0142 Pa\u0144stwu Islamskiemu zwyci\u0119stwo, dominacj\u0119, kierunek i prowadzenie.\u201d<A name=\"_ednref7\"><\/A> <A href=\"http:\/\/www.memri.org\/report\/en\/0\/0\/0\/0\/0\/0\/9247.htm#_edn7\">[7] <\/A><br \/>\n<P><B>Przes\u0142uchanie przez policj\u0119<\/B><br \/>\n<P>Fdny opublikowa\u0142 na Facebooku sprawozdanie ze swojego przes\u0142uchania przez niemieck\u0105 policj\u0119 pod tytu\u0142em: \u201eMoja historia z niemieckim \u015bledczym\u201d<br \/>\n<P>\u201eKilka dni temu mia\u0142em spotkanie z niemieckim \u015bledczym w niemieckim mie\u015bcie Darmstadt, gdzie zosta\u0142em aresztowany jakie\u015b trzy miesi\u0105ce temu, celem zabrania moich rzeczy, z kt\u00f3rych \u2018wi\u0119kszo\u015b\u0107\u2019 wci\u0105\u017c by\u0142a w ich posiadaniu. Po zako\u0144czeniu przeze mnie czynno\u015bci wszed\u0142 jeden z przes\u0142uchuj\u0105cych. Gniew by\u0142 wypisany na jego twarzy. Kiedy proces zbierania moich rzeczy dobieg\u0142 ko\u0144ca, powiedzia\u0142 do mnie bardzo g\u0142o\u015bno (tak jakbym sta\u0142 przed arabskim \u015bledczym): \u2018G\u00f3wno, kt\u00f3re publikujesz na swoim Facebooku zosta\u0142o przet\u0142umaczone i musisz je usun\u0105\u0107. Mieszkasz w Niemczech i je\u017celi chcesz tu mieszka\u0107 [wiedz], \u017ce to co piszesz jest niew\u0142a\u015bciwe dla Niemiec. Albo wyje\u017cd\u017caj do Syrii i tam mo\u017cesz pisa\u0107 co chcesz\u2019. Powiedzia\u0142 te\u017c, \u017ce to, \u017ce w obecnej chwili jestem poza wi\u0119zieniem nie oznacza, \u017ce nie odwo\u0142aj\u0105 si\u0119 do s\u0105du wy\u017cszej instancji, aby mnie z powrotem wsadzi\u0107 do wi\u0119zienia. Doda\u0142 drwi\u0105co: \u2018To s\u0105 Niemcy. Tu nie kamienujemy kobiet. A do tego nawo\u0142ujesz\u2019.\u201d<br \/>\n<P>Pr\u00f3bowa\u0142em mu przerwa\u0107, ale powiedzia\u0142 do mnie z arogancj\u0105 i nienawi\u015bci\u0105: \u2018Wyno\u015b si\u0119 st\u0105d. Ju\u017c. Ju\u017c\u2019.<br \/>\n<P>Oczywi\u015bcie to co powiedzia\u0142 nie mog\u0142o mnie mniej obchodzi\u0107. Ten kto niesie prawd\u0119 nie dba o tyrani\u0119 opresyjnych os\u00f3b \u017cycz\u0105cych z\u0142a. Powiedzia\u0142em do niego spokojnie: \u2018Chc\u0119 co\u015b powiedzie\u0107\u2019, a on wrzasn\u0105\u0142: \u2018M\u00f3w!\u2019<br \/>\n<P>Powiedzia\u0142em do niego: \u2018Przede wszystkim pisz\u0119 dla ludzi z mojego kraju, a nie dla Niemiec. To moje prawo. Co si\u0119 tyczy kamienowania &#8211; jest to podstawowe i oparte na naszej islamskiej religii\u2019. W tym miejscu wrzasn\u0105\u0142 tak, \u017ce zatrz\u0105sn\u0105\u0142 si\u0119 ca\u0142y posterunek, wydaj\u0105c fatw\u0119: nie ma kamienowania w islamie. Potem doda\u0142: \u201eWyno\u015b si\u0119 st\u0105d\u2026 wyno\u015b si\u0119 st\u0105d\u2026 wyno\u015b si\u0119 st\u0105d.\u201d<br \/>\n<P>Potem nie zwraca\u0142em ju\u017c na niego wi\u0119cej uwagi. Odwr\u00f3ci\u0142em si\u0119 do osoby, kt\u00f3ra da\u0142a mi moje rzeczy, a on [\u015bledczy] opu\u015bci\u0142 biuro w gniewie, zamykaj\u0105c za sob\u0105 drzwi.<br \/>\n<P>Moja wiadomo\u015b\u0107 dla ciebie, dziwny \u015bledczy jest nast\u0119puj\u0105ca:<br \/>\n<P>1. Kiedy prosisz o fatw\u0119 zwr\u00f3\u0107 si\u0119 do muzu\u0142manina a nie kogo\u015b kto go udaje, \u017ce jest muzu\u0142maninem;<br \/>\n<P>2. Przyjd\u017a ze mn\u0105 porozmawia\u0107, kiedy zerwiesz wi\u0119zy z re\u017cimem salul w Arabii Saudyjskiej, gdzie konstytucja zezwala na kamienowanie i by\u0142o ono stosowane wiele razy;<br \/>\n<P>3. Skoro niemiecki rz\u0105d popiera politycznie i dostawami broni PKK chocia\u017c og\u0142asza t\u0119 [organizacj\u0119] nielegaln\u0105, powiniene\u015b zda\u0107 sobie spraw\u0119, kto ma halucynacje i pisze \u2018g\u00f3wno\u2019<br \/>\n<P>4. Kiedy opu\u015bcicie nasz kraj i przestaniecie nas zwalcza\u0107 i bombardowa\u0107, b\u0105d\u017a spokojny, \u017ce ja opuszcz\u0119 wasz kraj, chocia\u017c wszystko co robi\u0119 to pisz\u0119, podczas gdy ty otwarcie zabijasz, a skrycie popierasz Al-Assada i jego poplecznik\u00f3w. Fakt, \u017ce przyst\u0105pili\u015bcie do mi\u0119dzynarodowej koalicji pod przyw\u00f3dztwem USA jest tego najlepszym dowodem.<br \/>\n<P>5. W naszej religii, o \u015bledczy, s\u0105 rzeczy, kt\u00f3re sprawiaj\u0105, \u017ce mog\u0119 ci si\u0119 przeciwstawi\u0107 i nie ba\u0107 ciebie. Dobre rzeczy, kt\u00f3re si\u0119 ze mn\u0105 stan\u0105, zosta\u0142y zadekretowane przez Allaha, a co Allah napisa\u0142 te\u017c jest dobre.<br \/>\n<P><br \/>\n<P>Wi\u0119c nie my\u015bl, \u017ce mo\u017cesz znowu na mnie wrzeszcze\u0107 poniewa\u017c, m\u00f3wi\u0105c wprost, jestem muzu\u0142maninem i wierni stoj\u0105 za mn\u0105.<br \/>\n<P>Niech Allah obdarzy ci\u0119 pomy\u015blno\u015bci\u0105, o Islamskie Pa\u0144stwo. Trony dr\u017c\u0105 na d\u017awi\u0119k twojego imienia.\u201d<br \/>\n<P><br \/>\n<P>Przypisy (nie spolszczone):<br \/>\n<P><A name=\"_edn1\"><\/A> <A href=\"http:\/\/www.memri.org\/report\/en\/0\/0\/0\/0\/0\/0\/9247.htm#_ednref1\">[1] <\/A> See MEMRI TV Clip no. 5290, <A href=\"http:\/\/www.memritv.org\/clip\/en\/5290.htm\">Frankfurt-Based Syrian Activist Dr. Malik Fndy: 'This Is Why I Support the Islamic State&#8217;<\/A>, January 7, 2016. <A name=\"_edn2\"><BR><br \/>\n<\/A> <A href=\"http:\/\/www.memri.org\/report\/en\/0\/0\/0\/0\/0\/0\/9247.htm#_ednref2\">[2] <\/A> Malik Fndy&#8217;s YouTube account, February 3, 2016.<A name=\"_edn3\"><BR><br \/>\n<\/A> <A href=\"http:\/\/www.memri.org\/report\/en\/0\/0\/0\/0\/0\/0\/9247.htm#_ednref3\">[3] <\/A> Facebook.com\/fndy.org, May 9, 2016.<A name=\"_edn4\"><BR><br \/>\n<\/A> <A href=\"http:\/\/www.memri.org\/report\/en\/0\/0\/0\/0\/0\/0\/9247.htm#_ednref4\">[4] <\/A> Facebook.com\/fndy.org,<A href=\"https:\/\/www.facebook.com\/fndy.org\"><\/A>  June 2, 2016.<A name=\"_edn5\"><BR><br \/>\n<\/A> <A href=\"http:\/\/www.memri.org\/report\/en\/0\/0\/0\/0\/0\/0\/9247.htm#_ednref5\">[5] <\/A> Facebook.com\/fndy.org, May 23, 2016.<A name=\"_edn6\"><BR><br \/>\n<\/A> <A href=\"http:\/\/www.memri.org\/report\/en\/0\/0\/0\/0\/0\/0\/9247.htm#_ednref6\">[6] <\/A> Facebook.com\/fndy.org, May 23, 2016.<A name=\"_edn7\"><BR><br \/>\n<\/A> <A href=\"http:\/\/www.memri.org\/report\/en\/0\/0\/0\/0\/0\/0\/9247.htm#_ednref7\">[7] <\/A> Facebook.com\/fndy.org, June 5, 2016.<br \/>\n<P><br \/>\n<P><B>Visit the MEMRI site in Polish: <\/B><A href=\"http:\/\/www2.memri.org\/polish\/\"><B>http:\/\/www2.memri.org\/polish\/<\/B><\/A><br \/>\n<P><B>If you wish to reply, please send your email to <\/B><A href=\"javascript:void(0)\"><B>memri@memrieurope.org<\/B><\/A> <B>. <\/B><br \/>\n<\/div>\n","protected":false},"excerpt":{"rendered":"<p>W lutym 2016 r. niemiecka policja zaaresztowa\u0142a Malika Fndy, urodzonego w Syrii doktoranta na Uniwersytecie Technicznym w Darmstadt, kt\u00f3ry opublikowa\u0142 kilka film\u00f3w na swoim prywatnym koncie na YouTube g\u0142osz\u0105c poparcie dla ISIS. Fndy opublikowa\u0142 r\u00f3wnie\u017c liczne posty z poparciem dla ISIS na swoim koncie na Facebooku. Aresztowanie nast\u0105pi\u0142o po opublikowaniu przez MEMRI filmiku [1] , [&hellip;]<\/p>\n","protected":false},"author":1,"featured_media":6144,"comment_status":"open","ping_status":"closed","sticky":false,"template":"","format":"standard","meta":{"footnotes":""},"categories":[824,835],"tags":[],"class_list":["post-3865","post","type-post","status-publish","format-standard","has-post-thumbnail","hentry","category-specjalne-komunikaty","category-archiwum"],"_links":{"self":[{"href":"https:\/\/www2.memri.org\/polish\/wp-json\/wp\/v2\/posts\/3865","targetHints":{"allow":["GET"]}}],"collection":[{"href":"https:\/\/www2.memri.org\/polish\/wp-json\/wp\/v2\/posts"}],"about":[{"href":"https:\/\/www2.memri.org\/polish\/wp-json\/wp\/v2\/types\/post"}],"author":[{"embeddable":true,"href":"https:\/\/www2.memri.org\/polish\/wp-json\/wp\/v2\/users\/1"}],"replies":[{"embeddable":true,"href":"https:\/\/www2.memri.org\/polish\/wp-json\/wp\/v2\/comments?post=3865"}],"version-history":[{"count":1,"href":"https:\/\/www2.memri.org\/polish\/wp-json\/wp\/v2\/posts\/3865\/revisions"}],"predecessor-version":[{"id":6167,"href":"https:\/\/www2.memri.org\/polish\/wp-json\/wp\/v2\/posts\/3865\/revisions\/6167"}],"wp:featuredmedia":[{"embeddable":true,"href":"https:\/\/www2.memri.org\/polish\/wp-json\/wp\/v2\/media\/6144"}],"wp:attachment":[{"href":"https:\/\/www2.memri.org\/polish\/wp-json\/wp\/v2\/media?parent=3865"}],"wp:term":[{"taxonomy":"category","embeddable":true,"href":"https:\/\/www2.memri.org\/polish\/wp-json\/wp\/v2\/categories?post=3865"},{"taxonomy":"post_tag","embeddable":true,"href":"https:\/\/www2.memri.org\/polish\/wp-json\/wp\/v2\/tags?post=3865"}],"curies":[{"name":"wp","href":"https:\/\/api.w.org\/{rel}","templated":true}]}}