{"id":3856,"date":"2016-06-02T00:00:00","date_gmt":"2016-06-02T00:00:00","guid":{"rendered":"http:\/\/www2.memri.org\/polaco\/gazeta-saudyjska-dowodca-sil-kuds-irgc-kassem-soleimani-jest-wielkim-terrorystycznym-szatanem\/3856"},"modified":"2016-12-01T23:28:14","modified_gmt":"2016-12-01T23:28:14","slug":"gazeta-saudyjska-dowodca-sil-kuds-irgc-kassem-soleimani-jest-wielkim-terrorystycznym-szatanem","status":"publish","type":"post","link":"https:\/\/www2.memri.org\/polish\/gazeta-saudyjska-dowodca-sil-kuds-irgc-kassem-soleimani-jest-wielkim-terrorystycznym-szatanem\/3856","title":{"rendered":"Gazeta saudyjska: Dow\u00f3dca Si\u0142 Kuds IRGC Kassem Soleimani jest \u201cwielkim terrorystycznym szatanem\u201d"},"content":{"rendered":"<p><!-- Document Body --><br \/>\n<DIV ALIGN=\"justify\" CLASS=\"bodytext\"><br \/>\n<P><I>30 maja 2016 r. oficjalna gazeta saudyjska, \u201cOkaz\u201d opublikowa\u0142a zjadliwy artyku\u0142, atakuj\u0105cy Kassema Soleimaniego, dow\u00f3dc\u0119 Si\u0142 Kuds Korpusu Stra\u017cnik\u00f3w Rewolucji Islamskiej Iranu (IRGC), pi\u0119tnuj\u0105c go jako \u201ezbrodniarza wojennego\u201d i \u201emorderc\u0119 nr 1\u201d, kt\u00f3ry prowadzi dzisiaj wojn\u0119 przeciwko sunnickim mieszka\u0144com opanowanego przez Pa\u0144stwo Islamskie miasta Falud\u017ca w Iraku. Artyku\u0142, zatytu\u0142owany \u201eSoleimani &#8211; arcyterrorystyczny szatan\u201d, kt\u00f3remu towarzyszy ilustracja Soleimaniego na szczycie g\u00f3ry ludzkich czaszek, krytykuje tak\u017ce Mi\u0119dzynarodowy Trybuna\u0142 Karny (ICC) i USA za, jak pisz\u0105, brak dzia\u0142ania, by go odstraszy\u0107 i za pozwalanie mu na kontynuowanie jego zbrodni. <\/I><br \/>\n<P><img loading=\"lazy\" decoding=\"async\" class=\"alignnone size-full wp-image-6176\" src=\"http:\/\/www2.memri.org\/polaco\/wp-content\/uploads\/2016\/12\/28314.jpg\" width=\"186\" height=\"241\" \/><BR><br \/>\n<BR><br \/>\n&#8222;Kassem Soleimani &#8211; zbrodniarz wojenny&#8221;<br \/>\n<P><I>Artyku\u0142 wywo\u0142a\u0142a przypuszczalnie wizyta Soleimana w zesz\u0142ym tygodniu u przewa\u017caj\u0105co szyickich i popieranych przez Iran wojsk Al-Haszd Al-Sza&#8217;abi w Falud\u017cy, przed rozpocz\u0119ciem zmasowanego ataku na to miasto; innym powodem ukazania si\u0119 artyku\u0142u mog\u0105 by\u0107 obawy saudyjskie, \u017ce te si\u0142y przejm\u0105 to w znacznej mierze sunnickie miasto.<\/I><br \/>\n<P><I>Poni\u017cej podajemy fragmenty tego artyku\u0142u<A name=\"_ednref1\"><\/A> <A href=\"http:\/\/www.memri.org\/report\/en\/0\/0\/0\/0\/0\/0\/9228.htm#_edn1\">[1]:<\/A> <\/I><br \/>\n<P>&#8222;By\u0142 on morderc\u0105 Nr 1 w Iraku, Libanie i Syrii, a tak\u017ce w Afganistanie, Tad\u017cykistanie i Azerbejd\u017canie. Pope\u0142ni\u0142 najstraszliwsze zbrodnie przeciwko sunnickim muzu\u0142ma\u0144skim mieszka\u0144com tego regionu, wymierzaj\u0105c im najostrzejsze kary w celu urzeczywistnienia jego pod\u0142ych sekciarskich pogl\u0105d\u00f3w.<br \/>\n<P>\u015awiat jest \u015bwiadomy wielkiego niebezpiecze\u0144stwa, jakie stanowi [Kassem] Soleimani, kt\u00f3rego r\u0119ce s\u0105 zakrwawione &#8211; ale wybija si\u0119 to, \u017ce Mi\u0119dzynarodowy Trybuna\u0142 Karny, kt\u00f3ry oskar\u017cy\u0142 [serbskiego prezydenta Slobodana] Milosevica i [serbskiego przyw\u00f3dc\u0119 Radowana] Karadica o zbrodnie wojenne, nadal pozwala najwi\u0119kszemu mordercy pozostawa\u0107 na wolno\u015bci. [Robi to mimo, \u017ce] nadzoruje on [Suleimani] kierowanie terroryzmu i wstrz\u0105sanie stabilno\u015bci, pokoju i bezpiecze\u0144stwa w regionie i globalnie, i raz za razem pope\u0142nia zbrodnie przeciwko ludzko\u015bci w imieniu sekciarstwa.<br \/>\n<P>USA oskar\u017cy\u0142y go o ingerencj\u0119 w Iraku i podwa\u017canie tam stabilno\u015bci, ale nie zrobi\u0142y niczego, by go odstraszy\u0107. Jest on bezpo\u015brednim podw\u0142adnym najwy\u017cszego dow\u00f3dcy IRGC [ira\u0144skiego Najwy\u017cszego Przyw\u00f3dcy] Alego Chameneiego, o kt\u00f3rym m\u00f3wi si\u0119, \u017ce nazywa Suleimaniego \u2018\u017cyj\u0105cym m\u0119czennikiem rewolucji ira\u0144skiej\u2019\u2026\u201d<br \/>\n<P>Artyku\u0142 dostarcza nast\u0119pnie kr\u00f3tkiego opisu \u017cycia Soleimaniego, podkre\u015bla, \u017ce bra\u0142 udzia\u0142 w latach 1979-80 w zd\u0142awieniu zbrojnej rewolty Kurd\u00f3w z p\u00f3\u0142nocnozachodnim mie\u015bcie ira\u0144skim Mahabad i ko\u0144czy: \u201cNajwi\u0119kszy sekciarski szatan prowadzi [dzisiaj] wojn\u0119 przeciwko mieszka\u0144com Faludzy w celu podzielenia Iraku i zamiany go w poddane pa\u0144stwo sekciarskie\u201d.<br \/>\n<P><I>Przypis:<\/I><br \/>\n<P><br \/>\n<P><A name=\"_edn1\"><\/A> <A href=\"http:\/\/www.memri.org\/report\/en\/0\/0\/0\/0\/0\/0\/9228.htm#_ednref1\">[1] <\/A> <I>&#8217;Okaz<\/I> (Arabia Saudyjska), 30 maja 2016.<br \/>\n<P><br \/>\n<P><B>Visit the MEMRI site in Polish: <\/B><A href=\"http:\/\/www2.memri.org\/polish\/\"><B>http:\/\/www2.memri.org\/polish\/<\/B><\/A><br \/>\n<P><B>If you wish to reply, please send your email to <\/B><A href=\"javascript:void(0)\"><B>memri@memrieurope.org<\/B><\/A> <B>. <\/B><br \/>\n<\/div>\n","protected":false},"excerpt":{"rendered":"<p>30 maja 2016 r. oficjalna gazeta saudyjska, \u201cOkaz\u201d opublikowa\u0142a zjadliwy artyku\u0142, atakuj\u0105cy Kassema Soleimaniego, dow\u00f3dc\u0119 Si\u0142 Kuds Korpusu Stra\u017cnik\u00f3w Rewolucji Islamskiej Iranu (IRGC), pi\u0119tnuj\u0105c go jako \u201ezbrodniarza wojennego\u201d i \u201emorderc\u0119 nr 1\u201d, kt\u00f3ry prowadzi dzisiaj wojn\u0119 przeciwko sunnickim mieszka\u0144com opanowanego przez Pa\u0144stwo Islamskie miasta Falud\u017ca w Iraku. Artyku\u0142, zatytu\u0142owany \u201eSoleimani &#8211; arcyterrorystyczny szatan\u201d, kt\u00f3remu towarzyszy [&hellip;]<\/p>\n","protected":false},"author":1,"featured_media":6176,"comment_status":"open","ping_status":"closed","sticky":false,"template":"","format":"standard","meta":{"footnotes":""},"categories":[824,826,835,837],"tags":[],"class_list":["post-3856","post","type-post","status-publish","format-standard","has-post-thumbnail","hentry","category-specjalne-komunikaty","category-arabia-saudyjska","category-archiwum","category-kraje"],"_links":{"self":[{"href":"https:\/\/www2.memri.org\/polish\/wp-json\/wp\/v2\/posts\/3856","targetHints":{"allow":["GET"]}}],"collection":[{"href":"https:\/\/www2.memri.org\/polish\/wp-json\/wp\/v2\/posts"}],"about":[{"href":"https:\/\/www2.memri.org\/polish\/wp-json\/wp\/v2\/types\/post"}],"author":[{"embeddable":true,"href":"https:\/\/www2.memri.org\/polish\/wp-json\/wp\/v2\/users\/1"}],"replies":[{"embeddable":true,"href":"https:\/\/www2.memri.org\/polish\/wp-json\/wp\/v2\/comments?post=3856"}],"version-history":[{"count":1,"href":"https:\/\/www2.memri.org\/polish\/wp-json\/wp\/v2\/posts\/3856\/revisions"}],"predecessor-version":[{"id":6179,"href":"https:\/\/www2.memri.org\/polish\/wp-json\/wp\/v2\/posts\/3856\/revisions\/6179"}],"wp:featuredmedia":[{"embeddable":true,"href":"https:\/\/www2.memri.org\/polish\/wp-json\/wp\/v2\/media\/6176"}],"wp:attachment":[{"href":"https:\/\/www2.memri.org\/polish\/wp-json\/wp\/v2\/media?parent=3856"}],"wp:term":[{"taxonomy":"category","embeddable":true,"href":"https:\/\/www2.memri.org\/polish\/wp-json\/wp\/v2\/categories?post=3856"},{"taxonomy":"post_tag","embeddable":true,"href":"https:\/\/www2.memri.org\/polish\/wp-json\/wp\/v2\/tags?post=3856"}],"curies":[{"name":"wp","href":"https:\/\/api.w.org\/{rel}","templated":true}]}}