{"id":3798,"date":"2016-03-24T00:00:00","date_gmt":"2016-03-24T00:00:00","guid":{"rendered":"http:\/\/www2.memri.org\/polaco\/popierajaca-isis-agencja-medialna-al-battar-publikuje-film-wideo-celebrujacy-zamachy-w-brukseli\/3798"},"modified":"2016-12-01T23:22:09","modified_gmt":"2016-12-01T23:22:09","slug":"popierajaca-isis-agencja-medialna-al-battar-publikuje-film-wideo-celebrujacy-zamachy-w-brukseli","status":"publish","type":"post","link":"https:\/\/www2.memri.org\/polish\/popierajaca-isis-agencja-medialna-al-battar-publikuje-film-wideo-celebrujacy-zamachy-w-brukseli\/3798","title":{"rendered":"Popieraj\u0105ca ISIS agencja medialna Al-Battar publikuje film wideo celebruj\u0105cy zamachy w Brukseli"},"content":{"rendered":"<p><!-- Document Body --><br \/>\n<DIV ALIGN=\"justify\" CLASS=\"bodytext\"><br \/>\n<P align=\"center\"><B><I>Poni\u017cszy raport jest darmow\u0105 pr\u00f3bk\u0105 MEMRI Jihad and Terrorism Threat Monitor (JTTM). Informacje o prenumeracie JTTM znajduj\u0105 si\u0119 <\/I><\/B><B><I><A href=\"http:\/\/memri.convio.net\/site\/R?i=BwLJ1QAVlQhF5Is9rSovNQ\">tutaj<\/A> <\/I><\/B><B><I>.<\/I><\/B><br \/>\n<P><I>24 marca 2016 popieraj\u0105ca ISIS agencja medialna Al-Battar opublikowa\u0142a film wideo zatytu\u0142owany \u201cWychod\u017astwo islamu i zamachy brukselskie&#8221;, przedstawiaj\u0105cy sceny dewastacji z zamachu 22 marca 2016 r. na lotnisko Zaventem i stacje metra Maalbeek. Wideo pokazuje r\u00f3wnie\u017c zamach na \u201eCharlie Hebdo\u201d ze stycznia 2015 r. i pokazuje dw\u00f3ch belgijskich terroryst\u00f3w, Abula Ka&#8217;k\u0119 Al Baljikiego i Dhul-Karnajna Al-Baljikiego, zabitych podczas tej akcji. Wideo, kt\u00f3re jest cz\u0119\u015bciowo po angielsku, a cz\u0119\u015bciowo po arabsku z angielskimi napisami, stwierdza, \u017ce takie ataki b\u0119d\u0105 trwa\u0142y jak d\u0142ugo muzu\u0142manie s\u0105 celem nalot\u00f3w w Syrii i Iraku. W jednej z cz\u0119\u015bci jest tak\u017ce pot\u0119pienie muzu\u0142man\u00f3w na Zachodzie, kt\u00f3rzy s\u0105 przeciwni zamachom przeprowadzanym przez ISIS.<\/I><br \/>\n<P>Wideo otwiera nagranie d\u017awi\u0119kowe ameryka\u0144skiego kandydata na prezydenta, Donalda Trumpa, kt\u00f3ry m\u00f3wi: \u201e20 lat temu Bruksela by\u0142a jednym ze wspania\u0142ych miast, jednym z najpi\u0119kniejszych miast \u015bwiata, by\u0142a zdumiewaj\u0105ca lata temu, by\u0142a bezpieczna. Teraz jest to pokaz horror\u00f3w, absolutny pokaz horror\u00f3w\u201d.<br \/>\n<P><img loading=\"lazy\" decoding=\"async\" class=\"alignnone size-full wp-image-5521\" src=\"http:\/\/www2.memri.org\/polaco\/wp-content\/uploads\/2016\/12\/pol1.jpg\" width=\"1280\" height=\"662\" srcset=\"https:\/\/www2.memri.org\/polish\/wp-content\/uploads\/2016\/12\/pol1.jpg 1280w, https:\/\/www2.memri.org\/polish\/wp-content\/uploads\/2016\/12\/pol1-300x155.jpg 300w, https:\/\/www2.memri.org\/polish\/wp-content\/uploads\/2016\/12\/pol1-768x397.jpg 768w, https:\/\/www2.memri.org\/polish\/wp-content\/uploads\/2016\/12\/pol1-1024x530.jpg 1024w, https:\/\/www2.memri.org\/polish\/wp-content\/uploads\/2016\/12\/pol1-600x310.jpg 600w, https:\/\/www2.memri.org\/polish\/wp-content\/uploads\/2016\/12\/pol1-696x360.jpg 696w, https:\/\/www2.memri.org\/polish\/wp-content\/uploads\/2016\/12\/pol1-1068x552.jpg 1068w, https:\/\/www2.memri.org\/polish\/wp-content\/uploads\/2016\/12\/pol1-812x420.jpg 812w\" sizes=\"auto, (max-width: 1280px) 100vw, 1280px\" \/><br \/>\n<P><img loading=\"lazy\" decoding=\"async\" class=\"alignnone size-full wp-image-5533\" src=\"http:\/\/www2.memri.org\/polaco\/wp-content\/uploads\/2016\/12\/pol2.jpg\" width=\"637\" height=\"482\" srcset=\"https:\/\/www2.memri.org\/polish\/wp-content\/uploads\/2016\/12\/pol2.jpg 637w, https:\/\/www2.memri.org\/polish\/wp-content\/uploads\/2016\/12\/pol2-300x227.jpg 300w, https:\/\/www2.memri.org\/polish\/wp-content\/uploads\/2016\/12\/pol2-600x454.jpg 600w, https:\/\/www2.memri.org\/polish\/wp-content\/uploads\/2016\/12\/pol2-80x60.jpg 80w, https:\/\/www2.memri.org\/polish\/wp-content\/uploads\/2016\/12\/pol2-555x420.jpg 555w\" sizes=\"auto, (max-width: 637px) 100vw, 637px\" \/><br \/>\n<P><br \/>\n<P><I>\u017beby zobaczy\u0107 wideo,<\/I><A href=\"https:\/\/www.dropbox.com\/s\/twjrz0ve86y9794\/The%20Exile%20Of%20Islam%20And%20the%20Brussels%20Attacks%20-%20WITH%20LOGO.mpg?dl=0\"><I>kliknij tutaj<\/I><\/A> <I>.<\/I><br \/>\n<P>Wideo okre\u015bla Belgi\u0119 jako cz\u0119\u015b\u0107 \u201eKrzy\u017cowc\u00f3w\u201d, kt\u00f3rzy bombarduj\u0105 muzu\u0142man\u00f3w w Iraku i Syrii.<br \/>\n<P><img loading=\"lazy\" decoding=\"async\" class=\"alignnone size-full wp-image-5537\" src=\"http:\/\/www2.memri.org\/polaco\/wp-content\/uploads\/2016\/12\/pol3.jpg\" width=\"1049\" height=\"579\" srcset=\"https:\/\/www2.memri.org\/polish\/wp-content\/uploads\/2016\/12\/pol3.jpg 1049w, https:\/\/www2.memri.org\/polish\/wp-content\/uploads\/2016\/12\/pol3-300x166.jpg 300w, https:\/\/www2.memri.org\/polish\/wp-content\/uploads\/2016\/12\/pol3-768x424.jpg 768w, https:\/\/www2.memri.org\/polish\/wp-content\/uploads\/2016\/12\/pol3-1024x565.jpg 1024w, https:\/\/www2.memri.org\/polish\/wp-content\/uploads\/2016\/12\/pol3-600x331.jpg 600w, https:\/\/www2.memri.org\/polish\/wp-content\/uploads\/2016\/12\/pol3-696x385.jpg 696w, https:\/\/www2.memri.org\/polish\/wp-content\/uploads\/2016\/12\/pol3-761x420.jpg 761w\" sizes=\"auto, (max-width: 1049px) 100vw, 1049px\" \/><br \/>\n<P>W jednej cz\u0119\u015bci filmu znajduje si\u0119 zawstydzanie muzu\u0142man\u00f3w \u017cyj\u0105cych na Zachodzie, kt\u00f3rzy nie popieraj\u0105 takich zamach\u00f3w ISIS: \u201cAle nieszcz\u0119\u015bciem jest wychod\u017astwo, w jakim \u017cyj\u0105 ludzie islamu, a\u017c wi\u0119kszo\u015b\u0107 z nich zaprzecza d\u017cihadowi przeciwko niewiernym i zaprzecza b\u0142ogos\u0142awionym wypadom na Europ\u0119 krzy\u017cowc\u00f3w i inne miejsca, w\u0142\u0105cznie z ostatnim wypadem na Bruksel\u0119\u201d.<br \/>\n<P><img loading=\"lazy\" decoding=\"async\" class=\"alignnone size-full wp-image-5545\" src=\"http:\/\/www2.memri.org\/polaco\/wp-content\/uploads\/2016\/12\/pol4.jpg\" width=\"1061\" height=\"603\" srcset=\"https:\/\/www2.memri.org\/polish\/wp-content\/uploads\/2016\/12\/pol4.jpg 1061w, https:\/\/www2.memri.org\/polish\/wp-content\/uploads\/2016\/12\/pol4-300x170.jpg 300w, https:\/\/www2.memri.org\/polish\/wp-content\/uploads\/2016\/12\/pol4-768x436.jpg 768w, https:\/\/www2.memri.org\/polish\/wp-content\/uploads\/2016\/12\/pol4-1024x582.jpg 1024w, https:\/\/www2.memri.org\/polish\/wp-content\/uploads\/2016\/12\/pol4-600x341.jpg 600w, https:\/\/www2.memri.org\/polish\/wp-content\/uploads\/2016\/12\/pol4-696x396.jpg 696w, https:\/\/www2.memri.org\/polish\/wp-content\/uploads\/2016\/12\/pol4-739x420.jpg 739w\" sizes=\"auto, (max-width: 1061px) 100vw, 1061px\" \/><br \/>\n<P><I>Scena z lotniska Zaventem <\/I><br \/>\n<P>Wideo pokazuje belgijskiego wojownika ISIS, Abula Ka&#8217;k\u0119 Al-Baljikiego, jednego ze sprawc\u00f3w zamach\u00f3w w Pary\u017cu w styczniu 2015 r., jak \u0107wiczy strzelanie.<br \/>\n<P><img loading=\"lazy\" decoding=\"async\" class=\"alignnone size-full wp-image-5557\" src=\"http:\/\/www2.memri.org\/polaco\/wp-content\/uploads\/2016\/12\/pol5.jpg\" width=\"1059\" height=\"597\" srcset=\"https:\/\/www2.memri.org\/polish\/wp-content\/uploads\/2016\/12\/pol5.jpg 1059w, https:\/\/www2.memri.org\/polish\/wp-content\/uploads\/2016\/12\/pol5-300x169.jpg 300w, https:\/\/www2.memri.org\/polish\/wp-content\/uploads\/2016\/12\/pol5-768x433.jpg 768w, https:\/\/www2.memri.org\/polish\/wp-content\/uploads\/2016\/12\/pol5-1024x577.jpg 1024w, https:\/\/www2.memri.org\/polish\/wp-content\/uploads\/2016\/12\/pol5-600x338.jpg 600w, https:\/\/www2.memri.org\/polish\/wp-content\/uploads\/2016\/12\/pol5-696x392.jpg 696w, https:\/\/www2.memri.org\/polish\/wp-content\/uploads\/2016\/12\/pol5-745x420.jpg 745w\" sizes=\"auto, (max-width: 1059px) 100vw, 1059px\" \/><br \/>\n<P>Zwracaj\u0105c si\u0119 do mud\u017cahedin\u00f3w: &#8222;Ci, kt\u00f3rzy po\u015bwi\u0119caj\u0105 swoje cenne dusze tanio w s\u0142u\u017cbie Allaha, ci, kt\u00f3rzy dokonuj\u0105 wielkich najazd\u00f3w po\u015brodku ziemi niewiernych w Brukseli i innych miejscach, niechaj szcz\u0119\u015bliwo\u015b\u0107 wieczna b\u0119dzie z wami, o Bohaterzy, poniewa\u017c jeste\u015bcie na w\u0142a\u015bciwej drodze i z w\u0142a\u015bciw\u0105 koncepcj\u0105 islamu\u201d.<br \/>\n<P><img loading=\"lazy\" decoding=\"async\" class=\"alignnone size-full wp-image-5567\" src=\"http:\/\/www2.memri.org\/polaco\/wp-content\/uploads\/2016\/12\/pol6.jpg.png\" width=\"999\" height=\"528\" srcset=\"https:\/\/www2.memri.org\/polish\/wp-content\/uploads\/2016\/12\/pol6.jpg.png 999w, https:\/\/www2.memri.org\/polish\/wp-content\/uploads\/2016\/12\/pol6.jpg-300x159.png 300w, https:\/\/www2.memri.org\/polish\/wp-content\/uploads\/2016\/12\/pol6.jpg-768x406.png 768w, https:\/\/www2.memri.org\/polish\/wp-content\/uploads\/2016\/12\/pol6.jpg-600x317.png 600w, https:\/\/www2.memri.org\/polish\/wp-content\/uploads\/2016\/12\/pol6.jpg-696x368.png 696w, https:\/\/www2.memri.org\/polish\/wp-content\/uploads\/2016\/12\/pol6.jpg-795x420.png 795w\" sizes=\"auto, (max-width: 999px) 100vw, 999px\" \/><br \/>\n<P><img loading=\"lazy\" decoding=\"async\" class=\"alignnone size-full wp-image-5574\" src=\"http:\/\/www2.memri.org\/polaco\/wp-content\/uploads\/2016\/12\/pol7.jpg\" width=\"1059\" height=\"595\" srcset=\"https:\/\/www2.memri.org\/polish\/wp-content\/uploads\/2016\/12\/pol7.jpg 1059w, https:\/\/www2.memri.org\/polish\/wp-content\/uploads\/2016\/12\/pol7-300x169.jpg 300w, https:\/\/www2.memri.org\/polish\/wp-content\/uploads\/2016\/12\/pol7-768x432.jpg 768w, https:\/\/www2.memri.org\/polish\/wp-content\/uploads\/2016\/12\/pol7-1024x575.jpg 1024w, https:\/\/www2.memri.org\/polish\/wp-content\/uploads\/2016\/12\/pol7-600x337.jpg 600w, https:\/\/www2.memri.org\/polish\/wp-content\/uploads\/2016\/12\/pol7-696x391.jpg 696w, https:\/\/www2.memri.org\/polish\/wp-content\/uploads\/2016\/12\/pol7-748x420.jpg 748w\" sizes=\"auto, (max-width: 1059px) 100vw, 1059px\" \/><br \/>\n<P><br \/>\n<P>Po scenie z marszu solidarno\u015bci w Pary\u017cu z \u201cCharlie Hebdo\u201d nast\u0119puj\u0105 ilustracje z minionych bitew muzu\u0142man\u00f3w przeciwko ich wrogom, pokazuj\u0105ce, \u017ce istnieje precedens historyczny dla islamu \u201catakuj\u0105cego ziemie niewiernych\u201d.<br \/>\n<P><img loading=\"lazy\" decoding=\"async\" class=\"alignnone size-full wp-image-5575\" src=\"http:\/\/www2.memri.org\/polaco\/wp-content\/uploads\/2016\/12\/pol8.jpg\" width=\"1055\" height=\"597\" srcset=\"https:\/\/www2.memri.org\/polish\/wp-content\/uploads\/2016\/12\/pol8.jpg 1055w, https:\/\/www2.memri.org\/polish\/wp-content\/uploads\/2016\/12\/pol8-300x170.jpg 300w, https:\/\/www2.memri.org\/polish\/wp-content\/uploads\/2016\/12\/pol8-768x435.jpg 768w, https:\/\/www2.memri.org\/polish\/wp-content\/uploads\/2016\/12\/pol8-1024x579.jpg 1024w, https:\/\/www2.memri.org\/polish\/wp-content\/uploads\/2016\/12\/pol8-600x340.jpg 600w, https:\/\/www2.memri.org\/polish\/wp-content\/uploads\/2016\/12\/pol8-696x394.jpg 696w, https:\/\/www2.memri.org\/polish\/wp-content\/uploads\/2016\/12\/pol8-742x420.jpg 742w\" sizes=\"auto, (max-width: 1055px) 100vw, 1055px\" \/><br \/>\n<P><br \/>\n<P><B>Visit the MEMRI site in Polish: <\/B><A href=\"http:\/\/www2.memri.org\/polish\/\"><B>http:\/\/www2.memri.org\/polish\/<\/B><\/A><br \/>\n<P><B>If you wish to reply, please send your email to <\/B><A href=\"javascript:void(0)\"><B>memri@memrieurope.org<\/B><\/A> <B>. <\/B><br \/>\n<\/div>\n","protected":false},"excerpt":{"rendered":"<p>Poni\u017cszy raport jest darmow\u0105 pr\u00f3bk\u0105 MEMRI Jihad and Terrorism Threat Monitor (JTTM). Informacje o prenumeracie JTTM znajduj\u0105 si\u0119 tutaj . 24 marca 2016 popieraj\u0105ca ISIS agencja medialna Al-Battar opublikowa\u0142a film wideo zatytu\u0142owany \u201cWychod\u017astwo islamu i zamachy brukselskie&#8221;, przedstawiaj\u0105cy sceny dewastacji z zamachu 22 marca 2016 r. na lotnisko Zaventem i stacje metra Maalbeek. Wideo pokazuje [&hellip;]<\/p>\n","protected":false},"author":1,"featured_media":5521,"comment_status":"open","ping_status":"closed","sticky":false,"template":"","format":"standard","meta":{"footnotes":""},"categories":[835,867],"tags":[],"class_list":["post-3798","post","type-post","status-publish","format-standard","has-post-thumbnail","hentry","category-archiwum","category-specjalne-ostrzezenia"],"_links":{"self":[{"href":"https:\/\/www2.memri.org\/polish\/wp-json\/wp\/v2\/posts\/3798","targetHints":{"allow":["GET"]}}],"collection":[{"href":"https:\/\/www2.memri.org\/polish\/wp-json\/wp\/v2\/posts"}],"about":[{"href":"https:\/\/www2.memri.org\/polish\/wp-json\/wp\/v2\/types\/post"}],"author":[{"embeddable":true,"href":"https:\/\/www2.memri.org\/polish\/wp-json\/wp\/v2\/users\/1"}],"replies":[{"embeddable":true,"href":"https:\/\/www2.memri.org\/polish\/wp-json\/wp\/v2\/comments?post=3798"}],"version-history":[{"count":1,"href":"https:\/\/www2.memri.org\/polish\/wp-json\/wp\/v2\/posts\/3798\/revisions"}],"predecessor-version":[{"id":5576,"href":"https:\/\/www2.memri.org\/polish\/wp-json\/wp\/v2\/posts\/3798\/revisions\/5576"}],"wp:featuredmedia":[{"embeddable":true,"href":"https:\/\/www2.memri.org\/polish\/wp-json\/wp\/v2\/media\/5521"}],"wp:attachment":[{"href":"https:\/\/www2.memri.org\/polish\/wp-json\/wp\/v2\/media?parent=3798"}],"wp:term":[{"taxonomy":"category","embeddable":true,"href":"https:\/\/www2.memri.org\/polish\/wp-json\/wp\/v2\/categories?post=3798"},{"taxonomy":"post_tag","embeddable":true,"href":"https:\/\/www2.memri.org\/polish\/wp-json\/wp\/v2\/tags?post=3798"}],"curies":[{"name":"wp","href":"https:\/\/api.w.org\/{rel}","templated":true}]}}