{"id":3668,"date":"2015-10-22T00:00:00","date_gmt":"2015-10-22T00:00:00","guid":{"rendered":"http:\/\/www2.memri.org\/polaco\/glowna-partia-opozycyjna-turcji-chp-oskarza-rzad-akp-o-zbrodnie-przeciwko-ludzkosci-twierdzi-ze-atak-bronia-chemiczna-w-2013-r-w-syrii-zostal-przeprowadzony-przez-isis-gazem-sarin-dostarczonym-pr\/3668"},"modified":"2016-12-01T23:30:07","modified_gmt":"2016-12-01T23:30:07","slug":"glowna-partia-opozycyjna-turcji-chp-oskarza-rzad-akp-o-zbrodnie-przeciwko-ludzkosci-twierdzi-ze-atak-bronia-chemiczna-w-2013-r-w-syrii-zostal-przeprowadzony-przez-isis-gazem-sarin-dostarczonym-pr","status":"publish","type":"post","link":"https:\/\/www2.memri.org\/polish\/glowna-partia-opozycyjna-turcji-chp-oskarza-rzad-akp-o-zbrodnie-przeciwko-ludzkosci-twierdzi-ze-atak-bronia-chemiczna-w-2013-r-w-syrii-zostal-przeprowadzony-przez-isis-gazem-sarin-dostarczonym-pr\/3668","title":{"rendered":"G\u0142\u00f3wna partia opozycyjna Turcji, CHP, oskar\u017ca rz\u0105d AKP o zbrodnie przeciwko ludzko\u015bci: twierdzi, \u017ce atak broni\u0105 chemiczn\u0105 w 2013 r. w Syrii zosta\u0142 przeprowadzony przez ISIS gazem sarin dostarczonym przez Turcj\u0119; rz\u0105d turecki zamkn\u0105\u0142 dochodzenie w tej sprawie i wypu\u015bci\u0142 podejrzanych z powrotem do Syrii"},"content":{"rendered":"<div class=\"bodytext c1\">\n<p><em>Na konferencji prasowej w Stambule 21 pa\u017adziernika 2015 r. dw\u00f3ch pos\u0142\u00f3w do parlamentu tureckiego z ramienia g\u0142\u00f3wnej partii opozycyjnej Turcji, Republika\u0144skiej Partii Ludowej (CHP), Eren Erdem i Ali Seker, twierdzili, \u017ce atak broni\u0105 chemiczn\u0105 w sierpniu 2013 r. na przedmie\u015bcie Damaszku, Ghouta, w kt\u00f3rym zgin\u0119\u0142y tysi\u0105ce cywil\u00f3w, by\u0142 dokonany nie przez re\u017cim Assada, ale przez ISIS, za\u015b gaz u\u017cyty w tym ataku by\u0142 wyprodukowany w Turcji i dostarczony tej organizacji z wiedz\u0105 rz\u0105du AKP. Powiedzieli nast\u0119pnie, \u017ce rz\u0105d poinstruowa\u0142 prokuratora tureckiego, by zamkn\u0105\u0142 dochodzenie w tej sprawie i oskar\u017cyli rz\u0105d o udzia\u0142 w zbrodniach przeciwko ludzko\u015bci.<\/em><\/p>\n<p><em>Poni\u017cej podajemy szczeg\u00f3\u0142y.<\/em><\/p>\n<p><img loading=\"lazy\" decoding=\"async\" class=\"alignnone size-full wp-image-6576\" src=\"http:\/\/www2.memri.org\/polaco\/wp-content\/uploads\/2016\/12\/25363.jpg\" width=\"607\" height=\"292\" srcset=\"https:\/\/www2.memri.org\/polish\/wp-content\/uploads\/2016\/12\/25363.jpg 607w, https:\/\/www2.memri.org\/polish\/wp-content\/uploads\/2016\/12\/25363-300x144.jpg 300w, https:\/\/www2.memri.org\/polish\/wp-content\/uploads\/2016\/12\/25363-600x289.jpg 600w\" sizes=\"auto, (max-width: 607px) 100vw, 607px\" \/><\/p>\n<p>\nPos\u0142owie CHP, Eren Erdem id Ali Seker na konferencji prasowej (Zdj\u0119cie: <em>Todays Zaman<\/em>, 21 pa\u017adziernika 2015)<\/p>\n<p>Erdem i Seker powiedzieli, \u017ce biuro prokuratora generalnego w Adanie rozpocz\u0119\u0142o dochodzenie w sprawie podejrze\u0144, \u017ce bro\u0144 chemiczna by\u0142a dostarczona z Turcji za po\u015brednictwem kilku biznesmen\u00f3w organizacjom d\u017cihadystycznym, kt\u00f3re do\u0142\u0105czy\u0142y do ISIS w Syrii. Akt oskar\u017cenia przeciwko podejrzanym zawiera\u0142 tak\u017ce zarzuty wobec rz\u0105du.<\/p>\n<p>Wed\u0142ug pos\u0142\u00f3w prokuratorzy ustalili, \u017ce podejrzani dostarczyli pa\u0144stwowemu przedsi\u0119biorstwu, Turecka Korporacja Przemys\u0142\u00f3w Mechanicznych i Chemicznych (MKE) surowc\u00f3w, kt\u00f3re sprowadzili zza granicy, a kt\u00f3rych cz\u0119\u015b\u0107 korporacja u\u017cy\u0142a do wyprodukowania gazu truj\u0105cego. Rakiety u\u017cyte do wystrzelenia kapsu\u0142 z gazem truj\u0105cym tak\u017ce wyprodukowano w Turcji. Stwierdzono te\u017c, \u017ce mi\u0119dzy Arabi\u0105 Saudyjsk\u0105 i Turcj\u0105 zasz\u0142y transakcje finansowe dotycz\u0105ce tych materia\u0142\u00f3w.<\/p>\n<p>Trzymaj\u0105c dokumenty licz\u0105ce 190 stron Erdem powiedzia\u0142, \u017ce biuro prokuratora przeprowadzi\u0142o szczeg\u00f3\u0142ow\u0105 inwigilacj\u0119 techniczn\u0105 i pods\u0142uchow\u0105 i powiedzia\u0142: \u201eTo wszystko jest w tych aktach. Wszystkie szczeg\u00f3\u0142y i nagrania s\u0105 tutaj, o tym, jak sarin zosta\u0142 wyprodukowany w Turcji i dostarczony terrorystom. Ich rozmowy telefoniczne ujawniaj\u0105 wszystkie szczeg\u00f3\u0142y, w\u0142\u0105cznie z ich adresami\u201d. Nast\u0119pnie Erdem powiedzia\u0142, \u017ce pope\u0142niono zbrodni\u0119 przeciwko ludzko\u015bci i \u017ce odpowiedzialni za ni\u0105 s\u0105 rz\u0105d AKP i \u00f3wczesny premier Erdogan, kt\u00f3rzy dostarczyli gaz sarin terrorystom z ISIS. Twierdzi\u0142 nast\u0119pnie, \u017ce pracownicy rz\u0105du AKP nakazali Mehmetowi Arikanowi, prokuratorowi Adany, kt\u00f3ry prowadzi\u0142 t\u0119 spraw\u0119, \u201ezamkni\u0119cie sprawy\u201d, \u017ce wezwa\u0142 go tak\u017ce \u00f3wczesny minister sprawiedliwo\u015bci, Bekir Bozdag, i za\u017c\u0105da\u0142, by w przysz\u0142o\u015bci informowano go zanim takie dochodzenie zostanie otwarte przeciwko jakiejkolwiek organizacji islamskiej.<\/p>\n<p>Saker powiedzia\u0142, \u017ce rz\u0105d w spos\u00f3b wprowadzaj\u0105cy w b\u0142\u0105d zapewnia\u0142, \u017ce sarin u\u017cyty w tym ataku dostarczy\u0142a Rosja i \u017ce zosta\u0142 on u\u017cyty przez Assada, \u017ceby sprowokowa\u0107 ameryka\u0144sk\u0105 interwencj\u0119 militarn\u0105 w Syrii do obalenia re\u017cimu Assada, zgodnie z planem politycznym \u00f3wczesnego premiera Erdogana. Podkre\u015bli\u0142 tak\u017ce, \u017ce akt oskar\u017cenia i dowody w nim zawarte dokumentuj\u0105 zbrodni\u0119 wojenn\u0105, kt\u00f3ra zosta\u0142a pope\u0142niona w granicach Republiki Tureckiej. \u017baden rz\u0105d, powiedzia\u0142, nie mo\u017ce mie\u0107 pozwolenia na wysy\u0142anie broni i gazu sarin do innego kraju w celu obalenia jego rz\u0105du. Je\u015bli miliony Syryjczyk\u00f3w stukaj\u0105 teraz do drzwi Turcji i Europy i je\u015bli morze wyrzuca na brzeg cia\u0142o ma\u0142ego ch\u0142opca-uchod\u017acy, Aylana, odpowiedzialno\u015b\u0107 spoczywa na tych, kt\u00f3rzy wys\u0142ali t\u0119 bro\u0144. \u201eKt\u00f3rego\u015b dnia ludzko\u015b\u0107 poci\u0105gnie do odpowiedzialno\u015bci [\u00f3wczesnego] premiera [Erdogana] i ministra sprawiedliwo\u015bci [Bozdaga]\u201d &#8211; oznajmi\u0142.<\/p>\n<p>Niezale\u017cna gazeta opozycyjna, \u201cCumhuriyet\u201d, opublikowa\u0142a domniemany transkrypt niekt\u00f3rych nagranych rozm\u00f3w mi\u0119dzy podejrzanymi w tej sprawie, w kt\u00f3rych m\u00f3wi\u0105 oni, \u017ce dostarczenie chemikali\u00f3w, kt\u00f3re okre\u015blaj\u0105 mianem \u201cwody mineralnej\u201d, przez granic\u0119 tureck\u0105 przesz\u0142o g\u0142adko i funkcjonariusze nie robili problem\u00f3w. Gazeta informuje nast\u0119pnie, \u017ce wszystkich 13 podejrzanych, kt\u00f3rych aresztowano pocz\u0105tkowo, uwolniono 1 lipca 2013 r. po zamkni\u0119ciu sprawy przez rz\u0105d i pozwolono na swobodny wyjazd do Syrii<a name=\"_ednref1\"><\/a> <a href=\"http:\/\/www.memri.org\/report\/en\/0\/0\/0\/0\/0\/0\/8812.htm#_edn1\">[1]<\/a>.<\/p>\n<p>Media informowa\u0142y tak\u017ce, \u017ce pochodzenie gazu sarin u\u017cytego w tym ataku, by\u0142o przedmiotem dochodzenia ONZ i \u017ce raport w tej sprawie wkr\u00f3tce zostanie opublikowany<a name=\"_ednref2\"><\/a> <a href=\"http:\/\/www.memri.org\/report\/en\/0\/0\/0\/0\/0\/0\/8812.htm#_edn2\">[2]<\/a>.<\/p>\n<p>\nPrzypisy:<\/p>\n<p><a name=\"_edn1\"><\/a> <a href=\"http:\/\/www.memri.org\/report\/en\/0\/0\/0\/0\/0\/0\/8812.htm#_ednref1\">[1]<\/a> \u201cCumhuriyet\u201d<em>,<\/em> 21 pa\u017adziernika 2015.<a name=\"_edn2\"><br \/><\/a> <a href=\"http:\/\/www.memri.org\/report\/en\/0\/0\/0\/0\/0\/0\/8812.htm#_ednref2\">[2]<\/a> \u201cCumhuriyet, Todays Zaman\u201d, 21 pa\u017adziernika 2015<\/p>\n<p><strong>Visit the MEMRI site in Polish:<\/strong> <a href=\"http:\/\/www2.memri.org\/polish\/\"><strong>http:\/\/www2.memri.org\/polish\/<\/strong><\/a><\/p>\n<p><strong>If you wish to reply, please send your email to<\/strong> <a href=\"javascript:void(0)\"><strong>memri@memrieurope.org<\/strong><\/a> <strong>.<\/strong><\/p>\n<\/div>\n","protected":false},"excerpt":{"rendered":"<p>Na konferencji prasowej w Stambule 21 pa\u017adziernika 2015 r. dw\u00f3ch pos\u0142\u00f3w do parlamentu tureckiego z ramienia g\u0142\u00f3wnej partii opozycyjnej Turcji, Republika\u0144skiej Partii Ludowej (CHP), Eren Erdem i Ali Seker, twierdzili, \u017ce atak broni\u0105 chemiczn\u0105 w sierpniu 2013 r. na przedmie\u015bcie Damaszku, Ghouta, w kt\u00f3rym zgin\u0119\u0142y tysi\u0105ce cywil\u00f3w, by\u0142 dokonany nie przez re\u017cim Assada, ale przez [&hellip;]<\/p>\n","protected":false},"author":1,"featured_media":6576,"comment_status":"open","ping_status":"closed","sticky":false,"template":"","format":"standard","meta":{"footnotes":""},"categories":[824,832,835,836,837,843],"tags":[],"class_list":["post-3668","post","type-post","status-publish","format-standard","has-post-thumbnail","hentry","category-specjalne-komunikaty","category-projekt-badan-nad-dzihadem-i-terroryzmem","category-archiwum","category-tematy","category-kraje","category-turcja"],"_links":{"self":[{"href":"https:\/\/www2.memri.org\/polish\/wp-json\/wp\/v2\/posts\/3668","targetHints":{"allow":["GET"]}}],"collection":[{"href":"https:\/\/www2.memri.org\/polish\/wp-json\/wp\/v2\/posts"}],"about":[{"href":"https:\/\/www2.memri.org\/polish\/wp-json\/wp\/v2\/types\/post"}],"author":[{"embeddable":true,"href":"https:\/\/www2.memri.org\/polish\/wp-json\/wp\/v2\/users\/1"}],"replies":[{"embeddable":true,"href":"https:\/\/www2.memri.org\/polish\/wp-json\/wp\/v2\/comments?post=3668"}],"version-history":[{"count":1,"href":"https:\/\/www2.memri.org\/polish\/wp-json\/wp\/v2\/posts\/3668\/revisions"}],"predecessor-version":[{"id":6580,"href":"https:\/\/www2.memri.org\/polish\/wp-json\/wp\/v2\/posts\/3668\/revisions\/6580"}],"wp:featuredmedia":[{"embeddable":true,"href":"https:\/\/www2.memri.org\/polish\/wp-json\/wp\/v2\/media\/6576"}],"wp:attachment":[{"href":"https:\/\/www2.memri.org\/polish\/wp-json\/wp\/v2\/media?parent=3668"}],"wp:term":[{"taxonomy":"category","embeddable":true,"href":"https:\/\/www2.memri.org\/polish\/wp-json\/wp\/v2\/categories?post=3668"},{"taxonomy":"post_tag","embeddable":true,"href":"https:\/\/www2.memri.org\/polish\/wp-json\/wp\/v2\/tags?post=3668"}],"curies":[{"name":"wp","href":"https:\/\/api.w.org\/{rel}","templated":true}]}}