{"id":3522,"date":"2015-04-17T00:00:00","date_gmt":"2015-04-17T00:00:00","guid":{"rendered":"http:\/\/www2.memri.org\/polaco\/prezydent-autonomii-palestynskiej-mahmoud-abbas-przyznaje-medale-terrorystom-z-fatahu\/3522"},"modified":"2016-12-01T23:33:47","modified_gmt":"2016-12-01T23:33:47","slug":"prezydent-autonomii-palestynskiej-mahmoud-abbas-przyznaje-medale-terrorystom-z-fatahu","status":"publish","type":"post","link":"https:\/\/www2.memri.org\/polish\/prezydent-autonomii-palestynskiej-mahmoud-abbas-przyznaje-medale-terrorystom-z-fatahu\/3522","title":{"rendered":"Prezydent Autonomii Palesty\u0144skiej, Mahmoud Abbas, przyznaje medale terrorystom z Fatahu"},"content":{"rendered":"<div class=\"bodytext c3\">\n<p>Przed Dniem Wi\u0119\u017ania Palesty\u0144skiego, kt\u00f3ry obchodzony jest 17 kwietnia, prezydent Autonomii Palesty\u0144skiej (AP), Mahmoud Abbas, postanowi\u0142 przyzna\u0107 medale pierwszej uwi\u0119zionej przez Izrael cz\u0142onkini Fatahu, Fatimie Bernawi, pierwszemu uwi\u0119zionemu cz\u0142onkowi Fatahu, Mahmoudowi Bakrowi Hid\u017caziemu, i pierwszemu cz\u0142onkowi Fatahu, kt\u00f3ry zosta\u0142 \u201em\u0119czennikiem\u201d, Ahmadowi Moussie Salamie, w uznaniu ich \u201enarodowej walki\u201d<a name=\"_ednref1\"><\/a> <a href=\"http:\/\/www.memri.org\/report\/en\/0\/0\/0\/0\/0\/0\/8526.htm#_edn1\">[1]<\/a>.<\/p>\n<p>16 kwietnia 2015 r. strona internetowa egipskiego odga\u0142\u0119zienia Fatahu pisa\u0142a o Bernawi w artykule zadedykowanym na Dzie\u0144 Wi\u0119\u017ani\u00f3w: &#8222;Bernawi zosta\u0142a aresztowana w pa\u017adzierniku 1967 r. po tym, jak umie\u015bci\u0142a bomb\u0119 w kinie Syjon w Jerozolimie. Zosta\u0142a skazana na do\u017cywocie, ale zwolniono j\u0105 dziesi\u0119\u0107 lat p\u00f3\u017aniej, w listopadzie 1977 r. S\u0142u\u017cba Wi\u0119zienna [Izraela] opisa\u0142a [jej uwolnienie] jako \u2018gest dobrej woli\u2019 wobec Egiptu w przeddzie\u0144 wizyty premiera egipskiego Anwara Sadata w Jerozolimie 19 listopada 1977, [wizyty], kt\u00f3ra utorowa\u0142a drog\u0119 do podpisania egipsko-izraelskiego porozumienia pokojowego w 1979 r.\u201d<\/p>\n<p>Strona internetowa podaje nast\u0119pnie: &#8222;Fatima Bernawi by\u0142a jedn\u0105 z pierwszych kobiet palesty\u0144skich, kt\u00f3re przyj\u0119\u0142y [spos\u00f3b] zbrojnych operacji samopo\u015bwi\u0119cenia po rozpocz\u0119ciu nowoczesnej rewolucji palesty\u0144skiej, kt\u00f3r\u0105 rozpocz\u0105\u0142 Fatah 1 stycznia 1965 r. By\u0142a pierwsza m\u0142od\u0105 kobiet\u0105 palesty\u0144sk\u0105 aresztowan\u0105 przez izraelskie si\u0142y okupacyjne i jest pierwsz\u0105 wi\u0119\u017aniark\u0105 wymienion\u0105 w spisach ruchu wi\u0119\u017aniarek [palesty\u0144skich]&#8230;&#8221;<a name=\"_ednref2\"><\/a> <a href=\"http:\/\/www.memri.org\/report\/en\/0\/0\/0\/0\/0\/0\/8526.htm#_edn2\">[2]<\/a><\/p>\n<p><img loading=\"lazy\" decoding=\"async\" class=\"alignnone size-full wp-image-6976\" src=\"http:\/\/www2.memri.org\/polaco\/wp-content\/uploads\/2016\/12\/23014.jpg\" width=\"462\" height=\"298\" srcset=\"https:\/\/www2.memri.org\/polish\/wp-content\/uploads\/2016\/12\/23014.jpg 462w, https:\/\/www2.memri.org\/polish\/wp-content\/uploads\/2016\/12\/23014-300x194.jpg 300w\" sizes=\"auto, (max-width: 462px) 100vw, 462px\" \/><br \/>\n<em>Fatima Bernawi (Zdj\u0119cie: Fateheg.org, 16 kwietnia 2015)<\/em><\/p>\n<p><img loading=\"lazy\" decoding=\"async\" class=\"alignnone size-full wp-image-6978\" src=\"http:\/\/www2.memri.org\/polaco\/wp-content\/uploads\/2016\/12\/23015.jpg\" width=\"203\" height=\"295\" \/><br \/>\n<em>Fatima Bernawi w czasie, kiedy by\u0142a szefow\u0105 kobiecej si\u0142y policyjnej AP (Zdj\u0119cie: Fateheg.org, 16 kwietnia 2015)<\/em><\/p>\n<p>Mahmoud Bakr Hid\u017cazi zosta\u0142 z\u0142apany podczas pr\u00f3by przeprowadzenia zamachu terrorystycznego w Izraelu 7 stycznia 1965 r. i zosta\u0142 skazany na 30 lat wi\u0119zienia, ale uwolniono go w 1971r.<a name=\"_ednref3\"><\/a> <a href=\"http:\/\/www.memri.org\/report\/en\/0\/0\/0\/0\/0\/0\/8526.htm#_edn3\">[3]<\/a> Ahmad Moussa Salama zosta\u0142 zabity, kiedy uczestniczy\u0142 w pierwszej akcji terrorystycznej Fatahu, ataku na Krajowy Ruroci\u0105g Wodny 1 stycznia 1965r.<a name=\"_ednref4\"><\/a> <a href=\"http:\/\/www.memri.org\/report\/en\/0\/0\/0\/0\/0\/0\/8526.htm#_edn4\">[4]<\/a><\/p>\n<p><em>Przypisy<\/em>:<\/p>\n<p><a name=\"_edn1\"><\/a> <a href=\"http:\/\/www.memri.org\/report\/en\/0\/0\/0\/0\/0\/0\/8526.htm#_ednref1\">[1]<\/a> Al-Hayat Al-Jadida (PA), 17 kwietnia 2015.<a name=\"_edn2\"><br \/><\/a> <a href=\"http:\/\/www.memri.org\/report\/en\/0\/0\/0\/0\/0\/0\/8526.htm#_ednref2\">[2]<\/a> Fateheg.org, 16 kwietnia 2015.<a name=\"_edn3\"><br \/><\/a> <a href=\"http:\/\/www.memri.org\/report\/en\/0\/0\/0\/0\/0\/0\/8526.htm#_ednref3\">[3]<\/a> Aljazeera.net, 17 kwietnia 2013. <a name=\"_edn4\"><br \/><\/a> <a href=\"http:\/\/www.memri.org\/report\/en\/0\/0\/0\/0\/0\/0\/8526.htm#_ednref4\">[4]<\/a> Thawra.ps, 9 lutego 2011.<\/p>\n<p><strong>Visit the MEMRI site in Polish:<\/strong> <a href=\"http:\/\/www2.memri.org\/polish\/\"><strong>http:\/\/www2.memri.org\/polish\/<\/strong><\/a><\/p>\n<p><strong>If you wish to reply, please send your email to<\/strong> <a href=\"javascript:void(0)\"><strong>memri@memrieurope.org<\/strong><\/a> <strong>.<\/strong><\/p>\n<\/div>\n","protected":false},"excerpt":{"rendered":"<p>Przed Dniem Wi\u0119\u017ania Palesty\u0144skiego, kt\u00f3ry obchodzony jest 17 kwietnia, prezydent Autonomii Palesty\u0144skiej (AP), Mahmoud Abbas, postanowi\u0142 przyzna\u0107 medale pierwszej uwi\u0119zionej przez Izrael cz\u0142onkini Fatahu, Fatimie Bernawi, pierwszemu uwi\u0119zionemu cz\u0142onkowi Fatahu, Mahmoudowi Bakrowi Hid\u017caziemu, i pierwszemu cz\u0142onkowi Fatahu, kt\u00f3ry zosta\u0142 \u201em\u0119czennikiem\u201d, Ahmadowi Moussie Salamie, w uznaniu ich \u201enarodowej walki\u201d [1]. 16 kwietnia 2015 r. strona internetowa [&hellip;]<\/p>\n","protected":false},"author":1,"featured_media":6976,"comment_status":"open","ping_status":"closed","sticky":false,"template":"","format":"standard","meta":{"footnotes":""},"categories":[824,828,835,837],"tags":[],"class_list":["post-3522","post","type-post","status-publish","format-standard","has-post-thumbnail","hentry","category-specjalne-komunikaty","category-autonomia-palestynska","category-archiwum","category-kraje"],"_links":{"self":[{"href":"https:\/\/www2.memri.org\/polish\/wp-json\/wp\/v2\/posts\/3522","targetHints":{"allow":["GET"]}}],"collection":[{"href":"https:\/\/www2.memri.org\/polish\/wp-json\/wp\/v2\/posts"}],"about":[{"href":"https:\/\/www2.memri.org\/polish\/wp-json\/wp\/v2\/types\/post"}],"author":[{"embeddable":true,"href":"https:\/\/www2.memri.org\/polish\/wp-json\/wp\/v2\/users\/1"}],"replies":[{"embeddable":true,"href":"https:\/\/www2.memri.org\/polish\/wp-json\/wp\/v2\/comments?post=3522"}],"version-history":[{"count":1,"href":"https:\/\/www2.memri.org\/polish\/wp-json\/wp\/v2\/posts\/3522\/revisions"}],"predecessor-version":[{"id":6984,"href":"https:\/\/www2.memri.org\/polish\/wp-json\/wp\/v2\/posts\/3522\/revisions\/6984"}],"wp:featuredmedia":[{"embeddable":true,"href":"https:\/\/www2.memri.org\/polish\/wp-json\/wp\/v2\/media\/6976"}],"wp:attachment":[{"href":"https:\/\/www2.memri.org\/polish\/wp-json\/wp\/v2\/media?parent=3522"}],"wp:term":[{"taxonomy":"category","embeddable":true,"href":"https:\/\/www2.memri.org\/polish\/wp-json\/wp\/v2\/categories?post=3522"},{"taxonomy":"post_tag","embeddable":true,"href":"https:\/\/www2.memri.org\/polish\/wp-json\/wp\/v2\/tags?post=3522"}],"curies":[{"name":"wp","href":"https:\/\/api.w.org\/{rel}","templated":true}]}}