{"id":3249,"date":"2014-03-10T00:00:00","date_gmt":"2014-03-10T00:00:00","guid":{"rendered":"http:\/\/www2.memri.org\/polaco\/mahmoud-abbas-referendum-o-kazdym-porozumieniu-wsrod-palestynczykow-na-calym-swiecie-nie-dla-panstwa-zydowskiego\/3249"},"modified":"2014-03-10T00:00:00","modified_gmt":"2014-03-10T00:00:00","slug":"mahmoud-abbas-referendum-o-kazdym-porozumieniu-wsrod-palestynczykow-na-calym-swiecie-nie-dla-panstwa-zydowskiego","status":"publish","type":"post","link":"https:\/\/www2.memri.org\/polish\/mahmoud-abbas-referendum-o-kazdym-porozumieniu-wsrod-palestynczykow-na-calym-swiecie-nie-dla-panstwa-zydowskiego\/3249","title":{"rendered":"Mahmoud Abbas: Referendum o ka\u017cdym porozumieniu w\u015br\u00f3d Palesty\u0144czyk\u00f3w na ca\u0142ym \u015bwiecie; nie dla pa\u0144stwa \u017cydowskiego"},"content":{"rendered":"<div class=\"bodytext bodytext c2\">\n<p><em>Przemawiaj\u0105c do m\u0142odych aktywist\u00f3w Fatahu 6 marca 2014 r. przewodnicz\u0105cy Autonomii Palesty\u0144skiej Mahmoud Abbas powiedzia\u0142, \u017ce ka\u017cde porozumienie musi zosta\u0107 \u201epotwierdzone przez powszechne referendum w\u015br\u00f3d wszystkich Palesty\u0144czyk\u00f3w na ca\u0142ym \u015bwiecie\u201d. \u201eNigdy nie zgodzimy si\u0119 na uznanie pa\u0144stwa \u017cydowskiego\u201d \u2013 powiedzia\u0142.<\/em><\/p>\n<p><em>Poni\u017cej podajemy fragmenty, kt\u00f3re nada\u0142a telewizja Autonomii Palesty\u0144skiej:<\/em><\/p>\n<p class=\"c1\"><iframe loading=\"lazy\" height=\"485\" src=\"http:\/\/www.memritv.org\/player\/largePlayer.php?&#038;width=585&#038;height=485&#038;autoplay=0&#038;clipid=4179\" frameborder=\"0\" width=\"585\" allowtransparency=\"\" scrolling=\"no\"><\/iframe><\/p>\n<p><strong>Mahmoud Abbas<\/strong>: Naszym stanowiskiem jest, \u017ce osiedla \u2013 od pocz\u0105tku do ko\u0144ca \u2013 s\u0105 nielegalne. Oni m\u00f3wi\u0105 o blokach osiedli lub o osiedlach tam i tutaj, ale my m\u00f3wimy, \u017ce ka\u017cdy dom i ka\u017cdy kamie\u0144, kt\u00f3ry zosta\u0142 umieszczony na Zachodnim Brzegu od 1967 r. do dnia dzisiejszego, s\u0105 nielegalne i nie uznajemy ich. [\u2026]<\/p>\n<p>\u017badne rozwi\u0105zanie, kt\u00f3re uzgodnimy z drug\u0105 stron\u0105, nie zostanie przyj\u0119te, je\u015bli nie zostanie zatwierdzone przez powszechne referendum wszystkich Palesty\u0144czyk\u00f3w na ca\u0142ym \u015bwiecie.<\/p>\n<p><em>Oklaski<\/em><\/p>\n<p>[\u2026]<\/p>\n<p>Ka\u017cdy Palesty\u0144czyk, od Kanady do Japonii \u2013 to obejmuje tak\u017ce Palesty\u0144czyk\u00f3w \u017cyj\u0105cych za granic\u0105 \u2013 b\u0119dzie musia\u0142 zgodzi\u0107 si\u0119 na t\u0119 propozycj\u0119. B\u0119d\u0105 g\u0142osowa\u0107 za lub przeciw. Je\u015bli powiedz\u0105 \u201enie\u201d, propozycja nie przejdzie. [\u2026]<\/p>\n<p>Prawo Powrotu jest prawem osobistym. Je\u015bli jeste\u015b uchod\u017ac\u0105, tw\u00f3j syn tak\u017ce jest uchod\u017ac\u0105. Mo\u017ce zdecydujesz si\u0119 zrezygnowa\u0107 z tego prawa, podczas gdy tw\u00f3j syn zdecyduje si\u0119 nie [rezygnowa\u0107], albo odwrotnie. Tw\u00f3j syn ma swobod\u0119 zrobienia tego. Kiedy m\u00f3wimy, \u017ce jest to wyb\u00f3r osobisty, znaczy to, \u017ce mo\u017ce on decydowa\u0107 za siebie. Wszyscy b\u0119dziemy dokonywali wyboru: jedn\u0105 opcj\u0105 jest pozostanie tu, gdzie jeste\u015bmy \u2013 w Jordanii, w Syrii, w Libanie i tak dalej \u2013 i otrzymanie odszkodowania\u2026 Oczywi\u015bcie\u2026<\/p>\n<p>Drug\u0105 opcj\u0105 jest wyjazd do innego kraju jako cz\u0119\u015b\u0107 porozumienia. Je\u015bli kto\u015b chce emigrowa\u0107 do Kanady, ma swobod\u0119 zrobienia tego. Gdziekolwiek p\u00f3jdzie, Pozostanie Palesty\u0144czykiem. W tym wypadku tak\u017ce otrzyma odszkodowanie.<\/p>\n<p>Trzeci\u0105 opcj\u0105 jest decyzja powrotu do pa\u0144stwa palesty\u0144skiego i otrzymanie odszkodowania. Mo\u017ce on tak\u017ce zdecydowa\u0107 si\u0119 na powr\u00f3t do Izraela. W takim wypadku otrzyma odszkodowanie i powr\u00f3ci.<\/p>\n<p>To s\u0105 opcje, jakie stawiamy przed Palesty\u0144czykami. Oni wybior\u0105. Je\u015bli chcecie zosta\u0107, gdzie jeste\u015bcie \u2013 dobrze. Je\u015bli chcecie wyjecha\u0107 za granic\u0119 \u2013 dobrze. Je\u015bli chcecie przyby\u0107 do Palestyny \u2013 dobrze. Je\u015bli wybieracie powr\u00f3t [do Izraela] i otrzymanie obywatelstwa izraelskiego\u2026 To w\u0142a\u015bnie to znaczy. Kto\u015b zapyta\u0142 mnie, jak mo\u017ce sta\u0107 si\u0119 obywatelem izraelskim. Zapyta\u0142em go, czy chce nadal by\u0107 bezpa\u0144stwowcem po powrocie. B\u0119dzie wraca\u0142 do pa\u0144stwa Izrael.<\/p>\n<p>Wszyscy uchod\u017acy, kt\u00f3rych jest dzisiaj 5 milion\u00f3w, wraz ze swoim potomstwem, s\u0105 uwa\u017cani za uchod\u017ac\u00f3w 1948 r. Nie ma \u017cadnych uchod\u017ac\u00f3w, kt\u00f3rzy pochodz\u0105 z Nablusu lub Ramallah. Wszyscy s\u0105 z Tyberiady, Safedu, Akko, Nazaretu, Jaffy, Beerszeby i tak dalej. [\u2026]<\/p>\n<p>Czego nie chcemy zaakceptowa\u0107, to \u201cpa\u0144stwa \u017cydowskiego\u201d. Nigdy nie zgodzimy si\u0119 na uznanie pa\u0144stwa \u017cydowskiego.<\/p>\n<p><em>Oklaski<\/em><\/p>\n<p>[\u2026]<\/p>\n<\/div>\n","protected":false},"excerpt":{"rendered":"<p>Przemawiaj\u0105c do m\u0142odych aktywist\u00f3w Fatahu 6 marca 2014 r. przewodnicz\u0105cy Autonomii Palesty\u0144skiej Mahmoud Abbas powiedzia\u0142, \u017ce ka\u017cde porozumienie musi zosta\u0107 \u201epotwierdzone przez powszechne referendum w\u015br\u00f3d wszystkich Palesty\u0144czyk\u00f3w na ca\u0142ym \u015bwiecie\u201d. \u201eNigdy nie zgodzimy si\u0119 na uznanie pa\u0144stwa \u017cydowskiego\u201d \u2013 powiedzia\u0142. Poni\u017cej podajemy fragmenty, kt\u00f3re nada\u0142a telewizja Autonomii Palesty\u0144skiej: Mahmoud Abbas: Naszym stanowiskiem jest, \u017ce osiedla [&hellip;]<\/p>\n","protected":false},"author":1,"featured_media":0,"comment_status":"open","ping_status":"closed","sticky":false,"template":"","format":"standard","meta":{"footnotes":""},"categories":[824,831,835,836],"tags":[],"class_list":["post-3249","post","type-post","status-publish","format-standard","hentry","category-specjalne-komunikaty","category-projekt-dokumentacji-antysemityzmu","category-archiwum","category-tematy"],"_links":{"self":[{"href":"https:\/\/www2.memri.org\/polish\/wp-json\/wp\/v2\/posts\/3249","targetHints":{"allow":["GET"]}}],"collection":[{"href":"https:\/\/www2.memri.org\/polish\/wp-json\/wp\/v2\/posts"}],"about":[{"href":"https:\/\/www2.memri.org\/polish\/wp-json\/wp\/v2\/types\/post"}],"author":[{"embeddable":true,"href":"https:\/\/www2.memri.org\/polish\/wp-json\/wp\/v2\/users\/1"}],"replies":[{"embeddable":true,"href":"https:\/\/www2.memri.org\/polish\/wp-json\/wp\/v2\/comments?post=3249"}],"version-history":[{"count":0,"href":"https:\/\/www2.memri.org\/polish\/wp-json\/wp\/v2\/posts\/3249\/revisions"}],"wp:attachment":[{"href":"https:\/\/www2.memri.org\/polish\/wp-json\/wp\/v2\/media?parent=3249"}],"wp:term":[{"taxonomy":"category","embeddable":true,"href":"https:\/\/www2.memri.org\/polish\/wp-json\/wp\/v2\/categories?post=3249"},{"taxonomy":"post_tag","embeddable":true,"href":"https:\/\/www2.memri.org\/polish\/wp-json\/wp\/v2\/tags?post=3249"}],"curies":[{"name":"wp","href":"https:\/\/api.w.org\/{rel}","templated":true}]}}