{"id":3061,"date":"2013-09-09T00:00:00","date_gmt":"2013-09-09T00:00:00","guid":{"rendered":"http:\/\/www2.memri.org\/polaco\/islamskie-panstwo-iraku-i-syrii-isis-otwiera-szkoly-podstawowe-w-aleppo\/3061"},"modified":"2016-12-01T23:41:04","modified_gmt":"2016-12-01T23:41:04","slug":"islamskie-panstwo-iraku-i-syrii-isis-otwiera-szkoly-podstawowe-w-aleppo","status":"publish","type":"post","link":"https:\/\/www2.memri.org\/polish\/islamskie-panstwo-iraku-i-syrii-isis-otwiera-szkoly-podstawowe-w-aleppo\/3061","title":{"rendered":"Islamskie Pa\u0144stwo Iraku i Syrii (ISIS) otwiera szko\u0142y podstawowe w Aleppo"},"content":{"rendered":"<div class=\"bodytext c2\">\n<p>Islamskie Pa\u0144stwo Iraku i Syrii (ISIS) rozpocz\u0119\u0142o, wed\u0142ug doniesie\u0144, nowy rok szkolny w szko\u0142ach, kt\u00f3rymi zarz\u0105dza w Syrii. Zdj\u0119cia rozprzestrzeniane przez dzia\u0142aczy w Aleppo pokazuj\u0105 dzieci w klasie, niekt\u00f3re trzymaj\u0105ce sztandar ISIS. Na jednym ze zdj\u0119\u0107 wida\u0107 dziewczynk\u0119 nosz\u0105ca tornister z logo ISIS. Takie tornistry rozdawane s\u0105 dzieciom.<\/p>\n<p><!--[endif]--><img loading=\"lazy\" decoding=\"async\" class=\"alignnone size-full wp-image-8035\" src=\"http:\/\/www2.memri.org\/polaco\/wp-content\/uploads\/2016\/12\/16379.jpg\" width=\"598\" height=\"376\" srcset=\"https:\/\/www2.memri.org\/polish\/wp-content\/uploads\/2016\/12\/16379.jpg 598w, https:\/\/www2.memri.org\/polish\/wp-content\/uploads\/2016\/12\/16379-300x189.jpg 300w\" sizes=\"auto, (max-width: 598px) 100vw, 598px\" \/><br \/>\n<em>Dzieci trzymaj\u0105ce sztandar ISIS<\/em><\/p>\n<p><!--[endif]--><img loading=\"lazy\" decoding=\"async\" class=\"alignnone size-full wp-image-8039\" src=\"http:\/\/www2.memri.org\/polaco\/wp-content\/uploads\/2016\/12\/16380.jpg\" width=\"599\" height=\"355\" srcset=\"https:\/\/www2.memri.org\/polish\/wp-content\/uploads\/2016\/12\/16380.jpg 599w, https:\/\/www2.memri.org\/polish\/wp-content\/uploads\/2016\/12\/16380-300x178.jpg 300w\" sizes=\"auto, (max-width: 599px) 100vw, 599px\" \/><br \/>\n<em>Uczniowie w klasie<\/em><\/p>\n<p><!--[endif]--><img loading=\"lazy\" decoding=\"async\" class=\"alignnone size-full wp-image-8043\" src=\"http:\/\/www2.memri.org\/polaco\/wp-content\/uploads\/2016\/12\/16381.jpg\" width=\"593\" height=\"399\" srcset=\"https:\/\/www2.memri.org\/polish\/wp-content\/uploads\/2016\/12\/16381.jpg 593w, https:\/\/www2.memri.org\/polish\/wp-content\/uploads\/2016\/12\/16381-300x202.jpg 300w\" sizes=\"auto, (max-width: 593px) 100vw, 593px\" \/><br \/>\n<em>Nastoletni ch\u0142opcy opisani jako \u201enauczyciele&#8221;<\/em><\/p>\n<p><!--[endif]--><img loading=\"lazy\" decoding=\"async\" class=\"alignnone size-full wp-image-8046\" src=\"http:\/\/www2.memri.org\/polaco\/wp-content\/uploads\/2016\/12\/16382.jpg\" width=\"181\" height=\"202\" \/><br \/>\n<em>Tornister z logo ISIS rozdawany uczniom<\/em><\/p>\n<\/div>\n","protected":false},"excerpt":{"rendered":"<p>Islamskie Pa\u0144stwo Iraku i Syrii (ISIS) rozpocz\u0119\u0142o, wed\u0142ug doniesie\u0144, nowy rok szkolny w szko\u0142ach, kt\u00f3rymi zarz\u0105dza w Syrii. Zdj\u0119cia rozprzestrzeniane przez dzia\u0142aczy w Aleppo pokazuj\u0105 dzieci w klasie, niekt\u00f3re trzymaj\u0105ce sztandar ISIS. Na jednym ze zdj\u0119\u0107 wida\u0107 dziewczynk\u0119 nosz\u0105ca tornister z logo ISIS. Takie tornistry rozdawane s\u0105 dzieciom. Dzieci trzymaj\u0105ce sztandar ISIS Uczniowie w klasie [&hellip;]<\/p>\n","protected":false},"author":1,"featured_media":8035,"comment_status":"open","ping_status":"closed","sticky":false,"template":"","format":"standard","meta":{"footnotes":""},"categories":[824,830,834,835,837],"tags":[],"class_list":["post-3061","post","type-post","status-publish","format-standard","has-post-thumbnail","hentry","category-specjalne-komunikaty","category-syria","category-irak","category-archiwum","category-kraje"],"_links":{"self":[{"href":"https:\/\/www2.memri.org\/polish\/wp-json\/wp\/v2\/posts\/3061","targetHints":{"allow":["GET"]}}],"collection":[{"href":"https:\/\/www2.memri.org\/polish\/wp-json\/wp\/v2\/posts"}],"about":[{"href":"https:\/\/www2.memri.org\/polish\/wp-json\/wp\/v2\/types\/post"}],"author":[{"embeddable":true,"href":"https:\/\/www2.memri.org\/polish\/wp-json\/wp\/v2\/users\/1"}],"replies":[{"embeddable":true,"href":"https:\/\/www2.memri.org\/polish\/wp-json\/wp\/v2\/comments?post=3061"}],"version-history":[{"count":1,"href":"https:\/\/www2.memri.org\/polish\/wp-json\/wp\/v2\/posts\/3061\/revisions"}],"predecessor-version":[{"id":8054,"href":"https:\/\/www2.memri.org\/polish\/wp-json\/wp\/v2\/posts\/3061\/revisions\/8054"}],"wp:featuredmedia":[{"embeddable":true,"href":"https:\/\/www2.memri.org\/polish\/wp-json\/wp\/v2\/media\/8035"}],"wp:attachment":[{"href":"https:\/\/www2.memri.org\/polish\/wp-json\/wp\/v2\/media?parent=3061"}],"wp:term":[{"taxonomy":"category","embeddable":true,"href":"https:\/\/www2.memri.org\/polish\/wp-json\/wp\/v2\/categories?post=3061"},{"taxonomy":"post_tag","embeddable":true,"href":"https:\/\/www2.memri.org\/polish\/wp-json\/wp\/v2\/tags?post=3061"}],"curies":[{"name":"wp","href":"https:\/\/api.w.org\/{rel}","templated":true}]}}