{"id":3000,"date":"2013-07-24T00:00:00","date_gmt":"2013-07-24T00:00:00","guid":{"rendered":"http:\/\/www2.memri.org\/polaco\/wysocy-ranga-funkcjonariusze-i-sojusznicy-hezbollahu-nie-ma-zadnego-rozroznienia-miedzy-skrzydlem-politycznym-i-militarnym-hezbollahu\/3000"},"modified":"2016-12-01T23:41:28","modified_gmt":"2016-12-01T23:41:28","slug":"wysocy-ranga-funkcjonariusze-i-sojusznicy-hezbollahu-nie-ma-zadnego-rozroznienia-miedzy-skrzydlem-politycznym-i-militarnym-hezbollahu","status":"publish","type":"post","link":"https:\/\/www2.memri.org\/polish\/wysocy-ranga-funkcjonariusze-i-sojusznicy-hezbollahu-nie-ma-zadnego-rozroznienia-miedzy-skrzydlem-politycznym-i-militarnym-hezbollahu\/3000","title":{"rendered":"Wysocy rang\u0105 funkcjonariusze i sojusznicy Hezbollahu: Nie ma \u017cadnego rozr\u00f3\u017cnienia mi\u0119dzy skrzyd\u0142em politycznym i militarnym Hezbollahu"},"content":{"rendered":"<p><!-- Document Body --><br \/>\n<DIV ALIGN=\"justify\" CLASS=\"bodytext\"><\/p>\n<p><i>Po decyzji Unii Europejskiej z 22 lipca 2013 r. o w\u0142\u0105czeniu militarnego skrzyd\u0142a Hezbollahu do listy organizacji terrorystycznych, Hezbollah opublikowa\u0142 komunikat pot\u0119piaj\u0105cy t\u0119 decyzj\u0119 i atakuj\u0105cy polityk\u0119 UE. <\/i><\/p>\n<p><i>Komunikat stwierdza: \u201cJest to decyzja agresywna i gn\u0119bi\u0105ca, nie oparta ani na \u017cadnych powodach, ani na dowodach. Poddanie si\u0119 UE naciskom ameryka\u0144skim i syjonistycznym oraz ich ca\u0142kowite pos\u0142usze\u0144stwo rozkazom Bia\u0142ego Domu, stanowi powa\u017cn\u0105 spraw\u0119. Wydaje si\u0119 bowiem, \u017ce ta decyzja zosta\u0142a napisana ameryka\u0144skimi r\u0119koma i syjonistycznym atramentem i wszystko, co pozosta\u0142o Europie, to j\u0105 podpisa\u0107\u201d. <\/i><\/p>\n<p><i>Nast\u0119pnie czytamy w komunikacie: &#8222;&#8230;Je\u015bli kraje UE wierz\u0105, \u017ce przez podporz\u0105dkowanie si\u0119 szanta\u017cowi ameryka\u0144skiemu i wydanie takiej decyzji mog\u0105 osi\u0105gn\u0105\u0107 pozycj\u0119 w naszym regionie arabskim i islamskim, to m\u00f3wimy im, \u017ce USA wyprzedzi\u0142y ich w takiej decyzji i nic za to nie zyska\u0142y poza stratami i rozczarowaniami&#8221;<a name=\"_ednref1\"><\/A> <a title=\"\" href=\"#_edn1\">[1]<\/A>   .<\/i><\/p>\n<p><i>W zwi\u0105zku z t\u0105 decyzj\u0105 wysocy rang\u0105 funkcjonariusze Hezbollahu z zast\u0119pc\u0105 sekretarza generalnego Naimem Qassem na czele, jak r\u00f3wnie\u017c sojusznikami Hezbollahu i gazetami popieraj\u0105cymi t\u0119 organizacj\u0119 powt\u00f3rzyli tak\u017ce, \u017ce nie ma \u017cadnego rozr\u00f3\u017cnienia mi\u0119dzy skrzyd\u0142ami politycznym a militarnym Hezbollahu. Stanowi\u0105 one, jak powiedzieli, jeden organizm z jednym kierownictwem, kt\u00f3re podejmuje decyzje w sprawie dzia\u0142alno\u015bci tak politycznej, jak militarnej i d\u017cihadystycznej. <\/i><\/p>\n<p><i>Niniejszy raport stanowi przegl\u0105d wypowiedzi wysokich rang\u0105 funkcjonariuszy Hezbollahu i ich sojusznik\u00f3w przeciwko tej decyzji i przeciwko rozr\u00f3\u017cnianiu mi\u0119dzy skrzyd\u0142ami politycznym i militarnym organizacji.<\/i><\/p>\n<p><b>Zast\u0119pca sekretarza generalnego Hezbollahu Naim Qassem: Nie mamy skrzyd\u0142a militarnego i skrzyd\u0142a politycznego<\/b><\/p>\n<p>Dwa miesi\u0105ce przed decyzj\u0105 UE zast\u0119pca sekretarza generalnego Hezbollahu, Naim Qassem, twierdzi\u0142, \u017ce struktura organizacyjna Hezbollahu nie rozr\u00f3\u017cnia mi\u0119dzy skrzyd\u0142em politycznym a wojskowym i \u017ce takie rozr\u00f3\u017cnienie zosta\u0142o wymy\u015blone przez Wielk\u0105 Brytani\u0119 w 2008 r., kiedy umie\u015bci\u0142a ona skrzyd\u0142o militarne Hezbollahu na li\u015bcie organizacji terrorystycznych.<\/p>\n<p>W wypowiedzi z 24 maja 2013 r. na spotkaniu politycznym w Libanie Qassem powiedzia\u0142: \u201eW naszym [ruchu] oporu nie rozr\u00f3\u017cniamy mi\u0119dzy jednym a drugim stanowiskiem, poniewa\u017c nigdy nie dzielili\u015bmy naszego ruchu w taki spos\u00f3b, \u017ce mogliby\u015bmy mie\u0107 r\u00f3\u017cne projekty. Dlatego wszyscy nasi m\u0119czennicy na wszystkich stanowiskach s\u0105 m\u0119czennikami [kt\u00f3rzy zgin\u0119li] z powodu obowi\u0105zku [prowadzenia] d\u017cihadu\u2026 Nie mamy jednego stanowiska dla bojownika oporu, a innego [dla kogo\u015b], kto nie jest bojownikiem oporu. Nie mamy skrzyd\u0142a militarnego i drugiego [skrzyd\u0142a], kt\u00f3re jest polityczne. Ci Europejczycy o\u015bmieszaj\u0105 si\u0119 imituj\u0105c Brytyjczyk\u00f3w, kiedy przeprowadzaj\u0105 rozr\u00f3\u017cnienie mi\u0119dzy skrzyd\u0142em militarnym i skrzyd\u0142em politycznym [Hezbollahu]; [robi\u0105 to], poniewa\u017c potrzebuj\u0105 stosunk\u00f3w z nami i manipuluj\u0105 w\u0142asnymi lud\u017ami [m\u00f3wi\u0105c], \u017ce prowadz\u0105 dialog z politykami [Hezbollahu], nie za\u015b z cz\u0142onkami [jego skrzyd\u0142a] militarnego. Zapomnieli, \u017ce dla nas ka\u017cde dziecko jest zar\u00f3wno wojskowym, jak politykiem.<\/p>\n<p>Nie b\u0119dziemy sta\u0107 z boku i patrze\u0107, jak spo\u0142eczno\u015b\u0107 mi\u0119dzynarodowa i w regionie \u2013 ze wszystkich stron \u2013 spiskuje przeciwko przedsi\u0119wzi\u0119ciu oporu\u2026 U\u017cyjemy wszystkich opcji, jakie mamy do dyspozycji, w odpowiednim czasie i miejscu, \u017ceby walczy\u0107 przeciwko tym, kt\u00f3rzy d\u0105\u017c\u0105 do uderzenia [ruchu] oporu bezpo\u015brednio lub po\u015brednio. Nigdy nie we\u017amiemy udzia\u0142u w posuni\u0119ciach na rzecz uznania Izraela i rozszerzenia jego wp\u0142yw\u00f3w i kontroli w naszym regionie&#8230;&#8221;<a name=\"_ednref2\"><\/A> <a title=\"\" href=\"#_edn2\"><sup>[2]<\/sup><\/A> <\/p>\n<p><i><!--[if gte vml 1]><![endif]--><!--[if !vml]--><!--[endif]--><\/i><i><img loading=\"lazy\" decoding=\"async\" class=\"alignnone size-full wp-image-8113\" src=\"http:\/\/www2.memri.org\/polaco\/wp-content\/uploads\/2016\/12\/16005.jpg\" width=\"400\" height=\"557\" srcset=\"https:\/\/www2.memri.org\/polish\/wp-content\/uploads\/2016\/12\/16005.jpg 400w, https:\/\/www2.memri.org\/polish\/wp-content\/uploads\/2016\/12\/16005-215x300.jpg 215w, https:\/\/www2.memri.org\/polish\/wp-content\/uploads\/2016\/12\/16005-302x420.jpg 302w\" sizes=\"auto, (max-width: 400px) 100vw, 400px\" \/><BR><br \/>\n Zast\u0119pca sekretarza generalnego Hezbollahu, Naim Qassem <\/i>(Al-Sharq Al-Awsat, <i>Londyn, 15 kwietnia 2009).<\/i><\/p>\n<p>Nie jest to pierwszy raz, kiedy Qassem oznajmi\u0142, \u017ce Hezbollah nie ma odr\u0119bnych skrzyde\u0142 politycznego i militarnego, i \u017ce ca\u0142y jego potencja\u0142 s\u0142u\u017cy oporowi; m\u00f3wi\u0142 to szereg razy w poprzednich latach. 6 pa\u017adziernika 2012 r., na ceremonii rozpocz\u0119cia roku akademickiego, powiedzia\u0142: \u201eW Libanie istnieje jedna partia, kt\u00f3ra nazywa si\u0119 Hezbollah. Nie mamy skrzyd\u0142a militarnego i skrzyd\u0142a politycznego. Nie mamy [partii politycznej o nazwie] Hezbollah, [a r\u00f3wnocze\u015bnie] partii oporu. Hezbollah jest parti\u0105 polityczn\u0105; jest parti\u0105 oporu i parti\u0105 dzia\u0142ania na rzecz Allaha i w s\u0142u\u017cbie ludu. W skr\u00f3cie, to jest Hezbollah.<\/p>\n<p>Dlatego wszystkie te rozr\u00f3\u017cnienia, jakie niekt\u00f3rzy ludzie pr\u00f3buj\u0105 szerzy\u0107, s\u0105 czym\u015b, co odrzucamy; one nie istniej\u0105. Wszyscy wysocy funkcjonariusze i dzia\u0142acze, i rozmaite mo\u017cliwo\u015bci, jakie posiadamy w Hezbollahu, s\u0105 w s\u0142u\u017cbie oporu. Nie mamy \u017cadnego priorytetu poza oporem \u2013 od kierownictwa organizacji do ostatniego bojownika &#8230;&#8221;<a name=\"_ednref3\"><\/A> <a title=\"\" href=\"#_edn3\"><sup>[3]<\/sup><\/A> <\/p>\n<p><b>Qassem: Kierownictwo Hezbollahu podejmuje zar\u00f3wno decyzje polityczne, jak decyzje dotycz\u0105ce dzia\u0142alno\u015bci d\u017cihadu <\/b><\/p>\n<p>W wywiadzie dla \u201cGlobal Viewpoint\u201d w kwietniu 2009 r., kt\u00f3ry zosta\u0142 kilka dni p\u00f3\u017aniej przedrukowany w gazecie londy\u0144skiej \u201cAl-Sharq Al-Awsat\u201d, Qassem powiedzia\u0142: &#8222;Wielka Brytania pr\u00f3bowa\u0142a nawet usprawiedliwi\u0107 nawi\u0105zanie stosunk\u00f3w z Hezbollahem przez rozr\u00f3\u017cnianie dw\u00f3ch sekcji, kt\u00f3re w rzeczywisto\u015bci nie istniej\u0105, poniewa\u017c partia jest z natury zjednoczona. Hezbollah ma jedno kierownictwo reprezentowane przez Szur\u0119 (rada organizacji) i na jej czele jest sekretarz generalny [Hassan Nasrallah]. Ca\u0142a praca polityczna, spo\u0142eczna i d\u017cihadystyczna jest zwi\u0105zana decyzjami tego kierownictwa. To samo kierownictwo, kt\u00f3re kieruje pracami parlamentarnymi i rz\u0105dowymi, prowadzi tak\u017ce dzia\u0142ania d\u017cihadystyczne w walce przeciwko Izraelowi. Jest jedna decyzja, kt\u00f3ra ma mechanizm i struktur\u0119 do [jej] realizacji. Taki jest Hezbollah, nawet je\u015bli innym potrzebny jest inny obraz, \u017ceby usprawiedliwi\u0107 w\u0142asne dzia\u0142ania&#8230;&#8221;<a name=\"_ednref4\"><\/A> <a title=\"\" href=\"#_edn4\"><sup>[4]<\/sup><\/A> <\/p>\n<p><b>Inni przedstawiciele i sojusznicy Hezbollahu: Nie mo\u017cna uczyni\u0107 \u017cadnego takiego rozr\u00f3\u017cnienia<\/b><\/p>\n<p>By\u0142y parlamentarzysta z ramienia Hezbollahu, Ismail Sukariyya powiedzia\u0142: \u201eKwestia militarna jest podstawowa dla Hezbollahu. [Hezbollah] ma cel ideologiczny, kt\u00f3ry politycznie jest wojowniczy i dlatego na podstawie [tego faktu] niemo\u017cliwe jest rozdzielenie [skrzyd\u0142a] politycznego od militarnego&#8221;<a name=\"_ednref5\"><\/A> <a title=\"\" href=\"#_edn5\"><sup>[5]<\/sup><\/A>  .<\/p>\n<p>Kilka godzin przed og\u0142oszeniem decyzji UE liba\u0144ski minister spraw zagranicznych Adnan Mansour z frakcji szyickiej Amal, kt\u00f3ra jest bliskim sojusznikiem i zwolennikiem Hezbollahu, powiedzia\u0142: \u201cNie jest mo\u017cliwe rozdzielenie skrzyd\u0142a politycznego i skrzyd\u0142a militarnego Hezbollahu&#8221;<a name=\"_ednref6\"><\/A> <a title=\"\" href=\"#_edn6\"><sup>[6]<\/sup><\/A>  .<\/p>\n<p>Gazeta liba\u0144ska \u201cAl-Safir\u201d, znana ze swego poparcia dla Si\u0142 8 Marca i Hezbollahu, wskaza\u0142a na wewn\u0119trzn\u0105 sprzeczno\u015b\u0107 decyzji UE. W relacji z 23 lipca napisa\u0142a: \u201cDecyzja zaprzecza sama sobie. Z jednej strony, Europejczycy nadali tytu\u0142 terrorysty militarnemu Hezbollahowi, a z drugiej zostawili otwarte kana\u0142y komunikacji z politycznym Hezbollahem&#8230;&#8221;<a name=\"_ednref7\"><\/A> <a title=\"\" href=\"#_edn7\"><sup>[7]<\/sup><\/A> <\/p>\n<p><i>Karykatura z ira\u0144skiej agencji informacyjnej Fars: Izrael i USA manipuluj\u0105 zar\u00f3wno UE, kt\u00f3ra nazywa Hezbollah terrorystami, jak i d\u017cihadystami w Syrii (Fars, Iran, 23 lipca 2013).<\/i><\/p>\n<p><!--[if gte vml 1]><![endif]--><!--[if !vml]--><!--[endif]--><img loading=\"lazy\" decoding=\"async\" class=\"alignnone size-full wp-image-8115\" src=\"http:\/\/www2.memri.org\/polaco\/wp-content\/uploads\/2016\/12\/16006.jpg\" width=\"600\" height=\"418\" srcset=\"https:\/\/www2.memri.org\/polish\/wp-content\/uploads\/2016\/12\/16006.jpg 600w, https:\/\/www2.memri.org\/polish\/wp-content\/uploads\/2016\/12\/16006-300x209.jpg 300w, https:\/\/www2.memri.org\/polish\/wp-content\/uploads\/2016\/12\/16006-100x70.jpg 100w\" sizes=\"auto, (max-width: 600px) 100vw, 600px\" \/><!--[endif]--><\/p>\n<p><b>Gazeta liba\u0144ska \u201cAl-Akhbar\u201d: Militarne skrzyd\u0142o i polityczne skrzyd\u0142o Hezbollahu s\u0105 splecione <\/b><\/p>\n<p>Gazeta liba\u0144ska \u201cAl-Akhbar\u201d, kt\u00f3ra jest bliska Hezbollahowi, opublikowa\u0142a reporta\u017ce i artyku\u0142y twierdz\u0105ce, \u017ce decyzja UE wywo\u0142a\u0142a drwiny w Hezbollahu, poniewa\u017c nie mo\u017cna uczyni\u0107 \u017cadnego rozr\u00f3\u017cnienia mi\u0119dzy jego skrzyd\u0142ami politycznym i militarnym, bo s\u0105 one splecione.<\/p>\n<p>W jednym z artyku\u0142\u00f3w napisano: \u201cDecyzja UE wywo\u0142a\u0142a drwiny w\u015br\u00f3d [liba\u0144skiego ruchu] oporu. Dowcipy o tym zalewaj\u0105 sieci spo\u0142eczno\u015bciowe i ludzie [ruchu] oporu zamienili [te decyzj\u0119] w przedmiot kpin\u2026 Jak UE mo\u017ce rozr\u00f3\u017cni\u0107 mi\u0119dzy [skrzyd\u0142em] militarnym a [skrzyd\u0142em] politycznym? Ludzie [ruchu] oporu twierdz\u0105, \u017ce mamy do czynienia z <i>bidah<\/i> [niedozwolona innowacja] i niczym wi\u0119cej&#8221;<a name=\"_ednref8\"><\/A> <a title=\"\" href=\"#_edn8\"><sup>[8]<\/sup><\/A>  .<\/p>\n<p><b>Synowie ministr\u00f3w Hezbollahu i cz\u0142onk\u00f3w parlamentu walcz\u0105 po stronie Assada w Syrii <\/b><\/p>\n<p>Nicolas Nassif, regularnie pisz\u0105cy do \u201cAl-Akhbar\u201d napisa\u0142: \u201cW ocenie sytuacji przez przedstawicieli [Hezbollahu] w godziny po tej decyzji omawiano nast\u0119puj\u0105ce szczeg\u00f3\u0142y: rozr\u00f3\u017cnienie [UE] mi\u0119dzy skrzyd\u0142em militarnym a skrzyd\u0142em politycznym Hezbollahu jest zaledwie iluzj\u0105 w odniesieniu do partii, kt\u00f3rej skrzyd\u0142o militarne przynios\u0142o presti\u017c i s\u0142u\u017cy\u0142o jako filar centralny jego roli i obecno\u015bci \u2013 [i to] zawdzi\u0119cza skupieniu na oporze i noszeniu broni\u2026<\/p>\n<p>[Skrzyd\u0142o polityczne i skrzyd\u0142o militarne] s\u0105 nierozdzielnymi bli\u017ani\u0119tami. Prawd\u0105 jest, \u017ce dwa miesi\u0105ce temu ministrowie i parlamentarzy\u015bci Hezbollahu pos\u0142ali swoich syn\u00f3w do [miast syryjskiego] Al-Kusajr, by uczestniczyli w wojnie u boku re\u017cimu prezydenta Baszara Al-Assada przeciwko jego zbrojnym oponentom\u2026 Jest to wskaz\u00f3wka, kt\u00f3ra usuwa wszelk\u0105 niepewno\u015b\u0107 co do powi\u0105zania mi\u0119dzy dwoma [skrzyd\u0142ami Hezbollahu] &#8230;&#8221;<a name=\"_ednref9\"><\/A> <a title=\"\" href=\"#_edn9\"><sup>[9]<\/sup><\/A> <\/p>\n<p><b>Cywilni mieszka\u0144cy po\u0142udniowego Libanu uczestnicz\u0105 w walkach Hezbollahu <\/b><\/p>\n<p>24 lipca 2013 r. \u201cAl-Akhbar\u201d doni\u00f3s\u0142, \u017ce \u201emieszka\u0144cy wsi w po\u0142udniowym Libanie, granicz\u0105cych z okupowan\u0105 Palestyn\u0105, nie rozumiej\u0105\u2026 rozr\u00f3\u017cnienia mi\u0119dzy Hezbollahem a jego skrzyd\u0142em militarnym, ani tego, jak Europejczycy rozr\u00f3\u017cniaj\u0105 mi\u0119dzy tymi dwoma i wed\u0142ug jakich kryteri\u00f3w [robi\u0105 to]. O ile wiedz\u0105, ka\u017cdy kto wykonuje czynno\u015bci militarne lub wspiera dzia\u0142alno\u015b\u0107 militarn\u0105 Hezbollahu, obj\u0119ty jest t\u0105 decyzj\u0105. To jest, [mieszka\u0144cy po\u0142udniowego Libanu] wszyscy s\u0105 celem\u2026<\/p>\n<p>Wi\u0119kszo\u015b\u0107 [mieszka\u0144c\u00f3w Po\u0142udnia] uwa\u017ca si\u0119 za nieod\u0142\u0105czn\u0105 cz\u0119\u015b\u0107 [militarnego] skrzyd\u0142a oporu Hezbollahu, szczeg\u00f3lnie po wojnie z lipca 2006 r., kiedy wed\u0142ug jednego z nich 'Imad Mughniyeh postanowi\u0142 rozszerzy\u0107 kr\u0105g oporu, \u017ceby w\u0142\u0105czy\u0107 wi\u0119cej mieszka\u0144c\u00f3w [Po\u0142udnia]\u2026<\/p>\n<p>Obywatel Hassan Yassin z Majdal Selem [w Libanie po\u0142udniowym] zastanawia si\u0119.: '&#8230; Czy ministrowie [spraw zagranicznych] UE nie wiedz\u0105, \u017ce wi\u0119kszo\u015b\u0107 ludzi na po\u0142udniu uczestniczy w wojnach przeciwko Izraelowi i \u017ce kobiety [z miasta] Aita Al-Shaab, na przyk\u0142ad, uczestniczy\u0142y przez przewo\u017cenie broni dla bojownik\u00f3w Hezbollahu?&#8230;<\/p>\n<p>Wed\u0142ug jednego z farmer\u00f3w w tym regionie \u2018nie ma \u017cadnego rozr\u00f3\u017cnienia mi\u0119dzy cywilem a \u017co\u0142nierzem, lub mi\u0119dzy cz\u0142onkiem Hezbollahu, kt\u00f3ry w ukryciu nosi bro\u0144 na polu walki, a farmerem, kt\u00f3ry uprawia tyto\u0144\u2026 Nie jest tajemnic\u0105, \u017ce wszyscy umiej\u0105 obchodzi\u0107 si\u0119 z broni\u0105 i s\u0105 przygotowani na wojn\u0119. Wojna 2006 r. jest \u015bwiadectwem, \u017ce m\u0142odzi uczniowie pokonali najbardziej wrog\u0105 armi\u0119 w regionie\u2019.<\/p>\n<p>Muhammad, nauczyciel w jednej ze szk\u00f3\u0142 w Bint Jbeil, powiedzia\u0142 jak dziesi\u0105tki uczni\u00f3w walczy\u0142o w czerwcu 2006 r. i 13 spo\u015br\u00f3d z nich zgin\u0119\u0142o jako m\u0119czennicy\u2026 Inni mieszka\u0144cy Bint Jbeil i Marjayoun m\u00f3wili podobne rzeczy i [wed\u0142ug nich] nie wiedz\u0105 niczego o czym\u015b, co nazywa si\u0119 \u2018militarnym skrzyd\u0142em Hezbollahu\u2019: \u2018S\u0142yszymy o aparacie, kt\u00f3ry nazywa si\u0119 oporem, ale nie mo\u017cemy zna\u0107 jego prawdziwych dzia\u0142aczy\u2026 Ka\u017cdy z nas mo\u017ce by\u0107 w\u015br\u00f3d dzia\u0142aczy; nikt tutaj nie ma tytu\u0142\u00f3w wojskowych poza tym, kt\u00f3ry ju\u017c zosta\u0142 zabity. Nie rozr\u00f3\u017cniamy wi\u0119c mi\u0119dzy wojskowym a cywilem, dopiero po\u015bmiertnie\u2026<\/p>\n<p>[Obywatel z po\u0142udniowego Libanu] Kifah, m\u00f3wi\u2026 \u2018W walce [podczas wojny 2006 r.] w gaju oliwnym niedaleko szko\u0142y zawodowej w Bint Jbeil uczniowie tej szko\u0142y razem z niekt\u00f3rymi nauczycielami zabili dziesi\u0105tki \u017co\u0142nierzy izraelskich. \u017baden z mieszka\u0144c\u00f3w nie wiedzia\u0142, \u017ce ci uczniowie s\u0105 bojownikami [ruchu] oporu&#8230;&#8217;<a name=\"_ednref10\">\u201d<\/A> <a href=\"#_edn10\"><sup>[10]<\/sup><\/A> <\/p>\n<p>\n<p>&#8212;&#8212;&#8212;&#8212;&#8212;&#8212;&#8212;&#8212;&#8212;&#8212;&#8212;&#8212;&#8212;&#8212;&#8212;<\/p>\n<p><a name=\"_edn1\"><\/A> <a title=\"\" href=\"#_ednref1\">[1]<\/A>  <i>Al-Akhbar <\/i>(Lebanon), July 23, 2013.<\/p>\n<p><a name=\"_edn2\"><\/A> <a title=\"\" href=\"#_ednref2\">[2]<\/A>   Na&#8217;imkassem.net, May 24, 2013.<\/p>\n<p><a name=\"_edn3\"><\/A> <a title=\"\" href=\"#_ednref3\">[3]<\/A>   Na&#8217;imkassem.net, October 6, 2012.<\/p>\n<p><a name=\"_edn4\"><\/A> <a title=\"\" href=\"#_ednref4\">[4]<\/A>  <i>Al-Sharq Al-Awsat<\/i> (London), April 15, 2009; Digitalnpq.org, April 13, 2009.<\/p>\n<p><a name=\"_edn5\"><\/A> <a title=\"\" href=\"#_ednref5\">[5]<\/A>   Elaph.com, July 23, 2013.<\/p>\n<p><a name=\"_edn6\"><\/A> <a title=\"\" href=\"#_ednref6\">[6]<\/A>  <i>Al-Quds Al-Arabi<\/i> (London), July 22, 2013.<\/p>\n<p><a name=\"_edn7\"><\/A> <a title=\"\" href=\"#_ednref7\">[7]<\/A>  <i>Al-Safir <\/i>(Lebanon), July 23, 2013.<\/p>\n<p><a name=\"_edn8\"><\/A> <a title=\"\" href=\"#_ednref8\">[8]<\/A>  <i>Al-Akhbar <\/i>(Lebanon), July 23, 2013.<\/p>\n<p><a name=\"_edn9\"><\/A> <a title=\"\" href=\"#_ednref9\">[9]<\/A>  <i>Al-Akhbar <\/i>(Lebanon), July 23, 2013.<a name=\"_edn10\"><\/A> <a title=\"\" href=\"#_ednref10\">[10]<\/A>  <i>Al-Akhbar <\/i>(Lebanon), July 24, 2013.<br \/>\n<\/div>\n","protected":false},"excerpt":{"rendered":"<p>Po decyzji Unii Europejskiej z 22 lipca 2013 r. o w\u0142\u0105czeniu militarnego skrzyd\u0142a Hezbollahu do listy organizacji terrorystycznych, Hezbollah opublikowa\u0142 komunikat pot\u0119piaj\u0105cy t\u0119 decyzj\u0119 i atakuj\u0105cy polityk\u0119 UE. Komunikat stwierdza: \u201cJest to decyzja agresywna i gn\u0119bi\u0105ca, nie oparta ani na \u017cadnych powodach, ani na dowodach. Poddanie si\u0119 UE naciskom ameryka\u0144skim i syjonistycznym oraz ich ca\u0142kowite [&hellip;]<\/p>\n","protected":false},"author":1,"featured_media":8113,"comment_status":"open","ping_status":"closed","sticky":false,"template":"","format":"standard","meta":{"footnotes":""},"categories":[824,832,835,836],"tags":[],"class_list":["post-3000","post","type-post","status-publish","format-standard","has-post-thumbnail","hentry","category-specjalne-komunikaty","category-projekt-badan-nad-dzihadem-i-terroryzmem","category-archiwum","category-tematy"],"_links":{"self":[{"href":"https:\/\/www2.memri.org\/polish\/wp-json\/wp\/v2\/posts\/3000","targetHints":{"allow":["GET"]}}],"collection":[{"href":"https:\/\/www2.memri.org\/polish\/wp-json\/wp\/v2\/posts"}],"about":[{"href":"https:\/\/www2.memri.org\/polish\/wp-json\/wp\/v2\/types\/post"}],"author":[{"embeddable":true,"href":"https:\/\/www2.memri.org\/polish\/wp-json\/wp\/v2\/users\/1"}],"replies":[{"embeddable":true,"href":"https:\/\/www2.memri.org\/polish\/wp-json\/wp\/v2\/comments?post=3000"}],"version-history":[{"count":1,"href":"https:\/\/www2.memri.org\/polish\/wp-json\/wp\/v2\/posts\/3000\/revisions"}],"predecessor-version":[{"id":8118,"href":"https:\/\/www2.memri.org\/polish\/wp-json\/wp\/v2\/posts\/3000\/revisions\/8118"}],"wp:featuredmedia":[{"embeddable":true,"href":"https:\/\/www2.memri.org\/polish\/wp-json\/wp\/v2\/media\/8113"}],"wp:attachment":[{"href":"https:\/\/www2.memri.org\/polish\/wp-json\/wp\/v2\/media?parent=3000"}],"wp:term":[{"taxonomy":"category","embeddable":true,"href":"https:\/\/www2.memri.org\/polish\/wp-json\/wp\/v2\/categories?post=3000"},{"taxonomy":"post_tag","embeddable":true,"href":"https:\/\/www2.memri.org\/polish\/wp-json\/wp\/v2\/tags?post=3000"}],"curies":[{"name":"wp","href":"https:\/\/api.w.org\/{rel}","templated":true}]}}