{"id":2982,"date":"2013-07-18T00:00:00","date_gmt":"2013-07-18T00:00:00","guid":{"rendered":"http:\/\/www2.memri.org\/polaco\/telewizja-autonomii-palestynskiej-nadaje-serie-filmow-rysunkowych-portretujacych-wygnanie-zydow-z-mediny-przez-muzulmanow\/2982"},"modified":"2013-07-18T00:00:00","modified_gmt":"2013-07-18T00:00:00","slug":"telewizja-autonomii-palestynskiej-nadaje-serie-filmow-rysunkowych-portretujacych-wygnanie-zydow-z-mediny-przez-muzulmanow","status":"publish","type":"post","link":"https:\/\/www2.memri.org\/polish\/telewizja-autonomii-palestynskiej-nadaje-serie-filmow-rysunkowych-portretujacych-wygnanie-zydow-z-mediny-przez-muzulmanow\/2982","title":{"rendered":"Telewizja Autonomii Palesty\u0144skiej nadaje seri\u0119 film\u00f3w rysunkowych, portretuj\u0105cych wygnanie \u017byd\u00f3w z Mediny przez muzu\u0142man\u00f3w"},"content":{"rendered":"<div class=\"bodytext c1\">\n<p><em>Seria film\u00f3w rysunkowych o wczesnych dniach islamu, nadawana w codziennych odcinkach podczas miesi\u0105ca ramadanu przez oficjalny kana\u0142 telewizyjny Autonomii Palesty\u0144skiej, przedstawia \u017byd\u00f3w z Al-Medina jako z\u0142ych, pod\u017cegaj\u0105cych do wojny i \u017c\u0105dnych w\u0142adzy wyznawc\u00f3w diab\u0142a. Seria, zatytu\u0142owana &#8222;Rajdy Proroka\u201d zosta\u0142a wyprodukowana przez egipsk\u0105 firm\u0119 Nahdat Misr dla Technologii Informacyjnej oraz b\u0119d\u0105c\u0105 w\u0142asno\u015bci\u0105 prywatn\u0105 firm\u0119 saudyjsk\u0105 Jamjoom Produkcja i Dystrybucja.<\/em><\/p>\n<p><a href=\"http:\/\/www.memritv.org\/clip\/en\/3917.htm\"><em>Kliknij tutaj, \u017ceby zobaczy\u0107 fragmenty trzech odcink\u00f3w<\/em><\/a> <em>, kt\u00f3re zosta\u0142y nadane 15-17 lipca 2013 r.<\/em><\/p>\n<p><iframe loading=\"lazy\" width=\"585\" height=\"485\" src=\"http:\/\/www.memritv.org\/player\/largePlayer.php?&#038;width=585&#038;height=485&#038;autoplay=0&#038;clipid=3917\" frameborder=\"0\" scrolling=\"no\" allowtransparency=\"\"><\/iframe><\/p>\n<p><em>Poni\u017cej podajemy tekst tych fragment\u00f3w.<\/em><\/p>\n<p><strong>Wyznawcy diab\u0142a \u201c\u017cywi\u0105 wrogo\u015b\u0107, nienawi\u015b\u0107 i zazdro\u015b\u0107 wobec Mahometa\u201d<\/strong><\/p>\n<p><em>Kilku cz\u0142onk\u00f3w plemienia Kajnuka naradza si\u0119<\/em><\/p>\n<p><strong>Nawfal, cz\u0142onek plemienia Kajnuka<\/strong>: Muzu\u0142manie wzro\u015bli w si\u0142\u0119 i stali si\u0119 pot\u0119\u017cni.<\/p>\n<p><strong>Cz\u0142onek plemienia Kajnuka<\/strong>: Masz racj\u0119, Nawfal \u2013 szczeg\u00f3lnie po ich zwyci\u0119stwie pod Badr.<\/p>\n<p><strong>Inny cz\u0142onek plemienia Kajnuka<\/strong>: My, \u017bydzi plemienia Kajnuka jeste\u015bmy teraz na r\u00f3wni z muzu\u0142manami, po tym jak mieli\u015bmy w\u0142adz\u0119 i ostateczne s\u0142owo w Al-Medinaie.<\/p>\n<p><strong>Starszy cz\u0142onek plemienia Kajnuka<\/strong>: Ale nie pozwolimy im spocz\u0105\u0107 i cieszy\u0107 si\u0119 tym. Poka\u017cemy im, z czego zrobieni s\u0105 \u017bydzi z Banu Kajnuka.<\/p>\n<p><strong>Diabe\u0142 (podskakuje)<\/strong>: Jak mog\u0105 si\u0119 cieszy\u0107, skoro ja tu jestem? Jestem za nich odpowiedzialny.<\/p>\n<p><strong>Pomocnik diab\u0142a<\/strong>: Jeste\u015b odpowiedzialny tylko za swoich wyznawc\u00f3w, ale nie masz \u017cadnej w\u0142adzy nad tymi, kt\u00f3rzy boj\u0105 si\u0119 Boga.<\/p>\n<p><strong>Diabe\u0142<\/strong>: Wiem, idioto, ale mam wyznawc\u00f3w, kt\u00f3rych serca przepe\u0142nione s\u0105 wrogo\u015bci\u0105, nienawi\u015bci\u0105 i zazdro\u015bci\u0105 wobec Mahometa i jego towarzyszy. Samo to jest wielkim osi\u0105gni\u0119ciem.<\/p>\n<p><strong>\u017byd Kajnuka: &#8222;Moje serce p\u0142onie ogniem w\u015bciek\u0142o\u015bci, kiedy widz\u0119 muzu\u0142man\u00f3w, kt\u00f3rzy kochaj\u0105 si\u0119 wzajemnie.<\/strong><\/p>\n<p><strong>Cz\u0142onek plemienia Kajnuka<\/strong>: Plemiona Aws i Hazraj \u015bmiej\u0105 si\u0119 razem, podczas gdy ich wrogo\u015b\u0107 wype\u0142nia\u0142a ziemi\u0119 ze wschodu na zach\u00f3d.<\/p>\n<p><strong>Inny cz\u0142onek plemienia Kajnuka<\/strong>: Mahomet przyni\u00f3s\u0142 zgod\u0119 do ich serc i to, co widzisz, jest rezultatem. Moje serce p\u0142onie ogniem w\u015bciek\u0142o\u015bci, kiedy widz\u0119 muzu\u0142man\u00f3w, kt\u00f3rzy kochaj\u0105 si\u0119 wzajemnie. U\u017cyteczno\u015b\u0107 oznacza w\u0142adz\u0119 i sukces we wszystkim. Nie pozwolimy na to. [\u2026]<\/p>\n<p><strong>Obl\u0119\u017cenie twierdzy plenienia Kajnuka<\/strong><\/p>\n<p><em>Muzu\u0142manie oblegaj\u0105 twierdz\u0119 \u017byd\u00f3w z plemienia Kajnuka, po udaremnieniu ich spisku, \u017ceby napu\u015bci\u0107 przeciwko sobie plemiona Aws i Hazraj.<\/em><\/p>\n<p><strong>Wojownik muzu\u0142ma\u0144ski<\/strong>: To jest twierdza plemienia Kajnuka.<\/p>\n<p><strong>Inny wojownik muzu\u0142ma\u0144ski<\/strong>: &#8222;Bramy s\u0105 zamkni\u0119te. Jak wejdziemy?<\/p>\n<p>[\u2026]<\/p>\n<p><strong>Wojownik muzu\u0142ma\u0144ski<\/strong>: Masoud, za\u0142o\u017cymy obl\u0119\u017cenie.<\/p>\n<p><strong>Masoud, inny wojownik muzu\u0142ma\u0144ski<\/strong>: Tylko obl\u0119\u017cenie? \u017badnej walki?<\/p>\n<p><strong>Pierwszy wojownik muzu\u0142ma\u0144ski<\/strong>: Takie s\u0105 rozkazy Proroka Mahometa.<\/p>\n<p>[&#8230;]<\/p>\n<p><em>Olbrzymie paj\u0105ki skacz\u0105 w jaskini diab\u0142a<\/em><\/p>\n<p><strong>Diabe\u0142<\/strong>: Ty idioto, gdzie by\u0142e\u015b, kiedy wszyscy opu\u015bcili plemi\u0119 Kajnuka?<\/p>\n<p><strong>Pomocnik diab\u0142a<\/strong>: Robi\u0142em to, co mi kaza\u0142e\u015b.<\/p>\n<p><strong>Diabe\u0142<\/strong>: Zamknij si\u0119. Jeste\u015b nic nie wart. Wszystko, co potrafisz, to igra\u0107 i bawi\u0107 si\u0119. Nadal jednak mamy szans\u0119.<\/p>\n<p><strong>Pomocnik diab\u0142a<\/strong>: Jak\u0105 szans\u0119?<\/p>\n<p><strong>Diabe\u0142<\/strong>: Ibn Saloul [<em>hipokryta, kt\u00f3ry na zewn\u0105trz praktykuje islam, ale wewn\u0119trznie ukrywa niewiar\u0119<\/em>]<\/p>\n<p>[&#8230;]<\/p>\n<p><strong>\u017bydzi naruszaj\u0105 porozumienia, molestuj\u0105 kobiety muzu\u0142ma\u0144skie, obra\u017caj\u0105 Proroka Mahometa<\/strong><\/p>\n<p><em>Ibn Saloul pr\u00f3buje dzia\u0142a\u0107 na rzecz \u017byd\u00f3w<\/em><\/p>\n<p><strong>Muzu\u0142manin<\/strong>: Jak to mo\u017cliwe, \u017ce prosisz nas, by\u015bmy przeciwstawili si\u0119 rozkazowi proroka Allaha?<\/p>\n<p><strong>Ibn Saloul<\/strong>: Przypominam wam tylko o starym pakcie z plemieniem Kajnuka, zanim Mahomet przyby\u0142 do Al-Medina.<\/p>\n<p><strong>Inny muzu\u0142manin<\/strong>: Dotrzymywali\u015bmy paktu, a\u017c sami go z\u0142amali.<\/p>\n<p><strong>Ibn Saloul<\/strong>: Um\u2026 Um\u2026 Zrobili to niechc\u0105cy.<\/p>\n<p><strong>Muzu\u0142manin<\/strong>: Pod\u017ceganie plemion Aws i Hazraj przeciwko sobie, naruszanie porozumie\u0144, molestowanie naszych kobiet, wy\u015bmiewanie muzu\u0142man\u00f3w, obra\u017canie Proroka Allaha \u2013 to wszystko zrobili niechc\u0105cy?<\/p>\n<p>[&#8230;]<\/p>\n<p><em>W twierdzy:<\/em><\/p>\n<p><strong>Cz\u0142onek plemienia Kajnuka<\/strong>: Wszyscy nas opu\u015bcili. Jeste\u015bmy tutaj sami.<\/p>\n<p><strong>Inny cz\u0142onek plemienia Kajnuka<\/strong>: Jeste\u015bmy tutaj od 15 dni i nikt nas nie uratowa\u0142.<\/p>\n<p><strong>Starszy cz\u0142onek plemienia Kajnuka<\/strong>: Jeste\u015bmy tu uwi\u0119zieni. Je\u015bli sytuacja nie zmieni si\u0119, umrzemy z g\u0142odu. Nasze zapasy \u017cywno\u015bci i wody s\u0105 niemal wyczerpane.<\/p>\n<p><strong>Pierwszy cz\u0142onek plemienia Kajnuka<\/strong>: Nie chc\u0119 umrze\u0107. Nie, nie chc\u0119 umrze\u0107.<\/p>\n<p><strong>Starszy cz\u0142onek plemienia Kanjuka<\/strong>: My te\u017c nie. My te\u017c nie chcemy umrze\u0107.<\/p>\n<p><strong>Inny cz\u0142onek plemienia Kajnuka<\/strong>: Zr\u00f3bcie wi\u0119c co\u015b.<\/p>\n<p><strong>Inny cz\u0142onek plemienia Kajnuka<\/strong>: Jest tylko jedna rzecz do zrobienia.<\/p>\n<p>[\u2026]<\/p>\n<p><strong>\u017bydzi &#8222;trwali w swej niegodziwo\u015bci, a\u017c zwr\u00f3ci\u0142a si\u0119 przeciwko nim\u201d<\/strong><\/p>\n<p><strong>Narrator<\/strong>: Opu\u015bcili wi\u0119c Al-Medine, a Prorok zapewni\u0142, \u017ce nie stanie im si\u0119 \u017cadna krzywda, gdy b\u0119d\u0105 wychodzi\u0107. Wys\u0142a\u0142 grup\u0119 Ansar, by ich chroni\u0142a.<\/p>\n<p><strong>Muzu\u0142manin<\/strong>: \u017bydzi z plemienia Kajnuka nie honorowali paktu z nami. Trwali w swej niegodziwo\u015bci, a\u017c zwr\u00f3ci\u0142a si\u0119 przeciwko nim.[\u2026]<\/p>\n<\/div>\n","protected":false},"excerpt":{"rendered":"<p>Seria film\u00f3w rysunkowych o wczesnych dniach islamu, nadawana w codziennych odcinkach podczas miesi\u0105ca ramadanu przez oficjalny kana\u0142 telewizyjny Autonomii Palesty\u0144skiej, przedstawia \u017byd\u00f3w z Al-Medina jako z\u0142ych, pod\u017cegaj\u0105cych do wojny i \u017c\u0105dnych w\u0142adzy wyznawc\u00f3w diab\u0142a. Seria, zatytu\u0142owana &#8222;Rajdy Proroka\u201d zosta\u0142a wyprodukowana przez egipsk\u0105 firm\u0119 Nahdat Misr dla Technologii Informacyjnej oraz b\u0119d\u0105c\u0105 w\u0142asno\u015bci\u0105 prywatn\u0105 firm\u0119 saudyjsk\u0105 Jamjoom [&hellip;]<\/p>\n","protected":false},"author":1,"featured_media":0,"comment_status":"open","ping_status":"closed","sticky":false,"template":"","format":"standard","meta":{"footnotes":""},"categories":[824,831,835,836],"tags":[],"class_list":["post-2982","post","type-post","status-publish","format-standard","hentry","category-specjalne-komunikaty","category-projekt-dokumentacji-antysemityzmu","category-archiwum","category-tematy"],"_links":{"self":[{"href":"https:\/\/www2.memri.org\/polish\/wp-json\/wp\/v2\/posts\/2982","targetHints":{"allow":["GET"]}}],"collection":[{"href":"https:\/\/www2.memri.org\/polish\/wp-json\/wp\/v2\/posts"}],"about":[{"href":"https:\/\/www2.memri.org\/polish\/wp-json\/wp\/v2\/types\/post"}],"author":[{"embeddable":true,"href":"https:\/\/www2.memri.org\/polish\/wp-json\/wp\/v2\/users\/1"}],"replies":[{"embeddable":true,"href":"https:\/\/www2.memri.org\/polish\/wp-json\/wp\/v2\/comments?post=2982"}],"version-history":[{"count":0,"href":"https:\/\/www2.memri.org\/polish\/wp-json\/wp\/v2\/posts\/2982\/revisions"}],"wp:attachment":[{"href":"https:\/\/www2.memri.org\/polish\/wp-json\/wp\/v2\/media?parent=2982"}],"wp:term":[{"taxonomy":"category","embeddable":true,"href":"https:\/\/www2.memri.org\/polish\/wp-json\/wp\/v2\/categories?post=2982"},{"taxonomy":"post_tag","embeddable":true,"href":"https:\/\/www2.memri.org\/polish\/wp-json\/wp\/v2\/tags?post=2982"}],"curies":[{"name":"wp","href":"https:\/\/api.w.org\/{rel}","templated":true}]}}