{"id":2964,"date":"2013-06-18T00:00:00","date_gmt":"2013-06-18T00:00:00","guid":{"rendered":"http:\/\/www2.memri.org\/polaco\/tegoroczne-motto-obozu-letniego-hamasu-w-gazie-pokolenie-powrotu\/2964"},"modified":"2013-06-18T00:00:00","modified_gmt":"2013-06-18T00:00:00","slug":"tegoroczne-motto-obozu-letniego-hamasu-w-gazie-pokolenie-powrotu","status":"publish","type":"post","link":"https:\/\/www2.memri.org\/polish\/tegoroczne-motto-obozu-letniego-hamasu-w-gazie-pokolenie-powrotu\/2964","title":{"rendered":"Tegoroczne motto obozu letniego Hamasu w Gazie: \u201cPokolenie powrotu\u201d"},"content":{"rendered":"<div class=\"bodytext c1\">\n<p><em>Tematem wybranym przez Hamas dla swoich oboz\u00f3w letnich w tym roku jest prawo powrotu, odzwierciedlone w motto projektu: \u201cPokolenie powrotu\u201d. Ruch prowadzi 700 oboz\u00f3w w Gazie, w kt\u00f3rych bierze udzia\u0142 oko\u0142o 100 tysi\u0119cy dzieci i nastolatk\u00f3w.<\/em><\/p>\n<p><em>Przedstawiciel Hamasu, dr Nasim Yassin wyja\u015bni\u0142: &#8222;Wyb\u00f3r Hamasu \u201cPokolenia powrotu\u201d jako motto dla oboz\u00f3w letnich pochodzi z podkre\u015blenia, \u017ce prawo [powrotu] jest \u015bwi\u0119te i \u017ce powr\u00f3t wszystkich uchod\u017ac\u00f3w do ich dom\u00f3w jest najwy\u017cszym priorytetem dla Hamasu<a name=\"_ednref1\"><\/a> <a title=\"\" href=\"#_edn1\"><strong>[1]<\/strong><\/a> . Dyrektor komitetu oboz\u00f3w letnich, Moussa Al-Sammak,powiedzia\u0142, \u017ce Hamas zadecydowa\u0142 o przyznaniu obozom \u015brodk\u00f3w mimo do\u015bwiadczanego kryzysu finansowego<a name=\"_ednref2\"><\/a> <a title=\"\" href=\"#_edn2\"><strong>[2]<\/strong><\/a> .<\/em><\/p>\n<p><em>Podczas ceremonii rozpocz\u0119cia projektu w Gazie zachodniej starszyzna oboz\u00f3w dla uchod\u017ac\u00f3w w Gazie wr\u0119czy\u0142a \u201eklucze powrotu\u201d dyrektorom oboz\u00f3w, a jeden z nich, z obozu uchod\u017ac\u00f3w Al-Shati, wr\u0119czy\u0142 klucz premierowi Hamasu Ismailowi Haniji. Przedstawiciele Hamasu, kt\u00f3rzy uczestniczyli w ceremonii, m\u00f3wili o potrzebie kultywowania nowego pokolenia, wychowanego na zasadach ruchu, w\u015br\u00f3d kt\u00f3rych g\u0142\u00f3wnym jest prawo powrotu. Hanija o\u015bwiadczy\u0142: \u201eNie zrezygnujemy z prawa powrotu. Zbli\u017ca si\u0119 \u015bwit powrotu. To pokolenie b\u0119dzie \u015bwiadkami wyzwolenia i powrotu\u2026 Nie sprzedamy naszego domu, ale przeka\u017cemy prawo powrotu temu [nowemu] pokoleniu. Izrael nie ma przysz\u0142o\u015bci na naszej ziemi palesty\u0144skiej<a name=\"_ednref3\"><\/a> <a title=\"\" href=\"#_edn3\"><strong>[3]<\/strong><\/a> . Z okazji otwarcia oboz\u00f3w letnich zwi\u0105zana z Hamasem gazeta podkre\u015bla\u0142a zwi\u0105zek mi\u0119dzy powrotem a d\u017cihadem: \u201c[Prawo] powrotu z pewno\u015bci\u0105 zostanie zrealizowane i musimy u\u017cy\u0107 czasu [do tego momentu] na akcj\u0119, m\u0119cze\u0144stwo i d\u017cihad&#8221;<a name=\"_ednref4\"><\/a> <a title=\"\" href=\"#_edn4\"><strong>[4]<\/strong><\/a> .<\/em><\/p>\n<p><em>Poni\u017cej znajduje si\u0119 zestaw zdj\u0119\u0107 pokazuj\u0105cych aktywno\u015bci obozu letniego, opublikowany na witrynach internetowych i w gazetach oraz na kontach Facebooka oboz\u00f3w.<\/em><\/p>\n<p><strong>Hamas rozpoczyna projekt oboz\u00f3w<\/strong><\/p>\n<p><strong>Hanija na uroczysto\u015bci otwarcia; klucze trzymane przez dzieci nosz\u0105 has\u0142o: Z pewno\u015bci\u0105 wr\u00f3cimy\u201d<\/strong><\/p>\n<p><!--[if gte vml 1]><![endif]--><!--[if !vml]--><!--[endif]--><\/p>\n<p><img decoding=\"async\" src=\"http:\/\/www.memri.org\/image\/15684.jpg\" border=\"0\" \/><br \/>\n<em>Zdj\u0119cie: seraj.ps, 9 czerwca 2013<\/em><\/p>\n<p><strong>Hanija trzyma \u201cklucz powrotu\u201d podczas przem\u00f3wienia na ceremonii otwarcia<\/strong><\/p>\n<p><!--[if gte vml 1]><![endif]--><!--[if !vml]--><!--[endif]--><\/p>\n<p><img decoding=\"async\" src=\"http:\/\/www.memri.org\/image\/15685.jpg\" border=\"0\" \/><br \/>\n<em>Zdj\u0119cie: seraj.ps, 9 czerwca 2013<\/em><\/p>\n<p><strong>Dziecko trzymaj\u0105ce plakat z napisem \u201cZ pewno\u015bci\u0105 wr\u00f3cimy\u201d<\/strong><\/p>\n<p><!--[if gte vml 1]><![endif]--><!--[if !vml]--><!--[endif]--><\/p>\n<p><img decoding=\"async\" src=\"http:\/\/www.memri.org\/image\/15686.jpg\" border=\"0\" \/><br \/>\n<em>Zdj\u0119cie: seraj.ps, 9 czerwca 2013<\/em><\/p>\n<p><strong>W przygotowaniu do lata komisja sprawdza kierownik\u00f3w oboz\u00f3w<\/strong><\/p>\n<p><strong>(zamazanie twarzy prowadz\u0105cego rozmow\u0119 kwalifikacyjn\u0105 by\u0142o na oryginalnym zdj\u0119ciu)<\/strong><\/p>\n<p><!--[if gte vml 1]><![endif]--><!--[if !vml]--><!--[endif]--><\/p>\n<p><img decoding=\"async\" src=\"http:\/\/www.memri.org\/image\/15687.jpg\" border=\"0\" \/><br \/>\n<em>Zdj\u0119cie: facebook.com\/gazacampsnew, 25 kwietnia 2013<\/em><\/p>\n<p><strong>Szkolenie dla dyrektor\u00f3w i kierownik\u00f3w obozu w Khan Younis<\/strong><\/p>\n<p><strong>(zamazanie twarzy w oryginale)<\/strong><\/p>\n<p><!--[if gte vml 1]><![endif]--><!--[if !vml]--><!--[endif]--><\/p>\n<p><img decoding=\"async\" src=\"http:\/\/www.memri.org\/image\/15688.jpg\" border=\"0\" \/><br \/>\n<em>Zdj\u0119cie: facebook.com\/gazacampsnew, 8 maja 2013<\/em><\/p>\n<p><strong>Nowy pomnik w p\u00f3\u0142nocnej Gazie \u015bwi\u0119ci has\u0142o oboz\u00f3w. \u201cPrawo powrotu jest jasne jak dzie\u0144\u201d<\/strong><\/p>\n<p><!--[if gte vml 1]><![endif]--><!--[if !vml]--><!--[endif]--><\/p>\n<p><img decoding=\"async\" src=\"http:\/\/www.memri.org\/image\/15689.JPG\" border=\"0\" \/><br \/>\n<em>Zdj\u0119cia: facebook.com\/gazacampsnew, 9 czerwca 2013<\/em><\/p>\n<p><strong>Dzieci na ceremonii ods\u0142oni\u0119cia pomnika, trzymaj\u0105ce plakat: \u201cSyjoni\u015bci, wracamy\u201d<\/strong><\/p>\n<p><!--[if gte vml 1]><![endif]--><!--[if !vml]--><!--[endif]--><\/p>\n<p><img decoding=\"async\" src=\"http:\/\/www.memri.org\/image\/15690.jpg\" border=\"0\" \/><br \/>\n<em>Zdj\u0119cie: facebook.com\/gazacampsnew, 8 czerwca 2013<\/em><\/p>\n<p><strong>Transparent na obozie letnim przedstawia portrety Ahmada Jassina, Ahmada Al-D\u017cabaiego i has\u0142o \u201cNa waszej krwi zbudowali\u015bmy pokolenie powrotu\u201d<\/strong><\/p>\n<p><!--[if gte vml 1]><![endif]--><!--[if !vml]--><!--[endif]--><\/p>\n<p><img decoding=\"async\" src=\"http:\/\/www.memri.org\/image\/15691.jpg\" border=\"0\" \/><br \/>\n<em>Zdj\u0119cie: facebook.com\/JeelAlAwda, 10 czerwca 2013<\/em><\/p>\n<p><strong>Wpajanie zasady powrotu do miast wewn\u0105trz Izraela<\/strong><\/p>\n<p><strong>&#8222;Grupa Safedu&#8221; na obozie Khan Younis<\/strong><\/p>\n<p><img decoding=\"async\" src=\"http:\/\/www.memri.org\/image\/15692.jpg\" border=\"0\" \/><\/p>\n<p><em>Zdjecie: facebook.com\/gazacampsnew, 10 czerwca 2013<\/em><\/p>\n<p><strong>&#8222;Grupa Aszkelonu&#8221;<\/strong><\/p>\n<p><img decoding=\"async\" src=\"http:\/\/www.memri.org\/image\/15693.jpg\" border=\"0\" \/><br \/>\n<em>Zdj\u0119cie: facebook.com\/gazacampsnew, 6 czerwca 2013<\/em><\/p>\n<p><strong>&#8222;Sala Hajfy&#8221; na obozie Shajaiyya<\/strong><\/p>\n<p><!--[if gte vml 1]><![endif]--><!--[if !vml]--><!--[endif]--><\/p>\n<p><img decoding=\"async\" src=\"http:\/\/www.memri.org\/image\/15694.jpg\" border=\"0\" \/><\/p>\n<p><em>zdj\u0119cie: facebook.com\/JeelAlAwda, 10 czerwca 2013<\/em><\/p>\n<p><strong>&#8222;Grupa Jaffy&#8221; i &#8222;Grupa Nazaretu&#8221;<\/strong><\/p>\n<p><!--[if gte vml 1]><![endif]--><!--[if !vml]--><!--[endif]--><\/p>\n<p><em><img decoding=\"async\" src=\"http:\/\/www.memri.org\/image\/15695.jpg\" border=\"0\" \/><\/em><\/p>\n<p><em>Zdj\u0119cie: seraj.ps, 9 czerwca 2013<\/em><\/p>\n<p><strong>&#8222;Brygada Safedu&#8221; zaj\u0119ta aktywno\u015bciami obozowymi w pobli\u017cu Al-Balad<\/strong><\/p>\n<p><!--[if gte vml 1]><![endif]--><!--[if !vml]--><!--[endif]--><\/p>\n<p><img decoding=\"async\" src=\"http:\/\/www.memri.org\/image\/15696.jpg\" border=\"0\" \/><\/p>\n<p><em>Zdjecie: facebook.com\/gazacampsnew, 10 czerwca 2013<\/em><\/p>\n<p><strong>&#8222;Brygada Aszdodu&#8221; i &#8222;Brygada Tel Awiwu&#8221;<\/strong><\/p>\n<p><!--[if gte vml 1]><![endif]--><!--[if !vml]--><!--[endif]--><\/p>\n<p><img decoding=\"async\" src=\"http:\/\/www.memri.org\/image\/15697.JPG\" border=\"0\" \/><\/p>\n<p><em>Zdj\u0119cie: facebook.com\/gazacampsnew, 11 czerwca 2013<\/em><\/p>\n<p><strong>Transparent: &#8222;Nie ma \u017cadnej r\u00f3\u017cnicy mi\u0119dzy Palestyna a Palestyn\u0105; Hajfa jest jak Akko, Safed jest jak Gaza\u201d; plakaty nosz\u0105 nazwy miast takich jak Safed, Jaffa, Nazaret, Hajfa, Aszdod i Lod<\/strong><\/p>\n<p><!--[if gte vml 1]><![endif]--><!--[if !vml]--><!--[endif]--><\/p>\n<p><img decoding=\"async\" src=\"http:\/\/www.memri.org\/image\/15698.jpg\" border=\"0\" \/><br \/>\n<em>Zdjecie: facebook.com\/gazacampsnew, 10 czerwca 2013<\/em><\/p>\n<p><strong>Obozowicze trzymaj\u0105 plakaty z napisami &#8222;Aszdod&#8221;, &#8222;Hajfa&#8221; i &#8222;Safed&#8221;<\/strong><\/p>\n<p><!--[if gte vml 1]><![endif]--><!--[if !vml]--><!--[endif]--><\/p>\n<p><img decoding=\"async\" src=\"http:\/\/www.memri.org\/image\/15699.jpg\" border=\"0\" \/><br \/>\n<em>Zdj\u0119cie: facebook.com\/gazacampsnew, 10 czerwca 2013<\/em><\/p>\n<p><strong>Obozowicze ucz\u0105 si\u0119 o Jeziorze Tyberiadzkim<\/strong><\/p>\n<p><!--[if gte vml 1]><![endif]--><!--[if !vml]--><!--[endif]--><\/p>\n<p><img decoding=\"async\" src=\"http:\/\/www.memri.org\/image\/15700.jpg\" border=\"0\" \/><br \/>\n<em>Zdj\u0119cie: facebook.com\/khcamps, 11 czerwca 2013<\/em><\/p>\n<p><strong>Wychowawcy i obozowicze trzymaj\u0105 klucze zrobione na obozie letnim<\/strong><\/p>\n<p><!--[if gte vml 1]><![endif]--><!--[if !vml]--><!--[endif]--><\/p>\n<p><img decoding=\"async\" src=\"http:\/\/www.memri.org\/image\/15701.jpg\" border=\"0\" \/><br \/>\n<em>Zdj\u0119cie: facebook.com\/gazacampsnew, 11 czerwca 2013<\/em><\/p>\n<p><strong>Palestyna od Rzeki do Morza<\/strong><\/p>\n<p><strong>Budowanie mapy Palestyny w piasku<\/strong><\/p>\n<p><!--[if gte vml 1]><![endif]--><!--[if !vml]--><!--[endif]--><\/p>\n<p><img decoding=\"async\" src=\"http:\/\/www.memri.org\/image\/15702.jpg\" border=\"0\" \/><br \/>\n<em>Zdj\u0119cie: facebook.com\/gazacampsnew, 9 czerwca 2013<\/em><\/p>\n<p><strong>Obozowicze tworz\u0105 map\u0119 Palestyny na obozie w Khan Younis camp<\/strong><\/p>\n<p><!--[if gte vml 1]><![endif]--><!--[if !vml]--><!--[endif]--><\/p>\n<p><img decoding=\"async\" src=\"http:\/\/www.memri.org\/image\/15703.jpg\" border=\"0\" \/><br \/>\n<em>Zdj\u0119cie: facebook.com\/khcamps, 9 czerwca 2013<\/em><\/p>\n<p><strong>Obozowicze tworz\u0105 map\u0119 Palestyny na ceremonii otwarcia obozu w Rafah<\/strong><\/p>\n<p><!--[if gte vml 1]><![endif]--><!--[if !vml]--><!--[endif]--><\/p>\n<p><img decoding=\"async\" src=\"http:\/\/www.memri.org\/image\/15704.jpg\" border=\"0\" \/><br \/>\n<em>Zdjecie: facebook.com\/photo.php?fbid=168145646696039, 10 czerwca 2013.<\/em><\/p>\n<p><strong>Nauka mapy Palestyny na obozie w Shajaiyya<\/strong><\/p>\n<p><!--[if gte vml 1]><![endif]--><!--[if !vml]--><!--[endif]--><\/p>\n<p><img decoding=\"async\" src=\"http:\/\/www.memri.org\/image\/15705.jpg\" border=\"0\" \/><br \/>\n<em>Zdj\u0119cie: facebook.com\/JeelAlAwda, 10 czerwca 2013<\/em><\/p>\n<p><strong>Kwietnik w kszta\u0142cie Palestyny<\/strong><\/p>\n<p><!--[if gte vml 1]><![endif]--><!--[if !vml]--><!--[endif]--><\/p>\n<p><img decoding=\"async\" src=\"http:\/\/www.memri.org\/image\/15706.jpg\" border=\"0\" \/><br \/>\n<em>Zdjecie: facebook.com\/khcamps, 11 czerwca 2013<\/em><\/p>\n<p><strong>Uk\u0142adanka pokazuje dzieci powracaj\u0105ce do Palestyny, jedno z nich trzyma pistolet<\/strong><\/p>\n<p><!--[if gte vml 1]><![endif]--><!--[if !vml]--><!--[endif]--><\/p>\n<p><img decoding=\"async\" src=\"http:\/\/www.memri.org\/image\/15707.jpg\" border=\"0\" \/><br \/>\n<em>Zdj\u0119cie: facebook.com\/gazacampsnew\/photos_stream#!\/gazacampsnew, 12 czerwca 2013<\/em><\/p>\n<p><strong>Cz\u0142onkowie wizytuj\u0105cej ob\u00f3z delegacji Hamasu podpisuj\u0105 plakat m\u00f3wi\u0105cy: \u201eNie pozwolimy nikomu na negocjacje lub rezygnacj\u0119 cho\u0107by jednego ziarnka ziemi palesty\u0144skiej w naszym imieniu\u201d<\/strong><\/p>\n<p><!--[if gte vml 1]><![endif]--><!--[if !vml]--><!--[endif]--><\/p>\n<p><img decoding=\"async\" src=\"http:\/\/www.memri.org\/image\/15708.jpg\" border=\"0\" \/><br \/>\n<em>Zdj\u0119cie: facebook.com\/khcamps, 12 czerwca 2013<\/em><\/p>\n<p><strong>Obozowicze rysuj\u0105 map\u0119 Palestyny na obozie w Dir Al-Balah<\/strong><\/p>\n<p><!--[if gte vml 1]><![endif]--><!--[if !vml]--><!--[endif]--><\/p>\n<p><img decoding=\"async\" src=\"http:\/\/www.memri.org\/image\/15709.jpg\" border=\"0\" \/><br \/>\n<em>Zdjecie: facebook.com\/gazacampsnew, 13 czerwca 2013<\/em><\/p>\n<p><strong>Palestyna zostanie wyzwolona przez d\u017cihad i op\u00f3r<\/strong><\/p>\n<p><strong>Napis na transparencie: \u201cOp\u00f3r i d\u017cihad wyzwala ojczyzny i zwraca ziemie\u201d<\/strong><\/p>\n<p><!--[if gte vml 1]><![endif]--><!--[if !vml]--><!--[endif]--><\/p>\n<p><img decoding=\"async\" src=\"http:\/\/www.memri.org\/image\/15710.jpg\" border=\"0\" \/><br \/>\n<em>Zdj\u0119cie: facebook.com\/gazacampsnew, 9 czerwca 2013<\/em><\/p>\n<p><strong>Obozowicze na paradzie 11 czerwca podczas wizyty przedstawicieli Hamasu w dzielnicy Hay Al-Amal<\/strong><\/p>\n<p><!--[if gte vml 1]><![endif]--><!--[if !vml]--><!--[endif]--><\/p>\n<p><img decoding=\"async\" src=\"http:\/\/www.memri.org\/image\/15711.JPG\" border=\"0\" \/><br \/>\n<em>Zdj\u0119cia: facebook.com\/khcamps, 12 czerwca 2013<\/em><\/p>\n<p><strong>Aktywno\u015bci obozowe w Shajaiyya<\/strong><\/p>\n<p><strong><!--[if gte vml 1]><![endif]--><!--[if !vml]--><!--[endif]--><\/strong><\/p>\n<p><strong><img decoding=\"async\" src=\"http:\/\/www.memri.org\/image\/15712.jpg\" border=\"0\" \/><br \/><\/strong> <em>Zdj\u0119cie: facebook.com\/JeelAlAwda, 12 czerwca 2013<\/em><\/p>\n<p><strong>Strzelanie z broni palnej<\/strong><\/p>\n<p><!--[if gte vml 1]><![endif]--><!--[if !vml]--><!--[endif]--><\/p>\n<p><img decoding=\"async\" src=\"http:\/\/www.memri.org\/image\/15713.jpg\" border=\"0\" \/><br \/>\n<em>Zdj\u0119cie: palinfo.com, 10 czerwca 2013<\/em><\/p>\n<p><strong>Obozowicz w przepasce na g\u0142ow\u0119 z napisem \u201cBrygady Al-Kassam, militarne skrzyd\u0142o Hamasu\u201d<\/strong><\/p>\n<p><!--[if gte vml 1]><![endif]--><!--[if !vml]--><!--[endif]--><\/p>\n<p><img decoding=\"async\" src=\"http:\/\/www.memri.org\/image\/15714.jpg\" border=\"0\" \/><br \/>\n<em>Zdj\u0119cie: facebook.com\/khcamps, 11 czerwca 2013<\/em><\/p>\n<p><strong>Deptanie flagi izraelskiej<\/strong><\/p>\n<p><!--[if gte vml 1]><![endif]--><!--[if !vml]--><!--[endif]--><\/p>\n<p><img decoding=\"async\" src=\"http:\/\/www.memri.org\/image\/15715.jpg\" border=\"0\" \/><br \/>\n<em>Zdj\u0119cie:facebook.com\/khcamps, 11 czerwca2013<\/em><\/p>\n<p><strong>Dodatkowe zdj\u0119cia<\/strong><\/p>\n<p><strong>&#8222;Pokolenie powrotu&#8221; ob\u00f3z letni we wschodniej Gazie<\/strong><\/p>\n<p><!--[if gte vml 1]><![endif]--><!--[if !vml]--><!--[endif]--><\/p>\n<p><img decoding=\"async\" src=\"http:\/\/www.memri.org\/image\/15716.jpg\" border=\"0\" \/><br \/>\n<em>Zdj\u0119cie: facebook.com\/gazacampsnew, 9 czerwca 2013<\/em><\/p>\n<p><strong>Zabawa w parku wodnym<\/strong><\/p>\n<p><!--[if gte vml 1]><![endif]--><!--[if !vml]--><!--[endif]--><\/p>\n<p><img decoding=\"async\" src=\"http:\/\/www.memri.org\/image\/15717.JPG\" border=\"0\" \/><br \/>\n<em>Zdj\u0119cie: facebook.com\/gazacampsnew, 10 czerwca 2013<\/em><\/p>\n<p><strong>Ceremonia uko\u0144czenia obozu w p\u00f3\u0142nocnej Strefie Gazy<\/strong><\/p>\n<p><!--[if gte vml 1]><![endif]--><!--[if !vml]--><!--[endif]--><\/p>\n<p><img decoding=\"async\" src=\"http:\/\/www.memri.org\/image\/15718.jpg\" border=\"0\" \/><br \/>\n<em>Zdjecie: facebook.com\/gazacampsnew, 12 czerwca 2013<\/em><\/p>\n<p>&#8212;&#8212;&#8212;&#8212;&#8212;&#8212;&#8212;&#8212;&#8212;&#8212;&#8212;&#8212;&#8212;&#8212;&#8212;&#8212;&#8212;&#8212;-<\/p>\n<p><a name=\"_edn1\"><\/a> <a title=\"\" href=\"#_ednref1\">[1]<\/a> Paltoday.ps, June 9, 2013.<\/p>\n<p><a title=\"\" href=\"#_ednref2\">[2]<\/a> Paltoday.ps, May 20, 2013.<\/p>\n<p><a name=\"_edn3\"><\/a><\/p>\n<p><a title=\"\" href=\"#_ednref3\">[3]<\/a> Paltoday.ps, June 9, 2013.<\/p>\n<p><a title=\"\" href=\"#_ednref4\">[4]<\/a> Felesteen.ps, June 10, 2013.<\/p>\n<\/div>\n","protected":false},"excerpt":{"rendered":"<p>Tematem wybranym przez Hamas dla swoich oboz\u00f3w letnich w tym roku jest prawo powrotu, odzwierciedlone w motto projektu: \u201cPokolenie powrotu\u201d. Ruch prowadzi 700 oboz\u00f3w w Gazie, w kt\u00f3rych bierze udzia\u0142 oko\u0142o 100 tysi\u0119cy dzieci i nastolatk\u00f3w. Przedstawiciel Hamasu, dr Nasim Yassin wyja\u015bni\u0142: &#8222;Wyb\u00f3r Hamasu \u201cPokolenia powrotu\u201d jako motto dla oboz\u00f3w letnich pochodzi z podkre\u015blenia, \u017ce [&hellip;]<\/p>\n","protected":false},"author":1,"featured_media":0,"comment_status":"open","ping_status":"closed","sticky":false,"template":"","format":"standard","meta":{"footnotes":""},"categories":[824,832,835,836],"tags":[],"class_list":["post-2964","post","type-post","status-publish","format-standard","hentry","category-specjalne-komunikaty","category-projekt-badan-nad-dzihadem-i-terroryzmem","category-archiwum","category-tematy"],"_links":{"self":[{"href":"https:\/\/www2.memri.org\/polish\/wp-json\/wp\/v2\/posts\/2964","targetHints":{"allow":["GET"]}}],"collection":[{"href":"https:\/\/www2.memri.org\/polish\/wp-json\/wp\/v2\/posts"}],"about":[{"href":"https:\/\/www2.memri.org\/polish\/wp-json\/wp\/v2\/types\/post"}],"author":[{"embeddable":true,"href":"https:\/\/www2.memri.org\/polish\/wp-json\/wp\/v2\/users\/1"}],"replies":[{"embeddable":true,"href":"https:\/\/www2.memri.org\/polish\/wp-json\/wp\/v2\/comments?post=2964"}],"version-history":[{"count":0,"href":"https:\/\/www2.memri.org\/polish\/wp-json\/wp\/v2\/posts\/2964\/revisions"}],"wp:attachment":[{"href":"https:\/\/www2.memri.org\/polish\/wp-json\/wp\/v2\/media?parent=2964"}],"wp:term":[{"taxonomy":"category","embeddable":true,"href":"https:\/\/www2.memri.org\/polish\/wp-json\/wp\/v2\/categories?post=2964"},{"taxonomy":"post_tag","embeddable":true,"href":"https:\/\/www2.memri.org\/polish\/wp-json\/wp\/v2\/tags?post=2964"}],"curies":[{"name":"wp","href":"https:\/\/api.w.org\/{rel}","templated":true}]}}