{"id":2903,"date":"2013-04-10T00:00:00","date_gmt":"2013-04-10T00:00:00","guid":{"rendered":"http:\/\/www2.memri.org\/polaco\/francusko-tunezyjski-imam-hassan-chalghoumi-zydzi-i-muzulmanie-we-francji-powinni-wspolpracowac-w-zwalczaniu-rasizmu\/2903"},"modified":"2013-04-10T00:00:00","modified_gmt":"2013-04-10T00:00:00","slug":"francusko-tunezyjski-imam-hassan-chalghoumi-zydzi-i-muzulmanie-we-francji-powinni-wspolpracowac-w-zwalczaniu-rasizmu","status":"publish","type":"post","link":"https:\/\/www2.memri.org\/polish\/francusko-tunezyjski-imam-hassan-chalghoumi-zydzi-i-muzulmanie-we-francji-powinni-wspolpracowac-w-zwalczaniu-rasizmu\/2903","title":{"rendered":"Francusko-tunezyjski imam Hassan Chalghoumi: \u017bydzi i muzu\u0142manie we Francji powinni wsp\u00f3\u0142pracowa\u0107 w zwalczaniu rasizmu"},"content":{"rendered":"<div class=\"bodytext c1\">\n<p><em>Poni\u017cej podajemy fragmenty wywiadu z francusko-tunezyjskim imamem Hassanem Chalghoumim, kt\u00f3ry nada\u0142a France 24 Arabic TV 12 marca 2013 r.<\/em><\/p>\n<p><a href=\"http:\/\/www.memritv.org\/clip\/en\/3792.htm\"><em>Kliknij tutaj, \u017ceby zobaczy\u0107 to wideo w MEMRI TV.<\/em><\/a><\/p>\n<p><iframe loading=\"lazy\" width=\"404\" height=\"356\" src=\"http:\/\/www.memritv.org\/embedded_player\/index.php?clip_id=3792\" frameborder=\"0\"><\/iframe><\/p>\n<p><strong>Dziennikarz:<\/strong> Jaka jest g\u0142\u00f3wna przyczyna napi\u0119\u0107 mi\u0119dzy spo\u0142eczno\u015bciami [\u017cydowsk\u0105 i muzu\u0142ma\u0144sk\u0105]?<\/p>\n<p><strong>Hassan Chalghoumi:<\/strong> Arabsko-izraelski \u2013 lub palesty\u0144sko-izraelski \u2013 konflikt odgrywa g\u0142\u00f3wn\u0105 rol\u0119, a po drugie, ten konflikt jest wykorzystywany przez pewne grupy, \u017ceby wci\u0105gn\u0105\u0107 m\u0142odych ludzi w swoje szeregi. Zamiast przyci\u0105ga\u0107 m\u0142odzie\u017c, \u017ceby uczy\u0107 ich religii, uczy\u0107 umiarkowania i patriotyzmu\u2026 Oczywi\u015bcie wszyscy popieraj\u0105 nar\u00f3d palesty\u0144ski \u2013 to jest obowi\u0105zek muzu\u0142man\u00f3w i nie-muzu\u0142man\u00f3w \u2013 ale nie powinni wykorzystywa\u0107 tego w ten spos\u00f3b. Po trzecie\u2026<\/p>\n<p><strong>Dziennikarz:<\/strong> Kto wykorzystuje t\u0119 spraw\u0119? Obie strony?<\/p>\n<p><strong>Hassan Chalghoumi:<\/strong> Tak. S\u0105 nawet pewne grupy chrze\u015bcijan, kt\u00f3re, przykro powiedzie\u0107, maj\u0105 w sobie tak du\u017co nienawi\u015bci, i oni wykorzystuj\u0105 t\u0119 nienawi\u015b\u0107.<\/p>\n<p>S\u0105 tak\u017ce partie polityczne. Skrajna lewica wykorzystuje spraw\u0119 palesty\u0144sk\u0105 i to samo robi\u0105 inni. Tworz\u0105 nienawi\u015b\u0107 i niech\u0119\u0107 mi\u0119dzy muzu\u0142manami a \u017bydami, mimo \u017ce wi\u0119kszo\u015b\u0107 \u017byd\u00f3w przyby\u0142a z Tunezji, Algierii i Maroka i zna \u015bwiat arabski i islamski.<\/p>\n<p>Niekt\u00f3rzy przybyli z Rosji. Moim zdaniem muzu\u0142manie i \u017bydzi w tym kraju powinni koegzystowa\u0107, poniewa\u017c ich wsp\u00f3lnym wrogiem jest rasizm i terroryzm, a terroryzm nie ma religii.<\/p>\n<p>[\u2026]<\/p>\n<p><strong>Dziennikarz:<\/strong> Francja ma prawo przeciwko antysemityzmowi, ale pan sprzeciwia si\u0119 ustanowieniu prawa przeciwko islamofobii. Dlaczego?<\/p>\n<p><strong>Hassan Chalghoumi:<\/strong> Chcia\u0142bym powiedzie\u0107, \u017ce jestem przeciwko rasizmowi i przeciwko uczuciom antyislamskim. Ale okre\u015blenie \u201cislamofobia\u201d jest wykorzystywane politycznie. Z ca\u0142ym szacunkiem, nie ma mi\u0119dzy tymi dwoma por\u00f3wnania. Uwa\u017cam, \u017ce zanim zaczniemy czegokolwiek \u017c\u0105da\u0107, muzu\u0142manie musz\u0105 wype\u0142ni\u0107 sw\u00f3j obowi\u0105zek. To prawda, jest narastaj\u0105cy rasizm, s\u0105 ataki na meczety\u2026<\/p>\n<p><strong>Dziennikarz:<\/strong> Jak mo\u017cemy to zwalcza\u0107?<\/p>\n<p><strong>Hassan Chalghoumi:<\/strong> Przez prawo.<\/p>\n<p><strong>Dziennikarz:<\/strong> Jak prawo przeciwko antysemityzmowi?<\/p>\n<p><strong>Hassan Chalghoumi:<\/strong> Nie lubi\u0119 tego por\u00f3wnania, poniewa\u017c ma zabarwienie polityczne, nawet zabarwienie wrogo\u015bci \u2013 jak gdyby by\u0142o wi\u0119cej [rasizmu] jednego rodzaju ni\u017c drugiego.<\/p>\n<p>Europa ponosi odpowiedzialno\u015b\u0107 za to, co sta\u0142o si\u0119 z \u017bydami tutaj, we Francji. Wspomnia\u0142em w mojej ksi\u0105\u017cce, jak Allah zes\u0142a\u0142 \u0142ask\u0119 na narody Maroka, Algierii, Tunezji i Turcji, kt\u00f3re uratowa\u0142y \u017byd\u00f3w prze\u015bladowanych przez nazizm, \u017ceby ich zabi\u0107\u2026<\/p>\n<p><strong>Dziennikarz:<\/strong> Przepraszam, \u017ce przerywam, ale niekt\u00f3rzy m\u00f3wi\u0105, \u017ce to s\u0105 podw\u00f3jne standardy: uprzywilejowane traktowanie i ochrona \u017byd\u00f3w z jednej strony, i ca\u0142kowicie inne traktowanie muzu\u0142man\u00f3w z drugiej strony, z kierowanymi wobec nich wszelkiego rodzaju oskar\u017ceniami.<\/p>\n<p><strong>Hassan Chalghoumi:<\/strong> Przepraszam, ale s\u0105dz\u0119, \u017ce historia jest inna. Konsystorz \u017byd\u00f3w istnieje od ponad 200 lat, od czas\u00f3w Napoleona.<\/p>\n<p class=\"MsoNormal\">Moi muzu\u0142ma\u0144scy bracia, bierzmy to powoli! Chwa\u0142a Allahowi, niekt\u00f3rzy nasi ludzie s\u0105 w parlamencie, niekt\u00f3rzy s\u0105 w polityce, a niekt\u00f3rzy s\u0105 w mediach. Zacz\u0119li\u015bmy nasz\u0105 wspinaczk\u0119. Nasz sukces b\u0119dzie zgodny z sukcesem naszych syn\u00f3w i wtedy b\u0119dziemy mogli \u017c\u0105da\u0107 wi\u0119cej praw i ochrony naszej religii i nas samych. [\u2026]<\/p>\n<\/div>\n","protected":false},"excerpt":{"rendered":"<p>Poni\u017cej podajemy fragmenty wywiadu z francusko-tunezyjskim imamem Hassanem Chalghoumim, kt\u00f3ry nada\u0142a France 24 Arabic TV 12 marca 2013 r. Kliknij tutaj, \u017ceby zobaczy\u0107 to wideo w MEMRI TV. Dziennikarz: Jaka jest g\u0142\u00f3wna przyczyna napi\u0119\u0107 mi\u0119dzy spo\u0142eczno\u015bciami [\u017cydowsk\u0105 i muzu\u0142ma\u0144sk\u0105]? Hassan Chalghoumi: Arabsko-izraelski \u2013 lub palesty\u0144sko-izraelski \u2013 konflikt odgrywa g\u0142\u00f3wn\u0105 rol\u0119, a po drugie, ten konflikt [&hellip;]<\/p>\n","protected":false},"author":1,"featured_media":0,"comment_status":"open","ping_status":"closed","sticky":false,"template":"","format":"standard","meta":{"footnotes":""},"categories":[824,835],"tags":[],"class_list":["post-2903","post","type-post","status-publish","format-standard","hentry","category-specjalne-komunikaty","category-archiwum"],"_links":{"self":[{"href":"https:\/\/www2.memri.org\/polish\/wp-json\/wp\/v2\/posts\/2903","targetHints":{"allow":["GET"]}}],"collection":[{"href":"https:\/\/www2.memri.org\/polish\/wp-json\/wp\/v2\/posts"}],"about":[{"href":"https:\/\/www2.memri.org\/polish\/wp-json\/wp\/v2\/types\/post"}],"author":[{"embeddable":true,"href":"https:\/\/www2.memri.org\/polish\/wp-json\/wp\/v2\/users\/1"}],"replies":[{"embeddable":true,"href":"https:\/\/www2.memri.org\/polish\/wp-json\/wp\/v2\/comments?post=2903"}],"version-history":[{"count":0,"href":"https:\/\/www2.memri.org\/polish\/wp-json\/wp\/v2\/posts\/2903\/revisions"}],"wp:attachment":[{"href":"https:\/\/www2.memri.org\/polish\/wp-json\/wp\/v2\/media?parent=2903"}],"wp:term":[{"taxonomy":"category","embeddable":true,"href":"https:\/\/www2.memri.org\/polish\/wp-json\/wp\/v2\/categories?post=2903"},{"taxonomy":"post_tag","embeddable":true,"href":"https:\/\/www2.memri.org\/polish\/wp-json\/wp\/v2\/tags?post=2903"}],"curies":[{"name":"wp","href":"https:\/\/api.w.org\/{rel}","templated":true}]}}