{"id":2892,"date":"2013-03-29T00:00:00","date_gmt":"2013-03-29T00:00:00","guid":{"rendered":"http:\/\/www2.memri.org\/polaco\/leibanska-autorka-zydzi-robia-mace-paschalna-z-krwia-nie-zydow\/2892"},"modified":"2013-03-29T00:00:00","modified_gmt":"2013-03-29T00:00:00","slug":"leibanska-autorka-zydzi-robia-mace-paschalna-z-krwia-nie-zydow","status":"publish","type":"post","link":"https:\/\/www2.memri.org\/polish\/leibanska-autorka-zydzi-robia-mace-paschalna-z-krwia-nie-zydow\/2892","title":{"rendered":"Leiba\u0144ska autorka: \u017bydzi robi\u0105 mac\u0119 paschaln\u0105 z krwi\u0105 nie-\u017byd\u00f3w"},"content":{"rendered":"<div class=\"bodytext c1\">\n<p><em>28 marca 2013 r. gazeta liba\u0144ska \u201cAl-Sharq\u201d opublikowa\u0142a artyku\u0142 autorki liba\u0144skiej Sany Kojok, w kt\u00f3rym twierdzi\u0142a ona, \u017ce podczas Paschy \u017bydzi jedz\u0105 mac\u0119 zrobion\u0105 na krwi nie-\u017byd\u00f3w. Artyku\u0142 wzywa\u0142 tak\u017ce Palesty\u0144czyk\u00f3w, by zamienili \u015bwi\u0119to Izraelczyk\u00f3w z okazji rado\u015bci i przyjemno\u015bci w p\u0142acz i zawodzenie.<\/em><\/p>\n<p><em>Poni\u017cej podajemy fragmenty tego artyku\u0142u:<\/em><\/p>\n<p>&#8230; Syjonistyczni \u017bydzi maj\u0105 specjalne \u015bwi\u0119ta im po\u015bwi\u0119cone: Sukkot [\u015awi\u0119to Sza\u0142as\u00f3w]\u2026 podczas kt\u00f3rego obchodz\u0105 pocz\u0105tek roku rolnego\u2026 Chanuka, \u015awi\u0119to \u015awiat\u0142a, kt\u00f3re obchodz\u0105 przez osiem dni [podczas kt\u00f3rych] co wiecz\u00f3r zapalaj\u0105 \u015bwiecie; dla nich to \u015bwi\u0119to symbolizuje celebrowanie przez \u017byd\u00f3w zwyci\u0119stwa nad Grekami! [Podczas] \u015bwi\u0119ta masek, Purym, kt\u00f3re obchodzi si\u0119 wczesn\u0105 wiosn\u0105, religijni \u017bydzi opowiadaj\u0105 histori\u0119 kr\u00f3lowej Estery, pij\u0105 alkohol i przebieraj\u0105 si\u0119 w kostiumy.<\/p>\n<p>Jednak podczas \u017cydowskiego \u015bwi\u0119ta Paschy, kt\u00f3re zaczyna si\u0119 dzisiaj, odprawia si\u0119 straszne i dziwaczne rytua\u0142y, zgodnie z instrukcjami z Talmudu: domy oczyszcza si\u0119 z wszelkiego zaczynu, to jest ca\u0142ego chleba i produkt\u00f3w chlebowych zawieraj\u0105cych dro\u017cd\u017ce, co po hebrajsku nazywa si\u0119 \u201echamec\u201d. Wczoraj palili chleb w domach, bo trzeba to zrobi\u0107 na dzie\u0144 przed \u015bwi\u0119tem.<\/p>\n<p>Ponadto w przeddzie\u0144 \u015bwi\u0119ta syjonistyczni \u017bydzi jedz\u0105 prza\u015bny chleb, kt\u00f3ry podczas przygotowa\u0144 mieszany jest z krwi\u0105 \u2013 ale ta krew musi by\u0107 od nie-\u017byda!! Ten prza\u015bny chleb nazywa si\u0119 \u201emaca\u201d.<\/p>\n<p>Wyobra\u017cacie sobie kogo\u015b jedz\u0105cego mac\u0119 zrobiona z krwi\u0105?! Jak my\u015bl\u0105 ci barbarzy\u0144cy?? Takie barbarzy\u0144skie zachowania \u2013 nawet w jedzeniu i piciu?!<\/p>\n<p>Ich \u201ccenny\u201d Talmud powiada: \u201cW pewnych wypadkach cz\u0142owiek mo\u017ce zabi\u0107 diab\u0142a, je\u015bli w\u0142a\u015bciwie przygotowuje mac\u0119 na Pasch\u0119. \u017bydzi maj\u0105 dwie ociekaj\u0105ce krwi\u0105 okazje, kt\u00f3re zadowalaj\u0105 wol\u0119 Boga \u2013 jedn\u0105 jest \u015bwi\u0119to macy zawieraj\u0105cej ludzk\u0105 krew, a drug\u0105 jest obrzezanie ich dzieci\u2026\u201d<\/p>\n<p>Maca, o kt\u00f3rej tu mowa, jest mac\u0105 na \u017cydowskie \u015bwi\u0119to Paschy!<\/p>\n<p>Dzisiaj nie wystarcza im tylko jedzenie ich unurzanej we krwi macy. Dzisiaj [wzywaj\u0105] osadnik\u00f3w, \u017ceby zrobili inwazje na \u015bwi\u0119ty meczet Al-Aksa i [tam] obchodzili Pasch\u0119.<\/p>\n<p>Jak mo\u017ce \u015bwiat oczekiwa\u0107 od nas, \u017ce b\u0119dziemy prowadzi\u0107 negocjacje z lud\u017ami, kt\u00f3rzy \u0142akn\u0105 krwi istot ludzkich \u2013 nie tylko podczas ich wojen, ale tak\u017ce w ich \u015bwi\u0119ta?? Je\u015bli chc\u0105 odprawia\u0107 swoje ceremonie i swoje czarnoksi\u0119stwo, niech to robi\u0105 \u2013 ale bez prowokowania uczu\u0107 palesty\u0144skich i bez szkodzenia \u015bwi\u0119tym zasadom chrze\u015bcija\u0144stwa i islamu.Ich przekl\u0119ty Talmud ani nie respektuje, ani nie uznaje \u017cadnej religii monoteistycznej. Palesty\u0144czycy powinni postawi\u0107 wyzwanie syjonistycznym agresorom i zamieni\u0107 ich \u015bwi\u0119to rado\u015bci i przyjemno\u015bci smakowania krwi w \u0142kanie i zawodzenie.<\/p>\n<\/div>\n","protected":false},"excerpt":{"rendered":"<p>28 marca 2013 r. gazeta liba\u0144ska \u201cAl-Sharq\u201d opublikowa\u0142a artyku\u0142 autorki liba\u0144skiej Sany Kojok, w kt\u00f3rym twierdzi\u0142a ona, \u017ce podczas Paschy \u017bydzi jedz\u0105 mac\u0119 zrobion\u0105 na krwi nie-\u017byd\u00f3w. Artyku\u0142 wzywa\u0142 tak\u017ce Palesty\u0144czyk\u00f3w, by zamienili \u015bwi\u0119to Izraelczyk\u00f3w z okazji rado\u015bci i przyjemno\u015bci w p\u0142acz i zawodzenie. Poni\u017cej podajemy fragmenty tego artyku\u0142u: &#8230; Syjonistyczni \u017bydzi maj\u0105 specjalne \u015bwi\u0119ta [&hellip;]<\/p>\n","protected":false},"author":1,"featured_media":0,"comment_status":"open","ping_status":"closed","sticky":false,"template":"","format":"standard","meta":{"footnotes":""},"categories":[824,831,835,836,837,841],"tags":[],"class_list":["post-2892","post","type-post","status-publish","format-standard","hentry","category-specjalne-komunikaty","category-projekt-dokumentacji-antysemityzmu","category-archiwum","category-tematy","category-kraje","category-liban"],"_links":{"self":[{"href":"https:\/\/www2.memri.org\/polish\/wp-json\/wp\/v2\/posts\/2892","targetHints":{"allow":["GET"]}}],"collection":[{"href":"https:\/\/www2.memri.org\/polish\/wp-json\/wp\/v2\/posts"}],"about":[{"href":"https:\/\/www2.memri.org\/polish\/wp-json\/wp\/v2\/types\/post"}],"author":[{"embeddable":true,"href":"https:\/\/www2.memri.org\/polish\/wp-json\/wp\/v2\/users\/1"}],"replies":[{"embeddable":true,"href":"https:\/\/www2.memri.org\/polish\/wp-json\/wp\/v2\/comments?post=2892"}],"version-history":[{"count":0,"href":"https:\/\/www2.memri.org\/polish\/wp-json\/wp\/v2\/posts\/2892\/revisions"}],"wp:attachment":[{"href":"https:\/\/www2.memri.org\/polish\/wp-json\/wp\/v2\/media?parent=2892"}],"wp:term":[{"taxonomy":"category","embeddable":true,"href":"https:\/\/www2.memri.org\/polish\/wp-json\/wp\/v2\/categories?post=2892"},{"taxonomy":"post_tag","embeddable":true,"href":"https:\/\/www2.memri.org\/polish\/wp-json\/wp\/v2\/tags?post=2892"}],"curies":[{"name":"wp","href":"https:\/\/api.w.org\/{rel}","templated":true}]}}