{"id":2853,"date":"2013-03-05T00:00:00","date_gmt":"2013-03-05T00:00:00","guid":{"rendered":"http:\/\/www2.memri.org\/polaco\/egipski-przywodca-nubijczykow-napomyka-o-zbrojnych-dzialaniach-przeciwko-bractwu-muzulmanskiemu\/2853"},"modified":"2013-03-05T00:00:00","modified_gmt":"2013-03-05T00:00:00","slug":"egipski-przywodca-nubijczykow-napomyka-o-zbrojnych-dzialaniach-przeciwko-bractwu-muzulmanskiemu","status":"publish","type":"post","link":"https:\/\/www2.memri.org\/polish\/egipski-przywodca-nubijczykow-napomyka-o-zbrojnych-dzialaniach-przeciwko-bractwu-muzulmanskiemu\/2853","title":{"rendered":"Egipski przyw\u00f3dca Nubijczyk\u00f3w napomyka o zbrojnych dzia\u0142aniach przeciwko Bractwu Muzu\u0142ma\u0144skiemu"},"content":{"rendered":"<div class=\"bodytext c1\">\n<p><em>Ponizej podajemy fragmenty wywiadu z egipskim przyw\u00f3dca Nubijczyk\u00f3w, Osama Farouqiem, kt\u00f3ry nadala Dream 2 TV 12 stycznia 2013 r.<\/em><\/p>\n<p><a href=\"http:\/\/www.memritv.org\/clip\/en\/3750.htm\"><em>Kliknij tutaj, zeby zobaczyc to wideo w MEMRI TV.<\/em><\/a><\/p>\n<p><iframe loading=\"lazy\" width=\"585\" height=\"485\" src=\"http:\/\/www.memritv.org\/player\/largePlayer.php?&#038;width=585&#038;height=485&#038;autoplay=0&#038;clipid=3750\" frameborder=\"0\" scrolling=\"no\" allowtransparency=\"\"><\/iframe><\/p>\n<p><strong>Osama Farouq:<\/strong><em>Kitala<\/em> wylonila sie z powodu wzrastajacego maltretowania przez Partie Wolnosci i Sprawiedliwosci i jej wysilki, by zmarginalizowac Nubijczyk\u00f3w, wymazac ich tozsamosc i postawic ich w trudnym polozeniu. Mimo calego ucisku, zlego traktowania i marginalizowania, jakie przecierpielismy przez ostatnie 100 lat, mielismy nadzieje, ze rewolucja odniesie sukces i wyniesie do wladzy sprawiedliwego wladce, kt\u00f3ry zajmie sie naszymi problemami.<\/p>\n<p>Jednak przy wielu okazjach Bractwo Muzulmanskie ujawnialo, ze jest ruchem kolonialnym. Zrobili wiele rzeczy, takich jak zamkniecie tego wlasnie kanalu telewizji.<\/p>\n<p>W reakcji postanowilismy powiedziec: zachowywalismy sie w spos\u00f3b cywilizowany przez 100 lat. Wiecej juz nie.<\/p>\n<p>[\u2026]<\/p>\n<p><strong>Prowadzacy wywiad:<\/strong> Co znaczy <em>kitala<\/em> w jezyku nubijskim \u2013 wojownik czy walczyc?<\/p>\n<p><strong>Osama Farouq:<\/strong> Slowo pochodzi od \u201cwojownik\u201d lub \u201cbitwa\u201d i znaczy najgorsze \u2013 znaczy, ze powinienes oczekiwac najgorszego i odpowiedziec zgodnie z tym.<\/p>\n<p>Co wazniejsze jednak, Bractwo Muzulmanskie odnioslo korzysci z rewolucji, ale niczym sie do niej nie przylozylo.<\/p>\n<p>[\u2026]<\/p>\n<p><strong>Prowadzacy wywiad:<\/strong> Czy slowo <em>kitala<\/em> znaczy walke z Bractwem Muzulmanskim?<\/p>\n<p><strong>Osama Farouq:<\/strong> Pozwoli pan, ze odpowiem kilkoma slowami: <em>kitala<\/em> znaczy oczekiwanie najgorszego.<\/p>\n<p><strong>Prowadzacy wywiad<\/strong>: Czy przez \u201cnajgorsze\u201d rozumie na akcje zbrojna?<\/p>\n<p><strong>Osama Farouq:<\/strong> Moze pan myslec, co pan chce, ale honor jest dla nas cenniejszy niz cokolwiek, cenniejszy nawet niz krew. Wole umrzec jako czlowiek wolny niz zyc bez honoru. [\u2026]<\/p>\n<\/div>\n","protected":false},"excerpt":{"rendered":"<p>Ponizej podajemy fragmenty wywiadu z egipskim przyw\u00f3dca Nubijczyk\u00f3w, Osama Farouqiem, kt\u00f3ry nadala Dream 2 TV 12 stycznia 2013 r. Kliknij tutaj, zeby zobaczyc to wideo w MEMRI TV. Osama Farouq:Kitala wylonila sie z powodu wzrastajacego maltretowania przez Partie Wolnosci i Sprawiedliwosci i jej wysilki, by zmarginalizowac Nubijczyk\u00f3w, wymazac ich tozsamosc i postawic ich w trudnym [&hellip;]<\/p>\n","protected":false},"author":1,"featured_media":0,"comment_status":"open","ping_status":"closed","sticky":false,"template":"","format":"standard","meta":{"footnotes":""},"categories":[824,835,837,863],"tags":[],"class_list":["post-2853","post","type-post","status-publish","format-standard","hentry","category-specjalne-komunikaty","category-archiwum","category-kraje","category-egipt"],"_links":{"self":[{"href":"https:\/\/www2.memri.org\/polish\/wp-json\/wp\/v2\/posts\/2853","targetHints":{"allow":["GET"]}}],"collection":[{"href":"https:\/\/www2.memri.org\/polish\/wp-json\/wp\/v2\/posts"}],"about":[{"href":"https:\/\/www2.memri.org\/polish\/wp-json\/wp\/v2\/types\/post"}],"author":[{"embeddable":true,"href":"https:\/\/www2.memri.org\/polish\/wp-json\/wp\/v2\/users\/1"}],"replies":[{"embeddable":true,"href":"https:\/\/www2.memri.org\/polish\/wp-json\/wp\/v2\/comments?post=2853"}],"version-history":[{"count":0,"href":"https:\/\/www2.memri.org\/polish\/wp-json\/wp\/v2\/posts\/2853\/revisions"}],"wp:attachment":[{"href":"https:\/\/www2.memri.org\/polish\/wp-json\/wp\/v2\/media?parent=2853"}],"wp:term":[{"taxonomy":"category","embeddable":true,"href":"https:\/\/www2.memri.org\/polish\/wp-json\/wp\/v2\/categories?post=2853"},{"taxonomy":"post_tag","embeddable":true,"href":"https:\/\/www2.memri.org\/polish\/wp-json\/wp\/v2\/tags?post=2853"}],"curies":[{"name":"wp","href":"https:\/\/api.w.org\/{rel}","templated":true}]}}