{"id":2821,"date":"2013-02-13T00:00:00","date_gmt":"2013-02-13T00:00:00","guid":{"rendered":"http:\/\/www2.memri.org\/polaco\/zamordowanie-tunezyjskiego-przywodcy-politycznego-chokriego-belaida-media-tunezyjskie-rzad-ponosi-odpowiedzialnosc-polityczna-za-to-morderstwo\/2821"},"modified":"2016-12-01T23:18:05","modified_gmt":"2016-12-01T23:18:05","slug":"zamordowanie-tunezyjskiego-przywodcy-politycznego-chokriego-belaida-media-tunezyjskie-rzad-ponosi-odpowiedzialnosc-polityczna-za-to-morderstwo","status":"publish","type":"post","link":"https:\/\/www2.memri.org\/polish\/zamordowanie-tunezyjskiego-przywodcy-politycznego-chokriego-belaida-media-tunezyjskie-rzad-ponosi-odpowiedzialnosc-polityczna-za-to-morderstwo\/2821","title":{"rendered":"Zamordowanie tunezyjskiego przyw\u00f3dcy politycznego Chokriego Belaida; media tunezyjskie: rz\u0105d ponosi odpowiedzialno\u015b\u0107 polityczn\u0105 za to morderstwo"},"content":{"rendered":"<p><!-- Document Body --><br \/>\n<DIV ALIGN=\"justify\" CLASS=\"bodytext\"><\/p>\n<p><b>Wprowadzenie<\/b><\/p>\n<p>6 lutego 2013 r. Tunezyjczycy stracili jednego z przyw\u00f3dc\u00f3w tunezyjskiej Jasminowej Rewolucji, kiedy zastrzelono tunezyjskiego swieckiego i lewicowego opozycjoniste, Chokriego Belaida przed jego domem w El Menzah VI, dzielnicy mieszkalnej w stolicy Tunisie.<\/p>\n<p>Belaid byl koordynatorem lewicowego Ruchu Tunezyjskich Patriot\u00f3w Demokratycznych, partii politycznej zalozonej w 1981 r., ale zalegalizowanej dopiero w 2011 r. po rewolucji tunezyjskiej. Byl znanym krytykiem partii El-Nahda, kt\u00f3ra zdobyla stosunkowa wiekszosc w wyborach tunezyjskich w 2011 r., oraz wzrostu ruch\u00f3w salafickich w kraju.<\/p>\n<p>Nie bylo to pierwsze morderstwo polityczne w Tunezji. 18 pazdziernika 2012 r. Lotfi Naguedh, koordynator swieckiej partii Nidaa Tounes, zostal zabity, a uprzednio pobity, przez czlonk\u00f3w Ligii Ochrony Rewolucji (LPR), grupy bliskiej El-Nahdzie; zaatakowano go w jego biurze w Tataouine <a name=\"_ednref1\"><\/A> <a title=\"\" href=\"http:\/\/www.memri.org\/report\/en\/0\/0\/0\/0\/0\/0\/6997.htm#_edn1\"><b>[1]<\/b><\/A>  . Przyw\u00f3dca Nidaa Tounes, Beji Caid Essebsi, nazwal smierc Naguedha &#8222;zab\u00f3jstwem politycznym&#8221;.<\/p>\n<p>Na spotkaniu 1 lutego 2013 r. Rady Szura El-Nahda, czlonkowie El-Nahda proponowali uwolnienie zab\u00f3jc\u00f3w Naghuedha<a name=\"_ednref2\"><\/A> <a title=\"\" href=\"http:\/\/www.memri.org\/report\/en\/0\/0\/0\/0\/0\/0\/6997.htm#_edn2\"><b>[2]<\/b><\/A>  . Kilka dni p\u00f3zniej i dzien zanim zostal zabity, Belaid powiedzial podczas wystapienia w programie telewizyjnym p\u00f3lnocno afrykanskiego kanalu Nessma TV, ze ta propozycja El-Nahda dala zielone swiatlo dla zab\u00f3jstw politycznych w kraju.<\/p>\n<p>Belaid, kt\u00f3ry zyl w strachu przed zab\u00f3jcami, otrzymywal grozby od LPR<a name=\"_ednref3\"><\/A> <a title=\"\" href=\"http:\/\/www.memri.org\/report\/en\/0\/0\/0\/0\/0\/0\/6997.htm#_edn3\"><b>[3]<\/b><\/A>, uwazanej za paramilitarne, zbrojne skrzydlo El-Nahdy<a name=\"_ednref4\"><\/A> <a title=\"\" href=\"http:\/\/www.memri.org\/report\/en\/0\/0\/0\/0\/0\/0\/6997.htm#_edn4\"><b>[4]<\/b><\/A>  . Opozycja uwaza, ze LPR stoi za zab\u00f3jstwem Belaida<a name=\"_ednref5\"><\/A> <a title=\"\" href=\"http:\/\/www.memri.org\/report\/en\/0\/0\/0\/0\/0\/0\/6997.htm#_edn5\"><b>[5]<\/b><\/A>; wdowa Belaida, Besma Khalfaoui Belaid, powiedziala, ze uwaza partie El-Nahda za bezposrednio odpowiedzialna za jego smierc<a name=\"_ednref6\"><\/A> <a title=\"\" href=\"http:\/\/www.memri.org\/report\/en\/0\/0\/0\/0\/0\/0\/6997.htm#_edn6\"><b>[6]<\/b><\/A>  .<\/p>\n<p>8 lutego jedno z medi\u00f3w tunezyjskich, Kapitalis, opublikowalo dlugi artykul redakcyjny pi\u00f3ra tunezyjskiego dziennikarza Rachida Barnata, stwierdzajacy, ze odpowiedzialnosc za to morderstwo spoczywa nie tylko na El-Nahdzie, ale na rzadzacej tr\u00f3jce: El-Nahdzie, Kongresie Partii Republiki (CPR) i Ettakatolu. Artykul oskarza te tr\u00f3jke o nie zrobienie niczego dla powstrzymania wzrostu islamizmu w kraju i stwierdza dalej, ze jesli LPR uwazany jest za milicje El-Nahdy, to przyw\u00f3dca CPR i prezydent Tunezji Moncef Marzouki flirtowal z LPR \u2013 nawiazujac posrednio do wizyty delegacji LPR u Marzoukiego w jego palacu prezydenckim w Kartaginie<a name=\"_ednref7\"><\/A> <a title=\"\" href=\"http:\/\/www.memri.org\/report\/en\/0\/0\/0\/0\/0\/0\/6997.htm#_edn7\"><b>[7]<\/b><\/A>, miedzy innymi incydentami.<\/p>\n<p>Artykul pisze takze o tym, ze rzad dawno stracil legitymacje polityczna i moralna, poniewaz mial byc przejsciowy, sformowany w celu zaproponowania konstytucji tunezyjskiej po rewolucji. Mandat tego rzadu wygasl 23 pazdziernika 2012 r., rok po wyborach i jego przedluzenie czyni go nieprawomocnym.<\/p>\n<p>Wkr\u00f3tce po zabiciu Belaida premier El-Nahdy, Hamadi Jebali, zaproponowal stworzenie apolitycznego rzadu technokrat\u00f3w. Jego partia nie przyjela tej propozycji i kwestia stworzyla rozlam miedzy Jebalim a przyw\u00f3dca El-Nahdy Rachedem Gannouchim.<\/p>\n<p>Zab\u00f3jstwo Belaida zjednoczylo Tunezyjczyk\u00f3w; podobno 1,4 miliona ludzi<a name=\"_ednref8\"><\/A> <a title=\"\" href=\"http:\/\/www.memri.org\/report\/en\/0\/0\/0\/0\/0\/0\/6997.htm#_edn8\"><b>[8]<\/b><\/A>  wzielo udzial w jego pogrzebie.<\/p>\n<p>[Raport zawiera nastepnie fragmenty artykulu Barnata z Kapitalis, kt\u00f3ry mozna przeczytac po angielsku tutaj: <a href=\"http:\/\/www.memri.org\/report\/en\/0\/0\/0\/0\/0\/0\/6997.htm\">http:\/\/www.memri.org\/report\/en\/0\/0\/0\/0\/0\/0\/6997.htm<\/A>  Ponizej podajemy jedynie tlumaczenia sr\u00f3dtytul\u00f3w oraz ilustracje.]<\/p>\n<p><b>&#8222;Niekt\u00f3rzy ludzie potrafia sprzeciwiac sie ideom i wolnosci wylacznie przemoca\u201d <\/b><\/p>\n<p>[\u2026]<\/p>\n<p><i><!--[if gte vml 1]><![endif]--><!--[if !vml]--><!--[endif]--><\/i><img loading=\"lazy\" decoding=\"async\" class=\"alignnone size-full wp-image-4649\" src=\"http:\/\/www2.memri.org\/polaco\/wp-content\/uploads\/2016\/12\/14649.jpg\" width=\"480\" height=\"340\" srcset=\"https:\/\/www2.memri.org\/polish\/wp-content\/uploads\/2016\/12\/14649.jpg 480w, https:\/\/www2.memri.org\/polish\/wp-content\/uploads\/2016\/12\/14649-300x213.jpg 300w, https:\/\/www2.memri.org\/polish\/wp-content\/uploads\/2016\/12\/14649-100x70.jpg 100w\" sizes=\"auto, (max-width: 480px) 100vw, 480px\" \/><BR><br \/>\n <i>Obraz krazacy po tunezyjskich stronach Facebooka<\/i><\/p>\n<p><i><!--[if gte vml 1]><![endif]--><!--[if !vml]--><!--[endif]--><\/i><img loading=\"lazy\" decoding=\"async\" class=\"alignnone size-full wp-image-4654\" src=\"http:\/\/www2.memri.org\/polaco\/wp-content\/uploads\/2016\/12\/14650.jpg\" width=\"450\" height=\"251\" srcset=\"https:\/\/www2.memri.org\/polish\/wp-content\/uploads\/2016\/12\/14650.jpg 450w, https:\/\/www2.memri.org\/polish\/wp-content\/uploads\/2016\/12\/14650-300x167.jpg 300w\" sizes=\"auto, (max-width: 450px) 100vw, 450px\" \/><BR><br \/>\n <i>Scena ataku na Chokriego Belaida, w poblizu jego domu w Tunis<a name=\"_ednref9\">ie<\/A> <\/i><a href=\"http:\/\/www.memri.org\/report\/en\/0\/0\/0\/0\/0\/0\/6997.htm#_edn9\"><b><i>[9]<\/i><\/b><\/A> <\/p>\n<p>[\u2026]<\/p>\n<p><i><!--[if gte vml 1]><![endif]--><!--[if !vml]--><!--[endif]--><\/i><img loading=\"lazy\" decoding=\"async\" class=\"alignnone size-full wp-image-4657\" src=\"http:\/\/www2.memri.org\/polaco\/wp-content\/uploads\/2016\/12\/14651.jpg\" width=\"400\" height=\"199\" srcset=\"https:\/\/www2.memri.org\/polish\/wp-content\/uploads\/2016\/12\/14651.jpg 400w, https:\/\/www2.memri.org\/polish\/wp-content\/uploads\/2016\/12\/14651-300x149.jpg 300w, https:\/\/www2.memri.org\/polish\/wp-content\/uploads\/2016\/12\/14651-324x160.jpg 324w\" sizes=\"auto, (max-width: 400px) 100vw, 400px\" \/><BR><br \/>\n <i>Chokri Bela\u00efd ze swoimi dwiema c\u00f3rkami<\/i><a name=\"_ednref10\"><\/A> <a title=\"\" href=\"http:\/\/www.memri.org\/report\/en\/0\/0\/0\/0\/0\/0\/6997.htm#_edn10\"><b><i>[10]<\/i><\/b><\/A> <\/p>\n<p><i><!--[if gte vml 1]><![endif]--><!--[if !vml]--><!--[endif]--><\/i><i><img loading=\"lazy\" decoding=\"async\" class=\"alignnone size-full wp-image-4660\" src=\"http:\/\/www2.memri.org\/polaco\/wp-content\/uploads\/2016\/12\/14652.jpg\" width=\"896\" height=\"603\" srcset=\"https:\/\/www2.memri.org\/polish\/wp-content\/uploads\/2016\/12\/14652.jpg 896w, https:\/\/www2.memri.org\/polish\/wp-content\/uploads\/2016\/12\/14652-300x202.jpg 300w, https:\/\/www2.memri.org\/polish\/wp-content\/uploads\/2016\/12\/14652-768x517.jpg 768w, https:\/\/www2.memri.org\/polish\/wp-content\/uploads\/2016\/12\/14652-600x404.jpg 600w, https:\/\/www2.memri.org\/polish\/wp-content\/uploads\/2016\/12\/14652-696x468.jpg 696w, https:\/\/www2.memri.org\/polish\/wp-content\/uploads\/2016\/12\/14652-624x420.jpg 624w\" sizes=\"auto, (max-width: 896px) 100vw, 896px\" \/><BR><br \/>\n Slub Belaid\u00f3w<a name=\"_ednref11\"><\/A> <a title=\"\" href=\"http:\/\/www.memri.org\/report\/en\/0\/0\/0\/0\/0\/0\/6997.htm#_edn11\"><b>[11]<\/b><\/A> <\/i><\/p>\n<p><i><!--[if gte vml 1]><![endif]--><!--[if !vml]--><!--[endif]--><\/i><img loading=\"lazy\" decoding=\"async\" class=\"alignnone size-full wp-image-4667\" src=\"http:\/\/www2.memri.org\/polaco\/wp-content\/uploads\/2016\/12\/14653.jpg\" width=\"630\" height=\"360\" srcset=\"https:\/\/www2.memri.org\/polish\/wp-content\/uploads\/2016\/12\/14653.jpg 630w, https:\/\/www2.memri.org\/polish\/wp-content\/uploads\/2016\/12\/14653-300x171.jpg 300w, https:\/\/www2.memri.org\/polish\/wp-content\/uploads\/2016\/12\/14653-600x343.jpg 600w\" sizes=\"auto, (max-width: 630px) 100vw, 630px\" \/><BR><br \/>\n <i>Wdowa Belaida po zab\u00f3jstwie<\/i><a name=\"_ednref12\"><\/A> <a title=\"\" href=\"http:\/\/www.memri.org\/report\/en\/0\/0\/0\/0\/0\/0\/6997.htm#_edn12\"><b><i>[12]<\/i><\/b><\/A> <\/p>\n<p><i><!--[if gte vml 1]><![endif]--><!--[if !vml]--><!--[endif]--><\/i><i><img loading=\"lazy\" decoding=\"async\" class=\"alignnone size-full wp-image-4671\" src=\"http:\/\/www2.memri.org\/polaco\/wp-content\/uploads\/2016\/12\/14654.jpg\" width=\"403\" height=\"320\" srcset=\"https:\/\/www2.memri.org\/polish\/wp-content\/uploads\/2016\/12\/14654.jpg 403w, https:\/\/www2.memri.org\/polish\/wp-content\/uploads\/2016\/12\/14654-300x238.jpg 300w\" sizes=\"auto, (max-width: 403px) 100vw, 403px\" \/><BR><br \/>\n C\u00f3rka Belaida, Nayrouz, w dniu pogrzebu jej ojca. Na koszulce ma napis: \u201cKto zabil mojego ojca?\u201d<\/i><a name=\"_ednref13\"><\/A> <a title=\"\" href=\"http:\/\/www.memri.org\/report\/en\/0\/0\/0\/0\/0\/0\/6997.htm#_edn13\"><b><i>[13]<\/i><\/b><\/A> <\/p>\n<p>[\u2026]<\/p>\n<p><i><!--[if gte vml 1]><![endif]--><!--[if !vml]--><!--[endif]--><\/i><img loading=\"lazy\" decoding=\"async\" class=\"alignnone size-full wp-image-4674\" src=\"http:\/\/www2.memri.org\/polaco\/wp-content\/uploads\/2016\/12\/14655.jpg\" width=\"403\" height=\"403\" srcset=\"https:\/\/www2.memri.org\/polish\/wp-content\/uploads\/2016\/12\/14655.jpg 403w, https:\/\/www2.memri.org\/polish\/wp-content\/uploads\/2016\/12\/14655-150x150.jpg 150w, https:\/\/www2.memri.org\/polish\/wp-content\/uploads\/2016\/12\/14655-300x300.jpg 300w, https:\/\/www2.memri.org\/polish\/wp-content\/uploads\/2016\/12\/14655-32x32.jpg 32w, https:\/\/www2.memri.org\/polish\/wp-content\/uploads\/2016\/12\/14655-50x50.jpg 50w, https:\/\/www2.memri.org\/polish\/wp-content\/uploads\/2016\/12\/14655-64x64.jpg 64w, https:\/\/www2.memri.org\/polish\/wp-content\/uploads\/2016\/12\/14655-96x96.jpg 96w, https:\/\/www2.memri.org\/polish\/wp-content\/uploads\/2016\/12\/14655-128x128.jpg 128w\" sizes=\"auto, (max-width: 403px) 100vw, 403px\" \/><BR><br \/>\n <i>Obraz krazacy po stronach tunezyjskich Facebooka: &#8222;Jeden ginie, tysiac budzi sie&#8221;<\/i><\/p>\n<p><b>&#8222;Tr\u00f3jka jest odpowiedzialna za te zbrodnie!&#8221;<\/b><\/p>\n<p>[\u2026]<\/p>\n<p><i><!--[if gte vml 1]><![endif]--><!--[if !vml]--><!--[endif]--><\/i><img loading=\"lazy\" decoding=\"async\" class=\"alignnone size-full wp-image-4678\" src=\"http:\/\/www2.memri.org\/polaco\/wp-content\/uploads\/2016\/12\/14656.jpg\" width=\"403\" height=\"403\" srcset=\"https:\/\/www2.memri.org\/polish\/wp-content\/uploads\/2016\/12\/14656.jpg 403w, https:\/\/www2.memri.org\/polish\/wp-content\/uploads\/2016\/12\/14656-150x150.jpg 150w, https:\/\/www2.memri.org\/polish\/wp-content\/uploads\/2016\/12\/14656-300x300.jpg 300w, https:\/\/www2.memri.org\/polish\/wp-content\/uploads\/2016\/12\/14656-32x32.jpg 32w, https:\/\/www2.memri.org\/polish\/wp-content\/uploads\/2016\/12\/14656-50x50.jpg 50w, https:\/\/www2.memri.org\/polish\/wp-content\/uploads\/2016\/12\/14656-64x64.jpg 64w, https:\/\/www2.memri.org\/polish\/wp-content\/uploads\/2016\/12\/14656-96x96.jpg 96w, https:\/\/www2.memri.org\/polish\/wp-content\/uploads\/2016\/12\/14656-128x128.jpg 128w\" sizes=\"auto, (max-width: 403px) 100vw, 403px\" \/><BR><br \/>\n <i>&#8222;Nie zginal za dyktatury Ben Alego&#8230;. Zostal zamordowany za \u2018demokracji\u2019 Tr\u00f3jki&#8221;<\/i><a name=\"_ednref14\"><\/A> <a title=\"\" href=\"http:\/\/www.memri.org\/report\/en\/0\/0\/0\/0\/0\/0\/6997.htm#_edn14\"><b><i>[14]<\/i><\/b><\/A> <\/p>\n<p><i><!--[if gte vml 1]><![endif]--><!--[if !vml]--><!--[endif]--><\/i><img loading=\"lazy\" decoding=\"async\" class=\"alignnone size-full wp-image-4682\" src=\"http:\/\/www2.memri.org\/polaco\/wp-content\/uploads\/2016\/12\/14657.jpg\" width=\"390\" height=\"249\" srcset=\"https:\/\/www2.memri.org\/polish\/wp-content\/uploads\/2016\/12\/14657.jpg 390w, https:\/\/www2.memri.org\/polish\/wp-content\/uploads\/2016\/12\/14657-300x192.jpg 300w\" sizes=\"auto, (max-width: 390px) 100vw, 390px\" \/><BR><br \/>\n <i>Pogrzeb Belaida<\/i><a name=\"_ednref15\"><\/A> <a title=\"\" href=\"http:\/\/www.memri.org\/report\/en\/0\/0\/0\/0\/0\/0\/6997.htm#_edn15\"><b><i>[15]<\/i><\/b><\/A> <\/p>\n<p><i><!--[if gte vml 1]><![endif]--><!--[if !vml]--><!--[endif]--><\/i><i><img loading=\"lazy\" decoding=\"async\" class=\"alignnone size-full wp-image-4688\" src=\"http:\/\/www2.memri.org\/polaco\/wp-content\/uploads\/2016\/12\/14658.jpg\" width=\"960\" height=\"677\" srcset=\"https:\/\/www2.memri.org\/polish\/wp-content\/uploads\/2016\/12\/14658.jpg 960w, https:\/\/www2.memri.org\/polish\/wp-content\/uploads\/2016\/12\/14658-300x212.jpg 300w, https:\/\/www2.memri.org\/polish\/wp-content\/uploads\/2016\/12\/14658-768x542.jpg 768w, https:\/\/www2.memri.org\/polish\/wp-content\/uploads\/2016\/12\/14658-600x423.jpg 600w, https:\/\/www2.memri.org\/polish\/wp-content\/uploads\/2016\/12\/14658-100x70.jpg 100w, https:\/\/www2.memri.org\/polish\/wp-content\/uploads\/2016\/12\/14658-696x491.jpg 696w, https:\/\/www2.memri.org\/polish\/wp-content\/uploads\/2016\/12\/14658-596x420.jpg 596w\" sizes=\"auto, (max-width: 960px) 100vw, 960px\" \/><BR><br \/>\n Obraz krazacy na stronach tunezyjskich Facebooka: &#8222;Dzisiaj doliczylismy sie 1,4 miliona na [cmentarzu] Djellaz, uczestniczacych w pogrzebie Chokriego Belaida&#8221;<\/i><\/p>\n<p>[\u2026]<\/p>\n<p><i><!--[if gte vml 1]><![endif]--><!--[if !vml]--><!--[endif]--><\/i><img loading=\"lazy\" decoding=\"async\" class=\"alignnone size-full wp-image-4697\" src=\"http:\/\/www2.memri.org\/polaco\/wp-content\/uploads\/2016\/12\/14659.jpg\" width=\"403\" height=\"403\" srcset=\"https:\/\/www2.memri.org\/polish\/wp-content\/uploads\/2016\/12\/14659.jpg 403w, https:\/\/www2.memri.org\/polish\/wp-content\/uploads\/2016\/12\/14659-150x150.jpg 150w, https:\/\/www2.memri.org\/polish\/wp-content\/uploads\/2016\/12\/14659-300x300.jpg 300w, https:\/\/www2.memri.org\/polish\/wp-content\/uploads\/2016\/12\/14659-32x32.jpg 32w, https:\/\/www2.memri.org\/polish\/wp-content\/uploads\/2016\/12\/14659-50x50.jpg 50w, https:\/\/www2.memri.org\/polish\/wp-content\/uploads\/2016\/12\/14659-64x64.jpg 64w, https:\/\/www2.memri.org\/polish\/wp-content\/uploads\/2016\/12\/14659-96x96.jpg 96w, https:\/\/www2.memri.org\/polish\/wp-content\/uploads\/2016\/12\/14659-128x128.jpg 128w\" sizes=\"auto, (max-width: 403px) 100vw, 403px\" \/><BR><br \/>\n <i>Tunezyjscy salafici w miescie Sfax<\/i><a name=\"_ednref16\"><\/A> <a title=\"\" href=\"http:\/\/www.memri.org\/report\/en\/0\/0\/0\/0\/0\/0\/6997.htm#_edn16\"><b><i>[16]<\/i><\/b><\/A> <\/p>\n<p><i><!--[if gte vml 1]><![endif]--><!--[if !vml]--><!--[endif]--><\/i><img loading=\"lazy\" decoding=\"async\" class=\"alignnone size-full wp-image-4701\" src=\"http:\/\/www2.memri.org\/polaco\/wp-content\/uploads\/2016\/12\/14660.jpg\" width=\"344\" height=\"257\" srcset=\"https:\/\/www2.memri.org\/polish\/wp-content\/uploads\/2016\/12\/14660.jpg 344w, https:\/\/www2.memri.org\/polish\/wp-content\/uploads\/2016\/12\/14660-300x224.jpg 300w, https:\/\/www2.memri.org\/polish\/wp-content\/uploads\/2016\/12\/14660-80x60.jpg 80w, https:\/\/www2.memri.org\/polish\/wp-content\/uploads\/2016\/12\/14660-265x198.jpg 265w\" sizes=\"auto, (max-width: 344px) 100vw, 344px\" \/><BR><br \/>\n <i>Pokaz sztuki walki na spotkaniu salafit\u00f3w w miescie Kairouan. <\/i><a name=\"_ednref17\"><\/A> <a title=\"\" href=\"http:\/\/www.memri.org\/report\/en\/0\/0\/0\/0\/0\/0\/6997.htm#_edn17\"><b><i>[17]<\/i><\/b><\/A> <\/p>\n<p>[\u2026]<\/p>\n<p><b>&#8222;Gdyby w jasny spos\u00f3b zidentyfikowani winni mieli odrobine godnosci, ustapiliby&#8221;<\/b><\/p>\n<p>[\u2026]<\/p>\n<p><i><!--[if gte vml 1]><![endif]--><!--[if !vml]--><!--[endif]--><\/i><i><img loading=\"lazy\" decoding=\"async\" class=\"alignnone size-full wp-image-4705\" src=\"http:\/\/www2.memri.org\/polaco\/wp-content\/uploads\/2016\/12\/14661.jpg\" width=\"639\" height=\"960\" srcset=\"https:\/\/www2.memri.org\/polish\/wp-content\/uploads\/2016\/12\/14661.jpg 639w, https:\/\/www2.memri.org\/polish\/wp-content\/uploads\/2016\/12\/14661-200x300.jpg 200w, https:\/\/www2.memri.org\/polish\/wp-content\/uploads\/2016\/12\/14661-600x901.jpg 600w, https:\/\/www2.memri.org\/polish\/wp-content\/uploads\/2016\/12\/14661-280x420.jpg 280w\" sizes=\"auto, (max-width: 639px) 100vw, 639px\" \/><BR><br \/>\n Mezczyzna w garniturze z flagi tunezyjskiej w Tunisie 6 lutego, w dniu zab\u00f3jstwa. Tunezyjczycy demonstrowali przeciwko zab\u00f3jstwu wsr\u00f3d gazu lzawiacego, uzywanego przez policje<a name=\"_ednref18\"><\/A> <a title=\"\" href=\"http:\/\/www.memri.org\/report\/en\/0\/0\/0\/0\/0\/0\/6997.htm#_edn18\"><b>[18]<\/b><\/A> <\/i><\/p>\n<p><i><!--[if gte vml 1]><![endif]--><!--[if !vml]--><!--[endif]--><\/i><i><img loading=\"lazy\" decoding=\"async\" class=\"alignnone size-full wp-image-4716\" src=\"http:\/\/www2.memri.org\/polaco\/wp-content\/uploads\/2016\/12\/14663.jpg\" width=\"800\" height=\"555\" srcset=\"https:\/\/www2.memri.org\/polish\/wp-content\/uploads\/2016\/12\/14663.jpg 800w, https:\/\/www2.memri.org\/polish\/wp-content\/uploads\/2016\/12\/14663-300x208.jpg 300w, https:\/\/www2.memri.org\/polish\/wp-content\/uploads\/2016\/12\/14663-768x533.jpg 768w, https:\/\/www2.memri.org\/polish\/wp-content\/uploads\/2016\/12\/14663-600x416.jpg 600w, https:\/\/www2.memri.org\/polish\/wp-content\/uploads\/2016\/12\/14663-100x70.jpg 100w, https:\/\/www2.memri.org\/polish\/wp-content\/uploads\/2016\/12\/14663-218x150.jpg 218w, https:\/\/www2.memri.org\/polish\/wp-content\/uploads\/2016\/12\/14663-696x483.jpg 696w, https:\/\/www2.memri.org\/polish\/wp-content\/uploads\/2016\/12\/14663-605x420.jpg 605w\" sizes=\"auto, (max-width: 800px) 100vw, 800px\" \/><BR><br \/>\n Tunezyjczyk skacze, zeby uniknac gazu lzawiacego rzucanego przez policje, zeby rozpedzic wiec zwolany po zab\u00f3jstwie przed ministerstwem spraw wewnetrznych<\/i><a name=\"_ednref19\"><\/A> <a title=\"\" href=\"http:\/\/www.memri.org\/report\/en\/0\/0\/0\/0\/0\/0\/6997.htm#_edn19\"><b><i>[19]<\/i><\/b><\/A> <\/p>\n<p>[\u2026]<\/p>\n<p><b>Rzad utracil legitymacje polityczna i moralna <\/b><\/p>\n<p>[\u2026]<\/p>\n<p><i>*A. Mahjar-Barducci jest pracownikiem badawczym w MEMRI<\/i><\/p>\n<p><p>&#8212;&#8212;&#8212;&#8212;&#8212;&#8212;&#8212;&#8211;<BR><\/p>\n<p><a name=\"_edn1\"><\/A> <a title=\"\" href=\"http:\/\/www.memri.org\/report\/en\/0\/0\/0\/0\/0\/0\/6997.htm#_ednref1\">[1]<\/A>   AFP, November 5, 2012.<\/p>\n<p><a name=\"_edn2\"><\/A> <a title=\"\" href=\"http:\/\/www.memri.org\/report\/en\/0\/0\/0\/0\/0\/0\/6997.htm#_ednref2\">[2]<\/A>   Business News (Tunisia), February 4, 2013.<\/p>\n<p><a name=\"_edn3\"><\/A> <a title=\"\" href=\"http:\/\/www.memri.org\/report\/en\/0\/0\/0\/0\/0\/0\/6997.htm#_ednref3\">[3]<\/A>   France 2 (France), February 7, 2013<\/p>\n<p><a name=\"_edn4\"><\/A> <a title=\"\" href=\"http:\/\/www.memri.org\/report\/en\/0\/0\/0\/0\/0\/0\/6997.htm#_ednref4\">[4]<\/A>  <i>Le Nouvel Observateur<\/i> (France), February 6, 2013.<\/p>\n<p><a name=\"_edn5\"><\/A> <a title=\"\" href=\"http:\/\/www.memri.org\/report\/en\/0\/0\/0\/0\/0\/0\/6997.htm#_ednref5\">[5]<\/A>  <i>Le Nouvel Observateur<\/i> (France), February 6, 2013.<\/p>\n<p><a name=\"_edn6\"><\/A> <a title=\"\" href=\"http:\/\/www.memri.org\/report\/en\/0\/0\/0\/0\/0\/0\/6997.htm#_ednref6\">[6]<\/A>  <a href=\"http:\/\/www.youtube.com\/watch?v=RthFlpB1iIQ\">http:\/\/www.youtube.com\/watch?v=RthFlpB1iIQ<\/A>  .<\/p>\n<p><a name=\"_edn7\"><\/A> <a title=\"\" href=\"http:\/\/www.memri.org\/report\/en\/0\/0\/0\/0\/0\/0\/6997.htm#_ednref7\">[7]<\/A>  <a href=\"http:\/\/news.tunistribune.com\/?q=node\/1220\">http:\/\/news.tunistribune.com\/?q=node\/1220<\/A>  .<\/p>\n<p><a name=\"_edn8\"><\/A> <a title=\"\" href=\"http:\/\/www.memri.org\/report\/en\/0\/0\/0\/0\/0\/0\/6997.htm#_ednref8\">[8]<\/A>   Business News (Tunisia), February 8, 2013.<\/p>\n<p><a name=\"_edn9\"><\/A> <a title=\"\" href=\"http:\/\/www.memri.org\/report\/en\/0\/0\/0\/0\/0\/0\/6997.htm#_ednref9\">[9]<\/A>   Image<i>: <\/i>Webdo (Tunisia), February 6, 2013.<\/p>\n<p><a name=\"_edn10\"><\/A> <a title=\"\" href=\"http:\/\/www.memri.org\/report\/en\/0\/0\/0\/0\/0\/0\/6997.htm#_ednref10\">[10]<\/A>   Image: Kapitalis (Tunisia), February 8, 2013<\/p>\n<p><a name=\"_edn11\"><\/A> <a title=\"\" href=\"http:\/\/www.memri.org\/report\/en\/0\/0\/0\/0\/0\/0\/6997.htm#_ednref11\">[11]<\/A>   Image source: Nayrouz Belaid&#8217;s Facebook page<\/p>\n<p><a name=\"_edn12\"><\/A> <a title=\"\" href=\"http:\/\/www.memri.org\/report\/en\/0\/0\/0\/0\/0\/0\/6997.htm#_ednref12\">[12]<\/A>   Image: <a href=\"http:\/\/www.memri.org\/AppData\/Local\/Microsoft\/Windows\/Temporary%20Internet%20Files\/Content.Outlook\/Documents%20and%20Settings\/HAGIT.MEMRI\/Local%20Settings\/Temporary%20Internet%20Files\/OLK2427\/ww.facebook.com\/tunisiensdefrance\">&#8222;Tunisiens de France&#8221; Facebook page<\/A>, February 12, 2013.<\/p>\n<p><a name=\"_edn13\"><\/A> <a title=\"\" href=\"http:\/\/www.memri.org\/report\/en\/0\/0\/0\/0\/0\/0\/6997.htm#_ednref13\">[13]<\/A>   Image: <a href=\"http:\/\/www.memri.org\/AppData\/Local\/Microsoft\/Windows\/Temporary%20Internet%20Files\/Content.Outlook\/Documents%20and%20Settings\/HAGIT.MEMRI\/Local%20Settings\/Temporary%20Internet%20Files\/OLK2427\/ww.facebook.com\/tunisiensdefrance\">&#8222;Tunisiens de France&#8221; Facebook page<\/A>, February 8, 2013.<\/p>\n<p><a name=\"_edn14\"><\/A> <a title=\"\" href=\"http:\/\/www.memri.org\/report\/en\/0\/0\/0\/0\/0\/0\/6997.htm#_ednref14\">[14]<\/A>   Image source: <a href=\"http:\/\/www.memri.org\/AppData\/Local\/Microsoft\/Windows\/Temporary%20Internet%20Files\/Content.Outlook\/Documents%20and%20Settings\/HAGIT.MEMRI\/Local%20Settings\/Temporary%20Internet%20Files\/OLK2427\/ww.facebook.com\/tunisiensdefrance\">&#8222;Tunisiens de France&#8221; Facebook page,<\/A>  February 7, 2013.<\/p>\n<p><a name=\"_edn15\"><\/A> <a title=\"\" href=\"http:\/\/www.memri.org\/report\/en\/0\/0\/0\/0\/0\/0\/6997.htm#_ednref15\">[15]<\/A>   Image<i>: <\/i>Reuters, February 8, 2013.<\/p>\n<p><a name=\"_edn16\"><\/A> <a title=\"\" href=\"http:\/\/www.memri.org\/report\/en\/0\/0\/0\/0\/0\/0\/6997.htm#_ednref16\">[16]<\/A>   Image: <a href=\"http:\/\/www.facebook.com\/centreville.sfax2\">&#8222;Centre Ville Sfax&#8221; Facebook page<\/A>, February 6, 2013.<\/p>\n<p><a name=\"_edn17\"><\/A> <a title=\"\" href=\"http:\/\/www.memri.org\/report\/en\/0\/0\/0\/0\/0\/0\/6997.htm#_ednref17\">[17]<\/A>   Image source: RFI (France), May 20, 2012<\/p>\n<p><a name=\"_edn18\"><\/A> <a title=\"\" href=\"http:\/\/www.memri.org\/report\/en\/0\/0\/0\/0\/0\/0\/6997.htm#_ednref18\">[18]<\/A>   Image source: Facebook page Tunisiens de France; Photo credits: Touiti Fares, February 6, 2013<a name=\"_edn19\"><\/A> <a title=\"\" href=\"http:\/\/www.memri.org\/report\/en\/0\/0\/0\/0\/0\/0\/6997.htm#_ednref19\">[19]<\/A>   Image source: AFP\/Fethi Belaid, February 7, 2013.<br \/>\n<\/div>\n","protected":false},"excerpt":{"rendered":"<p>Wprowadzenie 6 lutego 2013 r. Tunezyjczycy stracili jednego z przyw\u00f3dc\u00f3w tunezyjskiej Jasminowej Rewolucji, kiedy zastrzelono tunezyjskiego swieckiego i lewicowego opozycjoniste, Chokriego Belaida przed jego domem w El Menzah VI, dzielnicy mieszkalnej w stolicy Tunisie. Belaid byl koordynatorem lewicowego Ruchu Tunezyjskich Patriot\u00f3w Demokratycznych, partii politycznej zalozonej w 1981 r., ale zalegalizowanej dopiero w 2011 r. po [&hellip;]<\/p>\n","protected":false},"author":1,"featured_media":2822,"comment_status":"open","ping_status":"closed","sticky":false,"template":"","format":"standard","meta":{"footnotes":""},"categories":[825,833,835,836],"tags":[],"class_list":["post-2821","post","type-post","status-publish","format-standard","has-post-thumbnail","hentry","category-reformy-w-swiecie-arabskim-i-muzulmanskim","category-badania-i-analizy","category-archiwum","category-tematy"],"_links":{"self":[{"href":"https:\/\/www2.memri.org\/polish\/wp-json\/wp\/v2\/posts\/2821","targetHints":{"allow":["GET"]}}],"collection":[{"href":"https:\/\/www2.memri.org\/polish\/wp-json\/wp\/v2\/posts"}],"about":[{"href":"https:\/\/www2.memri.org\/polish\/wp-json\/wp\/v2\/types\/post"}],"author":[{"embeddable":true,"href":"https:\/\/www2.memri.org\/polish\/wp-json\/wp\/v2\/users\/1"}],"replies":[{"embeddable":true,"href":"https:\/\/www2.memri.org\/polish\/wp-json\/wp\/v2\/comments?post=2821"}],"version-history":[{"count":1,"href":"https:\/\/www2.memri.org\/polish\/wp-json\/wp\/v2\/posts\/2821\/revisions"}],"predecessor-version":[{"id":4730,"href":"https:\/\/www2.memri.org\/polish\/wp-json\/wp\/v2\/posts\/2821\/revisions\/4730"}],"wp:featuredmedia":[{"embeddable":true,"href":"https:\/\/www2.memri.org\/polish\/wp-json\/wp\/v2\/media\/2822"}],"wp:attachment":[{"href":"https:\/\/www2.memri.org\/polish\/wp-json\/wp\/v2\/media?parent=2821"}],"wp:term":[{"taxonomy":"category","embeddable":true,"href":"https:\/\/www2.memri.org\/polish\/wp-json\/wp\/v2\/categories?post=2821"},{"taxonomy":"post_tag","embeddable":true,"href":"https:\/\/www2.memri.org\/polish\/wp-json\/wp\/v2\/tags?post=2821"}],"curies":[{"name":"wp","href":"https:\/\/api.w.org\/{rel}","templated":true}]}}