{"id":2791,"date":"2013-01-31T00:00:00","date_gmt":"2013-01-31T00:00:00","guid":{"rendered":"http:\/\/www2.memri.org\/polaco\/dzihadysta-wzywa-muzulmanow-we-francji-by-stali-sie-koniem-trojanskim-i-atakowali-francuskich-cywilow\/2791"},"modified":"2013-01-31T00:00:00","modified_gmt":"2013-01-31T00:00:00","slug":"dzihadysta-wzywa-muzulmanow-we-francji-by-stali-sie-koniem-trojanskim-i-atakowali-francuskich-cywilow","status":"publish","type":"post","link":"https:\/\/www2.memri.org\/polish\/dzihadysta-wzywa-muzulmanow-we-francji-by-stali-sie-koniem-trojanskim-i-atakowali-francuskich-cywilow\/2791","title":{"rendered":"D\u017cihadysta wzywa muzu\u0142man\u00f3w we Francji, by stali si\u0119 \u201ckoniem troja\u0144skim\u201d i atakowali francuskich cywil\u00f3w"},"content":{"rendered":"<div class=\"bodytext c1\">\n<p><em>Poni\u017csze przes\u0142anie do Francji od Mud\u017cahedina z Syrii zosta\u0142o zamieszczone w Internecie 23 stycznia 2013 r.<\/em><\/p>\n<p><a href=\"http:\/\/www.memri.org\/clip\/en\/0\/0\/0\/0\/0\/0\/3724.htm\"><em>Kliknij tutaj, \u017ceby zobaczy\u0107 ten klip w MEMRI TV.<\/em><\/a><\/p>\n<p><strong><iframe loading=\"lazy\" height=\"485\" src=\"http:\/\/www.memritv.org\/player\/largePlayer.php?&#038;width=585&#038;height=485&#038;autoplay=0&#038;clipid=3724\" frameborder=\"0\" width=\"585\" allowtransparency=\"\" scrolling=\"no\"><\/iframe><\/strong><\/p>\n<p><strong>D\u017cihadysta:<\/strong>To Przes\u0142anie jest adresowane do Republiki Francuskiej i jej ludno\u015bci od Mud\u017cahedina z Syrii po decyzji rz\u0105du francuskiego zaatakowania naszych szlachetnych braci, kt\u00f3rzy zaprowadzili szariat, kt\u00f3rzy walczyli z politeizmem, kt\u00f3rzy szerz\u0105 monoteizm w p\u00f3\u0142nocnym Mali \u2013 prawo Allaha, szariat, jedyne prawo, kt\u00f3remu mo\u017ce podporz\u0105dkowa\u0107 si\u0119 muzu\u0142manin.<\/p>\n<p>Najbardziej fundamentalnym prawem muzu\u0142manina jest \u017cycie zgodnie z jego religi\u0105, a jego obowi\u0105zkiem jest d\u0105\u017cenie do zaprowadzenia go w ziemiach islamu.<\/p>\n<p>Mud\u017cahedin walczy, by s\u0142owo Allaha rz\u0105dzi\u0142o niepodzielnie.<\/p>\n<p>Prostym powodem, kt\u00f3ry gna Francj\u0119 i jej sprzymierze\u0144c\u00f3w do atakowania i zabijania tych, kt\u00f3rzy zaprowadzaj\u0105 szariat w krajach muzu\u0142ma\u0144skich, jest, \u017ce chc\u0105 oni zachowa\u0107 s\u0142u\u017calcze re\u017cimy, kt\u00f3re zgodzi\u0142y si\u0119 by\u0107 ich wasalami, s\u0142u\u017cy\u0107 ich interesom w krajach muzu\u0142ma\u0144skich i uciska\u0107 ich swoj\u0105 tyrani\u0105.<\/p>\n<p>W wyniku decyzji rz\u0105du francuskiego, kt\u00f3ry nie jest usatysfakcjonowany zabranianiem naszym cnotliwym siostrom nak\u0142adania zas\u0142ony zgodnie z nakazem Allaha i bezustannie walczy z islamem i muzu\u0142manami\u2026<\/p>\n<p>Dzisiaj, w dodatku do swojej obecno\u015bci wraz z krzy\u017cowcami w Afganistanie, Francja sta\u0142a si\u0119 sztandarem herezji i wrog\u00f3w Allaha przez zaatakowanie islamskiego Mali.<\/p>\n<p>Jako gorzka konsekwencja wzywamy i zach\u0119camy muzu\u0142man\u00f3w na ca\u0142ym \u015bwiecie, jak r\u00f3wnie\u017c tych, kt\u00f3rzy \u017cyj\u0105 we Francji, do wykonania swojego obowi\u0105zku religijnego jako ko\u0144 troja\u0144ski \u2013 do uderzenia w interesy francuskie, ich instytucje, ich armi\u0119 i ich cywil\u00f3w na narodowym terytorium (Francji), jak r\u00f3wnie\u017c za granic\u0105.<\/p>\n<p>Celem jest sterroryzowanie ich, \u017ceby ludno\u015b\u0107 francuska wini\u0142a swoich szata\u0144skich przyw\u00f3dc\u00f3w za ich decyzj\u0119, prowadz\u0105c do utraty bezpiecze\u0144stwa i spokoju, kt\u00f3rymi si\u0119 kiedy\u015b cieszyli.<\/p>\n<p>Nie b\u0119d\u0105 si\u0119 ju\u017c nimi cieszyli jak d\u0142ugo Francja kontynuuje dzia\u0142ania jako wr\u00f3g islamu i muzu\u0142man\u00f3w.<\/p>\n<p>Pozostajemy pewni prawdziwej obietnicy Allaha, \u017ce da zwyci\u0119stwo tym, kt\u00f3rzy popieraj\u0105 jego religi\u0119, i \u017ce ci, kt\u00f3rzy zgin\u0105 na rzecz Allaha, b\u0119d\u0105 \u017cyli w jego raju, podczas gdy niewierni, kt\u00f3rzy zostaj\u0105 zabici, cierpi\u0105 m\u0119czarnie w grobach, czekaj\u0105c na to, by by\u0107 paliwem w piekle.<\/p>\n<p>Zako\u0144cz\u0119 t\u0119 wypowied\u017a zapraszaj\u0105c was do przy\u0142\u0105czenia si\u0119 do islamu, do przeczytania Koranu i do wyznawania Jego ostatniego Proroka i Pos\u0142a\u0144ca, kt\u00f3rego zes\u0142a\u0142 wam ze wsp\u00f3\u0142czucia dla ca\u0142ej ludzko\u015bci, by uwolni\u0107 ich od poddania innym ludziom i od oddawania czci idolom, i (by poprowadzi\u0107 ludzko\u015b\u0107) do poddania si\u0119 Allahowi i oddawania czci wy\u0142\u0105cznie Jemu.<\/p>\n<p>Wysadzajcie ich w powietrze, gdziekolwiek s\u0105, i masakrujcie ich.<\/p>\n<p>Wygnajcie ich ze wzg\u00f3rz Jerozolimy i pokonajcie ich.<\/p>\n<\/div>\n","protected":false},"excerpt":{"rendered":"<p>Poni\u017csze przes\u0142anie do Francji od Mud\u017cahedina z Syrii zosta\u0142o zamieszczone w Internecie 23 stycznia 2013 r. Kliknij tutaj, \u017ceby zobaczy\u0107 ten klip w MEMRI TV. D\u017cihadysta:To Przes\u0142anie jest adresowane do Republiki Francuskiej i jej ludno\u015bci od Mud\u017cahedina z Syrii po decyzji rz\u0105du francuskiego zaatakowania naszych szlachetnych braci, kt\u00f3rzy zaprowadzili szariat, kt\u00f3rzy walczyli z politeizmem, kt\u00f3rzy [&hellip;]<\/p>\n","protected":false},"author":1,"featured_media":0,"comment_status":"open","ping_status":"closed","sticky":false,"template":"","format":"standard","meta":{"footnotes":""},"categories":[824,832,835,836],"tags":[],"class_list":["post-2791","post","type-post","status-publish","format-standard","hentry","category-specjalne-komunikaty","category-projekt-badan-nad-dzihadem-i-terroryzmem","category-archiwum","category-tematy"],"_links":{"self":[{"href":"https:\/\/www2.memri.org\/polish\/wp-json\/wp\/v2\/posts\/2791","targetHints":{"allow":["GET"]}}],"collection":[{"href":"https:\/\/www2.memri.org\/polish\/wp-json\/wp\/v2\/posts"}],"about":[{"href":"https:\/\/www2.memri.org\/polish\/wp-json\/wp\/v2\/types\/post"}],"author":[{"embeddable":true,"href":"https:\/\/www2.memri.org\/polish\/wp-json\/wp\/v2\/users\/1"}],"replies":[{"embeddable":true,"href":"https:\/\/www2.memri.org\/polish\/wp-json\/wp\/v2\/comments?post=2791"}],"version-history":[{"count":0,"href":"https:\/\/www2.memri.org\/polish\/wp-json\/wp\/v2\/posts\/2791\/revisions"}],"wp:attachment":[{"href":"https:\/\/www2.memri.org\/polish\/wp-json\/wp\/v2\/media?parent=2791"}],"wp:term":[{"taxonomy":"category","embeddable":true,"href":"https:\/\/www2.memri.org\/polish\/wp-json\/wp\/v2\/categories?post=2791"},{"taxonomy":"post_tag","embeddable":true,"href":"https:\/\/www2.memri.org\/polish\/wp-json\/wp\/v2\/tags?post=2791"}],"curies":[{"name":"wp","href":"https:\/\/api.w.org\/{rel}","templated":true}]}}