{"id":2781,"date":"2013-01-31T00:00:00","date_gmt":"2013-01-31T00:00:00","guid":{"rendered":"http:\/\/www2.memri.org\/polaco\/islamisci-brytyjscy-protestuja-przeciwko-francuskiej-kampanii-w-mali-hollande-jest-synem-faraona-islam-zdominuje-francje-i-anglie\/2781"},"modified":"2013-01-31T00:00:00","modified_gmt":"2013-01-31T00:00:00","slug":"islamisci-brytyjscy-protestuja-przeciwko-francuskiej-kampanii-w-mali-hollande-jest-synem-faraona-islam-zdominuje-francje-i-anglie","status":"publish","type":"post","link":"https:\/\/www2.memri.org\/polish\/islamisci-brytyjscy-protestuja-przeciwko-francuskiej-kampanii-w-mali-hollande-jest-synem-faraona-islam-zdominuje-francje-i-anglie\/2781","title":{"rendered":"Islami\u015bci brytyjscy protestuj\u0105 przeciwko francuskiej kampanii w Mali: Hollande jest \u201csynem faraona\u201d, islam zdominuje Francj\u0119 i Angli\u0119"},"content":{"rendered":"<div class=\"bodytext c1\">\n<p><em>Poni\u017cej podajemy fragmenty wideo o islamistach w Londynie protestuj\u0105cych przeciwko francuskiej kampanii militarnej w Mali. Demonstracj\u0119 przeprowadzono przed ambasada\u0105 francusk\u0105, a wideo umieszczono w Internecie 12 stycznia 2013 r.<\/em><\/p>\n<p><a href=\"http:\/\/www.memritv.org\/clip\/en\/3721.htm\"><em>Kliknij tutaj, \u017ceby zobaczy\u0107 to wideo w MEMRI TV.<\/em><\/a><\/p>\n<p><iframe loading=\"lazy\" height=\"485\" src=\"http:\/\/www.memritv.org\/player\/largePlayer.php?&#038;width=585&#038;height=485&#038;autoplay=0&#038;clipid=3721\" frameborder=\"0\" width=\"585\" allowtransparency=\"\" scrolling=\"no\"><\/iframe><\/p>\n<p><strong>Islamista brytyjski Anjem Chaudary<\/strong>: Jeste\u015bmy tutaj, by zdemaskowa\u0107 re\u017cim francuski i powiedzie\u0107: R\u0119ce precz od muzu\u0142ma\u0144skiej ziemi.<\/p>\n<p><strong>T\u0142um<\/strong>: R\u0119ce precz od muzu\u0142ma\u0144skiej ziemi.<\/p>\n<p><strong>Anjem Chaudary<\/strong>: R\u0119ce precz od muzu\u0142ma\u0144skiej ziemi.<\/p>\n<p><strong>T\u0142um<\/strong>: R\u0119ce precz od muzu\u0142ma\u0144skiej ziemi.<\/p>\n<p><strong>Anjem Chaudary<\/strong>: R\u0119ce precz od muzu\u0142ma\u0144skiej ziemi.<\/p>\n<p><strong>T\u0142um<\/strong>: R\u0119ce precz od muzu\u0142ma\u0144skiej ziemi.<\/p>\n<p><strong>Anjem Chaudary<\/strong>: R\u0119ce precz od muzu\u0142ma\u0144skiej ziemi.<\/p>\n<p><strong>T\u0142um<\/strong>: R\u0119ce precz od muzu\u0142ma\u0144skiej ziemi.<\/p>\n<p><strong>Anjem Chaudary<\/strong>: Szariat dla Mali.<\/p>\n<p><strong>T\u0142um<\/strong>: Szariat dla Mali.<\/p>\n<p><strong>Anjem Chaudary<\/strong>: Szariat dla Mali.<\/p>\n<p><strong>T\u0142um<\/strong>: Szariat dla Mali.<\/p>\n<p><strong>Anjem Chaudary<\/strong>: Szariat dla Mali.<\/p>\n<p><strong>T\u0142um<\/strong>: Szariat dla Mali.<\/p>\n<p><strong>Anjem Chaudary<\/strong>: D\u017cihad dla Mali.<\/p>\n<p><strong>T\u0142um<\/strong>: D\u017cihad dla Mali.<\/p>\n<p><strong>Anjem Chaudary<\/strong>: D\u017cihad dla Mali.<\/p>\n<p><strong>T\u0142um<\/strong>: D\u017cihad dla Mali.<\/p>\n<p><strong>Anjem Chaudary<\/strong>: D\u017cihad dla Mali.<\/p>\n<p><strong>T\u0142um<\/strong>: D\u017cihad dla Mali.<\/p>\n<p><strong>Anjem Chaudary<\/strong>: Czego chcemy?<\/p>\n<p><strong>T\u0142um<\/strong>: D\u017cihad.<\/p>\n<p><strong>Anjem Chaudary<\/strong>: Kiedy tego chcemy?<\/p>\n<p><strong>T\u0142um<\/strong>: Teraz.<\/p>\n<p><strong>Anjem Chaudary<\/strong>: Czego chcemy?<\/p>\n<p><strong>T\u0142um<\/strong>: D\u017cihad.<\/p>\n<p><strong>Anjem Chaudary<\/strong>: Kiedy tego chcemy?<\/p>\n<p><strong>T\u0142um<\/strong>: Teraz.<\/p>\n<p><strong>Anjem Chaudary<\/strong>: D\u017cihad!<\/p>\n<p><strong>T\u0142um<\/strong>: D\u017cihad!<\/p>\n<p><strong>Anjem Chaudary<\/strong>: D\u017cihad!<\/p>\n<p><strong>T\u0142um<\/strong>: D\u017cihad!<\/p>\n<p><strong>Anjem Chaudary<\/strong>: D\u017cihad!<\/p>\n<p><strong>Crowd<\/strong>: D\u017cihad!<\/p>\n<p><strong>Anjem Chaudary<\/strong>: D\u017cihad!<\/p>\n<p><strong>T\u0142um<\/strong>: D\u017cihad!<\/p>\n<p><strong>Anjem Chaudary<\/strong>: D\u017cihad!<\/p>\n<p><strong>T\u0142um<\/strong>: D\u017cihad!<\/p>\n<p><strong>Anjem Chaudary<\/strong>: Powiedzcie: \u201cAllah Akbar&#8221;.<\/p>\n<p><strong>T\u0142um<\/strong>: Allah Akbar.<\/p>\n<p>[&#8230;]<\/p>\n<p><strong>Anjem Chaudary<\/strong>: Kalifat dla Mali, Somalii, Sudanu, Afganistanu, Iraku&#8230; Nar\u00f3d islamski wrze. Pozbyli\u015bmy si\u0119 kilku dyktator\u00f3w \u2013 Ben Ali, Mubarak i Al-Kadaffi. teraz pora na usuniecie dyktator\u00f3w w Mali, w Pakistanie, w Bangladeszu i we wszystkich ziemiach muzu\u0142ma\u0144skich i zast\u0105pienie ich szariatem, islamem.<\/p>\n<p>[&#8230;]<\/p>\n<p><strong>Islamista brytyjski<\/strong>: Nie ma boga nad Allaha.<\/p>\n<p><strong>T\u0142um<\/strong>: Nie ma boga nad Allaha.<\/p>\n<p><strong>Islamista brytyjski<\/strong>: D\u017cihad na rzecz Allaha.<\/p>\n<p><strong>T\u0142um<\/strong>: D\u017cihad na rzecz Allaha.<\/p>\n<p>[&#8230;]<\/p>\n<p><strong>Islamista brytyjski<\/strong>: Wezwanie do szariatu jest wezwaniem globalnym. Jest to wyb\u00f3r, przed kt\u00f3rym musz\u0105 stan\u0105\u0107 wszystkie te rz\u0105dy na Zachodzie. Szariat jest nieunikniony. Dlatego lepiej zaakceptujcie szariat, inaczej znajdziecie nas na swoim progu, przed swoimi ambasadami.<\/p>\n<p>[&#8230;]<\/p>\n<p><strong>Islamista brytyjski<\/strong>: M\u00f3wicie o wolno\u015bci, m\u00f3wicie o demokracji, ale nie ma wolno\u015bci dla muzu\u0142man\u00f3w do praktykowania islamu. To dlatego, \u017ce ich idole wolno\u015bci i demokracji s\u0105 fa\u0142szywymi idolami. B\u0119d\u0105 p\u0142on\u0105\u0107 w piekle tak samo jak wy.<\/p>\n<p>[&#8230;]<\/p>\n<p>Naszym przyw\u00f3dc\u0105 jest ostateczny Pos\u0142aniec Mahomet. On jest Pos\u0142a\u0144cem. On da\u0142 nam dobr\u0105 nowin\u0119: \u017ce podbijemy, \u017ce b\u0119dziemy przewodzi\u0107, b\u0119dziemy szerzy\u0107 mi\u0142osierdzie i b\u0119dziemy szerzy\u0107 sprawiedliwo\u015b\u0107, czy wam si\u0119 to podoba, czy nie. Sp\u00f3jrzcie na w\u0142asne progi we Francji \u2013 wasze kobiety porzucaj\u0105 chrze\u015bcija\u0144stwo i nak\u0142adaj\u0105 hid\u017cab i burk\u0119.<\/p>\n<p>[&#8230;]<\/p>\n<p>Muzu\u0142manie doszli do bram Wiednia, nie s\u0105dz\u0119 [niewyra\u017ane], poniewa\u017c nasze oczy [zwr\u00f3cone s\u0105] na Pary\u017c, nasze oczy [zwr\u00f3cone s\u0105] na Bruksel\u0119, nasze oczy [zwr\u00f3cone s\u0105] na Londyn. Nie ustaniemy jako muzu\u0142manie, a\u017c ca\u0142y \u015bwiat b\u0119dzie rz\u0105dzony przez islam.<\/p>\n<p>[&#8230;]<\/p>\n<p><strong>Islamista brytyjski<\/strong>: Moi drodzy muzu\u0142manie, jak d\u0142ugo b\u0119dziemy \u017cy\u0107 w ucisku? Czy nie pora, by\u015bmy si\u0119 zjednoczyli? Czy nie pora, by\u015bmy wr\u00f3cili do Allaha i Jego Pos\u0142a\u0144ca? Czy nie pora, by\u015bmy pokazali poparcie dla muzu\u0142man\u00f3w? Czy nie pora, by\u015bmy poparli mud\u017cahedin\u00f3w, bo to oni walcz\u0105 o religi\u0119 Allaha? Dzi\u0119ki nim mo\u017cemy chodzi\u0107 z podniesion\u0105 wysoko g\u0142ow\u0105. Czy to nie pora, moi drodzy muzu\u0142manie? Zebrali\u015bmy si\u0119 razem pod jednym has\u0142em: \u201eNie ma boga nad Allaha\u201d i popiera\u0107 naszych muzu\u0142man\u00f3w. Tak wi\u0119c, rz\u0105dzie francuski, niech to b\u0119dzie dla ciebie ostrze\u017cenie albo rada. Przyjmij to, jak chcesz, bo nigdy nie powstrzymasz armii muzu\u0142man\u00f3w. Nigdy nie powstrzymacie muzu\u0142man\u00f3w, poniewa\u017c ten nar\u00f3d jest zbyt wielki, by go powstrzyma\u0107. Ten nar\u00f3d jest jak fala przyp\u0142ywu \u2013 kiedy zaczyna si\u0119, nie ustaje. Zdob\u0119dzie wsch\u00f3d Wschodu i zach\u00f3d Zachodu, bowiem takie jest proroctwo naszego Proroka Mahometa.<\/p>\n<p>Powiedzcie: \u201cAllah Akbar&#8221;.<\/p>\n<p><strong>T\u0142um<\/strong>: Allah Akbar.<\/p>\n<p><strong>Islamista brytyjski<\/strong>: Powiedzcie: \u201cAllah Akbar&#8221;.<\/p>\n<p><strong>T\u0142um<\/strong>: Allah Akbar.<\/p>\n<p><strong>Islamista (po francusku)<\/strong>: To, co dzieje si\u0119 dzisiaj w Mali, jest aktem terroryzmu rozpocz\u0119tym przez Fran\u00e7ois Hollande przeciwko muzu\u0142manom. To jest akt terroryzmu rozpocz\u0119ty przez Fran\u00e7ois Hollande przeciwko narodowi Mahometa. Allah ostrzega\u0142 nas w Koranie, \u017ce \u017bydzi i chrze\u015bcijanie nigdy nie b\u0119d\u0105 zadowoleni z muzu\u0142man\u00f3w, a\u017c przyjm\u0105 ich religi\u0119. To, co robi Fran\u00e7ois Hollande, jest eksportem prostytucji do ziemi muzu\u0142ma\u0144skiej, eksportem homoseksualizmu do Mali, eksportem wykorzystywania kobiet do ziem muzu\u0142ma\u0144skich. Tym, co my m\u00f3wimy do Fran\u00e7ois Hollande, jest, \u017ce muzu\u0142manie na ca\u0142ym \u015bwiecie nie spoczn\u0105, a\u017c islam zdominuje Francj\u0119, a\u017c islam zdominuje ca\u0142y \u015bwiat. Islam zdominuje nie tylko Mali, Afganistan i Afryk\u0119, ale tak\u017ce Francj\u0119, Pary\u017c i Angli\u0119. Fran\u00e7ois Hollande, musisz zrozumie\u0107 kilka fakt\u00f3w \u017cycia: jeste\u015b synem faraona. Krew faraona p\u0142ynie w twoich \u017cy\u0142ach.<\/p>\n<p>[&#8230;]<\/p>\n<p>Ruch islamski stanie si\u0119 systemem \u017cycia przed twoim nosem. Twoja \u017cona, kobieta francuska, ludno\u015b\u0107 Francji, b\u0119d\u0105 \u017cyli pod ruchem islamskim, nawet je\u015bli ci sie to nie podoba, B\u0119dziemy zbiera\u0107 pog\u0142\u00f3wne <em>d\u017cizja<\/em>.<\/p>\n<p>[&#8230;]<\/p>\n<p>M\u00f3wimy ci, \u017ceby\u015b wycofa\u0142 swoich \u017co\u0142nierzy, niewiernych, kt\u00f3rzy s\u0105 w \u015bwiecie muzu\u0142ma\u0144skim. Ale nie rozumiesz, nie mo\u017cesz dostrzec przes\u0142ania.<\/p>\n<p>[&#8230;]<\/p>\n<p>Nar\u00f3d Mahometa kocha \u015bmier\u0107, tak jak wy kochacie wieprzowin\u0119. Kocha \u015bmier\u0107 bardziej ni\u017c wy kochacie swoje \u015bwinie. Kocha \u015bmier\u0107 bardziej ni\u017c wy kochacie swoje prostytutki, bardziej ni\u017c kochacie wino.<\/p>\n<p>[&#8230;]<\/p>\n<p>Szariat dla Francji.<\/p>\n<p><strong>T\u0142um<\/strong>: Szariat dla Francji.<\/p>\n<p><strong>Islamista<\/strong>: Szariat dla Francji.<\/p>\n<p><strong>T\u0142um<\/strong>: Szariat dla Pary\u017ca.<\/p>\n<p><strong>Islamista<\/strong>: Szariat dla ca\u0142ego \u015bwiata.<\/p>\n<p><strong>T\u0142um<\/strong>: Szariat dla ca\u0142ej Europy.<\/p>\n<p>[&#8230;]<\/p>\n<p><strong>Islamista<\/strong>: Wi\u0119kszo\u015b\u0107 mieszka\u0144c\u00f3w Pary\u017ca jest muzu\u0142manami. Z wol\u0105 Allaha, wi\u0119kszo\u015b\u0107 systemu francuskiego b\u0119dzie zgodna z szariatem. Wiekszo\u015b\u0107 mieszka\u0144c\u00f3w Francji b\u0119dzie muzu\u0142manami, z wol\u0105 Allaha.<\/p>\n<p>Powiedzcie: \u201cAllah Akbar\u201d.<\/p>\n<p><strong>T\u0142um<\/strong>: Allah Akbar. [&#8230;]<\/p>\n<\/div>\n","protected":false},"excerpt":{"rendered":"<p>Poni\u017cej podajemy fragmenty wideo o islamistach w Londynie protestuj\u0105cych przeciwko francuskiej kampanii militarnej w Mali. Demonstracj\u0119 przeprowadzono przed ambasada\u0105 francusk\u0105, a wideo umieszczono w Internecie 12 stycznia 2013 r. Kliknij tutaj, \u017ceby zobaczy\u0107 to wideo w MEMRI TV. Islamista brytyjski Anjem Chaudary: Jeste\u015bmy tutaj, by zdemaskowa\u0107 re\u017cim francuski i powiedzie\u0107: R\u0119ce precz od muzu\u0142ma\u0144skiej ziemi. [&hellip;]<\/p>\n","protected":false},"author":1,"featured_media":0,"comment_status":"open","ping_status":"closed","sticky":false,"template":"","format":"standard","meta":{"footnotes":""},"categories":[824,832,835,836],"tags":[],"class_list":["post-2781","post","type-post","status-publish","format-standard","hentry","category-specjalne-komunikaty","category-projekt-badan-nad-dzihadem-i-terroryzmem","category-archiwum","category-tematy"],"_links":{"self":[{"href":"https:\/\/www2.memri.org\/polish\/wp-json\/wp\/v2\/posts\/2781","targetHints":{"allow":["GET"]}}],"collection":[{"href":"https:\/\/www2.memri.org\/polish\/wp-json\/wp\/v2\/posts"}],"about":[{"href":"https:\/\/www2.memri.org\/polish\/wp-json\/wp\/v2\/types\/post"}],"author":[{"embeddable":true,"href":"https:\/\/www2.memri.org\/polish\/wp-json\/wp\/v2\/users\/1"}],"replies":[{"embeddable":true,"href":"https:\/\/www2.memri.org\/polish\/wp-json\/wp\/v2\/comments?post=2781"}],"version-history":[{"count":0,"href":"https:\/\/www2.memri.org\/polish\/wp-json\/wp\/v2\/posts\/2781\/revisions"}],"wp:attachment":[{"href":"https:\/\/www2.memri.org\/polish\/wp-json\/wp\/v2\/media?parent=2781"}],"wp:term":[{"taxonomy":"category","embeddable":true,"href":"https:\/\/www2.memri.org\/polish\/wp-json\/wp\/v2\/categories?post=2781"},{"taxonomy":"post_tag","embeddable":true,"href":"https:\/\/www2.memri.org\/polish\/wp-json\/wp\/v2\/tags?post=2781"}],"curies":[{"name":"wp","href":"https:\/\/api.w.org\/{rel}","templated":true}]}}