{"id":2649,"date":"2012-10-18T00:00:00","date_gmt":"2012-10-18T00:00:00","guid":{"rendered":"http:\/\/www2.memri.org\/polaco\/egipski-salafita-muhammad-al-zawahiri-brat-przywodcy-al-kaidy-nie-uznajemy-wyboru-prezydenta-mursiego-wzywa-do-dzihadu-przeciwko-zydom\/2649"},"modified":"2012-10-18T00:00:00","modified_gmt":"2012-10-18T00:00:00","slug":"egipski-salafita-muhammad-al-zawahiri-brat-przywodcy-al-kaidy-nie-uznajemy-wyboru-prezydenta-mursiego-wzywa-do-dzihadu-przeciwko-zydom","status":"publish","type":"post","link":"https:\/\/www2.memri.org\/polish\/egipski-salafita-muhammad-al-zawahiri-brat-przywodcy-al-kaidy-nie-uznajemy-wyboru-prezydenta-mursiego-wzywa-do-dzihadu-przeciwko-zydom\/2649","title":{"rendered":"Egipski salafita Muhammad Al-Zawahiri, brat przyw\u00f3dcy Al-Kaidy: Nie uznajemy wyboru prezydenta Mursiego; wzywa do d\u017cihadu przeciwko \u017bydom"},"content":{"rendered":"<div class=\"bodytext c1\">\n<p><em>Poni\u017cej podajemy fragmenty programu telewizyjnego, w kt\u00f3rym wyst\u0105pi\u0142 egipski salafita Muhammad Al-Zawahiri, brat przyw\u00f3dcy Al-Kaidy. Program nada\u0142a CBC TV 4 pa\u017adziernika 2012 r.<\/em><\/p>\n<p><a href=\"http:\/\/www.memritv.org\/clip\/en\/3611.htm\"><em>Kliknij tutaj, \u017ceby zobaczy\u0107 to wideo w MEMRI TV.<\/em><\/a><\/p>\n<p><iframe loading=\"lazy\" height=\"485\" src=\"http:\/\/www.memritv.org\/player\/largePlayer.php?&#038;width=585&#038;height=485&#038;autoplay=0&#038;clipid=3611\" frameborder=\"0\" width=\"585\" allowtransparency=\"\" scrolling=\"no\"><\/iframe><\/p>\n<p><strong>Muhammad Al-Zawahiri<\/strong>: Nie nale\u017c\u0119 do Al-Kaidy ani \u017cadnej innej organizacji, ale m\u00f3wi\u0105c ideologicznie, zgadzam si\u0119 z wszystkimi tymi organizacjami, Naszym wsp\u00f3lnym mianownikiem jest islamski <em>szariat<\/em>.<\/p>\n<p><strong>Prezenter<\/strong>: Zgadza si\u0119 pan z ideologi\u0105 Al-Kaidy?<\/p>\n<p><strong>Muhammad Al-Zawahiri<\/strong>: Z ideologi\u0105, ale nie bior\u0119 udzia\u0142u w ich dzia\u0142alno\u015bci. Ludzie Al-Kaidy wyznaj\u0105 sunnick\u0105 ideologi\u0119.<\/p>\n<p><strong>Prezenter<\/strong>: Ale ta ideologia wyra\u017ca si\u0119 w dzia\u0142alno\u015bci, z kt\u00f3r\u0105 nie zgadza si\u0119 pan, jak pan m\u00f3wi. ..<\/p>\n<p><strong>Muhammad Al-Zawahiri<\/strong>: Nie powiedzia\u0142em, \u017ce si\u0119 z ni\u0105 nie zgadzam. Ani zgadzam si\u0119, ani nie zgadzam. M\u00f3wi\u0119, \u017ce nie jestem cz\u0142onkiem \u017cadnej organizacji, wi\u0119c prosz\u0119 mnie nie pyta\u0107 o rzeczy, kt\u00f3rych nie zrobi\u0142em.<\/p>\n<p>[&#8230;]<\/p>\n<p>Tak samo, jak Allah nakazuje nam modli\u0107 si\u0119 i i\u015b\u0107 na pielgrzymk\u0119 Had\u017c oraz trzyma\u0107 si\u0119 monoteizmu, nakazuje nam prowadzi\u0107 d\u017cihad i ustanowi\u0107 <em>szariat<\/em>. Chcemy w pe\u0142ni zaprowadzi\u0107 <em>szariat<\/em>, w [ramach] prawnych ogranicze\u0144. Nie zaprowadzimy czego\u015b, je\u015bli pora nie jest odpowiednia, je\u015bli doprowadzi to do niepo\u017c\u0105danych lub szkodliwych rezultat\u00f3w. Chcemy stosowa\u0107 nasz\u0105 religi\u0119 tak, jak jest ujawniona w <em>szariacie<\/em>.<\/p>\n<p>[&#8230;]<\/p>\n<p>Walka z Izraelem, walka z \u017bydami jest obowi\u0105zkiem religijnym spoczywaj\u0105cym na ka\u017cdym z nas. By\u0107 mo\u017ce z powodu okoliczno\u015bci \u2013 jego s\u0142abo\u015bci, jego interes\u00f3w \u2013 rz\u0105d egipski zignorowa\u0142 ten obowi\u0105zek religijny spoczywaj\u0105cy na nim. To jest obowi\u0105zek religijny spoczywaj\u0105cy na ka\u017cdym muzu\u0142maninie.<\/p>\n<p>[&#8230;]<\/p>\n<p><strong>Prezenter<\/strong>: Nadal nie rozumiem, jak patrzy pan na koncepcj\u0119 pa\u0144stwa: odrzuca pan demokracj\u0119, odrzuca pan wymiar s\u0105downictwa z powodu praw stworzonych przez cz\u0142owieka\u2026<\/p>\n<p><strong>Muhammad Al-Zawahiri<\/strong>: Nie musi pan wchodzi\u0107 w te szczeg\u00f3\u0142y \u2013 odrzucam wszystko, co jest sprzeczne z islamem. Zgadza si\u0119 pan z tym? Zgadzam si\u0119 te\u017c ze wszystkim, co jest do przyj\u0119cia przez prawo islamskie.<\/p>\n<p><strong>Prezenter<\/strong>: Czy uwa\u017ca pan, \u017ce wybory\u2026<\/p>\n<p><strong>Muhammad Al-Zawahiri<\/strong>: Wybory s\u0105 nielegalne.<\/p>\n<p><strong>Prezenter<\/strong>: Wybory s\u0105 sprzeczne z <em>szariatem<\/em>?<\/p>\n<p><strong>Muhammad Al-Zawahiri<\/strong>: S\u0105 na to dowody w <em>szariacie<\/em>.<\/p>\n<p><strong>Prezenter<\/strong>: A wi\u0119c uwa\u017ca pan, \u017ce wybory, kt\u00f3re si\u0119 odby\u0142y\u2026<\/p>\n<p><strong>Muhammad Al-Zawahiri<\/strong>: Tak powiedzieli Allah i Prorok Mahomet. Jestem got\u00f3w usi\u0105\u015b\u0107 i dyskutowa\u0107 o tym z ka\u017cdym, kto mo\u017ce dowie\u015b\u0107 co\u015b przeciwnego.<\/p>\n<p><strong>Prezenter<\/strong>: A wi\u0119c uwa\u017ca pan, \u017ce wybory naruszy\u0142y <em>szariat<\/em> i \u017ce nasze prawa stworzone przez cz\u0142owieka naruszaj\u0105 <em>szariat<\/em>\u2026<\/p>\n<p><strong>Muhammad Al-Zawahiri<\/strong>: Absolutnie i my\u015bl\u0119, \u017ce tak powinni uwa\u017ca\u0107 wszyscy muzu\u0142manie.<\/p>\n<p><strong>Prezenter<\/strong>: Tak\u017ce demokracja narusza <em>szariat<\/em>?<\/p>\n<p><strong>Muhammad Al-Zawahiri<\/strong>: Ka\u017cdy, kto m\u00f3wi inaczej, mo\u017ce przedstawi\u0107 dowody. Je\u015bli takie dowody istniej\u0105, wycofam to.<\/p>\n<p><strong>Prezenter<\/strong>: A wi\u0119c nie uznaje pan wyniku tych wybor\u00f3w?<\/p>\n<p><strong>Muhammad Al-Zawahiri<\/strong>: Absolutnie nie.<\/p>\n<p><strong>Prezenter<\/strong>: Nie uznaje pan prezydenta&#8230;<\/p>\n<p><strong>Muhammad Al-Zawahiri<\/strong>: Nie uznawa\u0142em poprzedniego prezydenta i nie uznaj\u0119 tego. Uznaj\u0119 rz\u0105dy islamskiego prawa religijnego.<\/p>\n<p>[&#8230;]<\/p>\n<p><img loading=\"lazy\" decoding=\"async\" border=\"0\" src=\"http:\/\/www.memri.org\/image\/13648.jpg\" width=\"363\" height=\"242\" \/><\/p>\n<p><img loading=\"lazy\" decoding=\"async\" border=\"0\" src=\"http:\/\/www.memri.org\/image\/13649.jpg\" width=\"364\" height=\"272\" \/><\/p>\n<p><img loading=\"lazy\" decoding=\"async\" border=\"0\" src=\"http:\/\/www.memri.org\/image\/13650.jpg\" width=\"362\" height=\"233\" \/><\/p>\n<\/div>\n","protected":false},"excerpt":{"rendered":"<p>Poni\u017cej podajemy fragmenty programu telewizyjnego, w kt\u00f3rym wyst\u0105pi\u0142 egipski salafita Muhammad Al-Zawahiri, brat przyw\u00f3dcy Al-Kaidy. Program nada\u0142a CBC TV 4 pa\u017adziernika 2012 r. Kliknij tutaj, \u017ceby zobaczy\u0107 to wideo w MEMRI TV. Muhammad Al-Zawahiri: Nie nale\u017c\u0119 do Al-Kaidy ani \u017cadnej innej organizacji, ale m\u00f3wi\u0105c ideologicznie, zgadzam si\u0119 z wszystkimi tymi organizacjami, Naszym wsp\u00f3lnym mianownikiem jest [&hellip;]<\/p>\n","protected":false},"author":1,"featured_media":0,"comment_status":"open","ping_status":"closed","sticky":false,"template":"","format":"standard","meta":{"footnotes":""},"categories":[824,832,835,836,837,863],"tags":[],"class_list":["post-2649","post","type-post","status-publish","format-standard","hentry","category-specjalne-komunikaty","category-projekt-badan-nad-dzihadem-i-terroryzmem","category-archiwum","category-tematy","category-kraje","category-egipt"],"_links":{"self":[{"href":"https:\/\/www2.memri.org\/polish\/wp-json\/wp\/v2\/posts\/2649","targetHints":{"allow":["GET"]}}],"collection":[{"href":"https:\/\/www2.memri.org\/polish\/wp-json\/wp\/v2\/posts"}],"about":[{"href":"https:\/\/www2.memri.org\/polish\/wp-json\/wp\/v2\/types\/post"}],"author":[{"embeddable":true,"href":"https:\/\/www2.memri.org\/polish\/wp-json\/wp\/v2\/users\/1"}],"replies":[{"embeddable":true,"href":"https:\/\/www2.memri.org\/polish\/wp-json\/wp\/v2\/comments?post=2649"}],"version-history":[{"count":0,"href":"https:\/\/www2.memri.org\/polish\/wp-json\/wp\/v2\/posts\/2649\/revisions"}],"wp:attachment":[{"href":"https:\/\/www2.memri.org\/polish\/wp-json\/wp\/v2\/media?parent=2649"}],"wp:term":[{"taxonomy":"category","embeddable":true,"href":"https:\/\/www2.memri.org\/polish\/wp-json\/wp\/v2\/categories?post=2649"},{"taxonomy":"post_tag","embeddable":true,"href":"https:\/\/www2.memri.org\/polish\/wp-json\/wp\/v2\/tags?post=2649"}],"curies":[{"name":"wp","href":"https:\/\/api.w.org\/{rel}","templated":true}]}}