{"id":2542,"date":"2012-08-17T00:00:00","date_gmt":"2012-08-17T00:00:00","guid":{"rendered":"http:\/\/www2.memri.org\/polaco\/kazanie-piatkowe-w-chartumie-planeta-jest-rozdzierana-i-stoja-za-tym-zydzi\/2542"},"modified":"2012-08-17T00:00:00","modified_gmt":"2012-08-17T00:00:00","slug":"kazanie-piatkowe-w-chartumie-planeta-jest-rozdzierana-i-stoja-za-tym-zydzi","status":"publish","type":"post","link":"https:\/\/www2.memri.org\/polish\/kazanie-piatkowe-w-chartumie-planeta-jest-rozdzierana-i-stoja-za-tym-zydzi\/2542","title":{"rendered":"Kazanie pi\u0105tkowe w Chartumie: Planeta jest rozdzierana i stoj\u0105 za tym \u017bydzi"},"content":{"rendered":"<div class=\"bodytext c3\">\n<p><em>Poni\u017cej podajemy fragmenty kazania pi\u0105tkowego w Chartumie, kt\u00f3re nada\u0142a Sudan TV 13 lipca 2012 r.<\/em><\/p>\n<p><iframe loading=\"lazy\" height=\"485\" src=\"http:\/\/www.memritv.org\/player\/largePlayer.php?&#038;width=585&#038;height=485&#038;autoplay=0&#038;clipid=3511\" frameborder=\"0\" width=\"585\" allowtransparency=\"\" scrolling=\"no\"><\/iframe><\/p>\n<p><strong>Kaznodzieja<\/strong>: Najgorsz\u0105 rzecz\u0105 jest, kiedy spo\u0142ecze\u0144stwa s\u0105 rozdzierane. Wszyscy widzimy w telewizji, jak planeta jest rozdzierana. Stoj\u0105 za tym \u017bydzi. \u201eZa ka\u017cdym razem, kiedy rozpalaj\u0105 p\u0142omie\u0144 wojny, Allah go gasi\u201d.<\/p>\n<p>[&#8230;]<\/p>\n<p>Przeczytajcie, co dzieje si\u0119 w USA i na Zachodzie. Najbardziej zat\u0142oczonymi szpitalami s\u0105 szpitale psychiatryczne i neurologiczne, poniewa\u017c nie wierz\u0105 w Dzie\u0144 S\u0105du Ostatecznego.<\/p>\n<p>Wierz\u0105 w ziemskie sprawy. Ale kiedy gie\u0142da spad\u0142a, to samo sta\u0142o si\u0119 z nieruchomo\u015bciami.<\/p>\n<p>Filozofowie ekonomii nie potrafili znale\u017a\u0107 alternatywy. Ludzie zacz\u0119li zjada\u0107 si\u0119 wzajemnie. Dotkn\u0119\u0142y ich zaburzenia mentalne i neurologiczne. [\u2026]<\/p>\n<p><img loading=\"lazy\" decoding=\"async\" class=\"c1\" border=\"0\" src=\"http:\/\/www.memri.org\/image\/12798.JPG\" width=\"333\" height=\"255\" \/><\/p>\n<p><img loading=\"lazy\" decoding=\"async\" class=\"c2\" border=\"0\" src=\"http:\/\/www.memri.org\/image\/12799.JPG\" width=\"291\" height=\"258\" \/><\/p>\n<\/div>\n","protected":false},"excerpt":{"rendered":"<p>Poni\u017cej podajemy fragmenty kazania pi\u0105tkowego w Chartumie, kt\u00f3re nada\u0142a Sudan TV 13 lipca 2012 r. Kaznodzieja: Najgorsz\u0105 rzecz\u0105 jest, kiedy spo\u0142ecze\u0144stwa s\u0105 rozdzierane. Wszyscy widzimy w telewizji, jak planeta jest rozdzierana. Stoj\u0105 za tym \u017bydzi. \u201eZa ka\u017cdym razem, kiedy rozpalaj\u0105 p\u0142omie\u0144 wojny, Allah go gasi\u201d. [&#8230;] Przeczytajcie, co dzieje si\u0119 w USA i na Zachodzie. [&hellip;]<\/p>\n","protected":false},"author":1,"featured_media":0,"comment_status":"open","ping_status":"closed","sticky":false,"template":"","format":"standard","meta":{"footnotes":""},"categories":[824,831,835,836],"tags":[],"class_list":["post-2542","post","type-post","status-publish","format-standard","hentry","category-specjalne-komunikaty","category-projekt-dokumentacji-antysemityzmu","category-archiwum","category-tematy"],"_links":{"self":[{"href":"https:\/\/www2.memri.org\/polish\/wp-json\/wp\/v2\/posts\/2542","targetHints":{"allow":["GET"]}}],"collection":[{"href":"https:\/\/www2.memri.org\/polish\/wp-json\/wp\/v2\/posts"}],"about":[{"href":"https:\/\/www2.memri.org\/polish\/wp-json\/wp\/v2\/types\/post"}],"author":[{"embeddable":true,"href":"https:\/\/www2.memri.org\/polish\/wp-json\/wp\/v2\/users\/1"}],"replies":[{"embeddable":true,"href":"https:\/\/www2.memri.org\/polish\/wp-json\/wp\/v2\/comments?post=2542"}],"version-history":[{"count":0,"href":"https:\/\/www2.memri.org\/polish\/wp-json\/wp\/v2\/posts\/2542\/revisions"}],"wp:attachment":[{"href":"https:\/\/www2.memri.org\/polish\/wp-json\/wp\/v2\/media?parent=2542"}],"wp:term":[{"taxonomy":"category","embeddable":true,"href":"https:\/\/www2.memri.org\/polish\/wp-json\/wp\/v2\/categories?post=2542"},{"taxonomy":"post_tag","embeddable":true,"href":"https:\/\/www2.memri.org\/polish\/wp-json\/wp\/v2\/tags?post=2542"}],"curies":[{"name":"wp","href":"https:\/\/api.w.org\/{rel}","templated":true}]}}