{"id":2355,"date":"2012-04-20T00:00:00","date_gmt":"2012-04-20T00:00:00","guid":{"rendered":"http:\/\/www2.memri.org\/polaco\/pojazdy-onz-u-uczestnicza-w-paradzie-z-okazji-dnia-armii-w-iranie\/2355"},"modified":"2012-04-20T00:00:00","modified_gmt":"2012-04-20T00:00:00","slug":"pojazdy-onz-u-uczestnicza-w-paradzie-z-okazji-dnia-armii-w-iranie","status":"publish","type":"post","link":"https:\/\/www2.memri.org\/polish\/pojazdy-onz-u-uczestnicza-w-paradzie-z-okazji-dnia-armii-w-iranie\/2355","title":{"rendered":"Pojazdy ONZ-u uczestnicz\u0105 w paradzie z okazji Dnia Armii w Iranie"},"content":{"rendered":"<div class=\"bodytext c3\">\n<p><em>Ponizej podajemy fragment reporta\u017cu IRINN TV o paradzie z okazji Dnia Amii Iranu, nadanego 17 kwietnia 2012 r.<\/em><\/p>\n<p><iframe loading=\"lazy\" height=\"485\" src=\"http:\/\/www.memritv.org\/player\/largePlayer.php?&#038;width=585&#038;height=485&#038;autoplay=0&#038;clipid=3406\" frameborder=\"0\" width=\"585\" allowtransparency=\"\" scrolling=\"no\"><\/iframe><\/p>\n<p><strong>Reporter<\/strong>: Widzimy parad\u0119 pojazd\u00f3w i sprz\u0119tu armii.<\/p>\n<p>Obecnie przeje\u017cd\u017ca pocisk przeciwczo\u0142gowy.<\/p>\n<p><strong>Spiker<\/strong>: To s\u0105 samochody Mercedes-Benz&#8230; To s\u0105 toyoty ONZ-u. Te toyoty nale\u017c\u0105 do 16 batalionu pancernego ONZ-u. Zajmuj\u0105 si\u0119 utrzymywaniem pokoju w ca\u0142ym regionie&#8230;.<\/p>\n<p><strong>Reporter<\/strong>: Te pojazdy s\u0105 u\u017cywane do utrzymywania pokoju. Nale\u017c\u0105 do ONZ-u. Przeje\u017cd\u017caj\u0105 w Dniu Armii Islamskiej Republiki Iranu.<\/p>\n<p><strong>Spiker<\/strong>: &#8230; Maj\u0105 wielk\u0105 zdolno\u015b\u0107 poruszania si\u0119 na polu bitwy i wielkie mo\u017cliwo\u015bci manewrowe.<\/p>\n<p>Teraz widzimy przeje\u017cd\u017caj\u0105ce ci\u0119\u017car\u00f3wki Benz 2631 ONZ-u.<\/p>\n<p>[&#8230;]<\/p>\n<p><img loading=\"lazy\" decoding=\"async\" border=\"0\" src=\"http:\/\/www.memri.org\/image\/11535.JPG\" width=\"363\" height=\"258\" \/><\/p>\n<p><img loading=\"lazy\" decoding=\"async\" border=\"0\" src=\"http:\/\/www.memri.org\/image\/11536.JPG\" width=\"371\" height=\"259\" \/><\/p>\n<p><img loading=\"lazy\" decoding=\"async\" class=\"c1\" border=\"0\" src=\"http:\/\/www.memri.org\/image\/11542.JPG\" width=\"334\" height=\"255\" \/><\/p>\n<p><img loading=\"lazy\" decoding=\"async\" class=\"c2\" border=\"0\" src=\"http:\/\/www.memri.org\/image\/11538.JPG\" width=\"399\" height=\"248\" \/><\/p>\n<\/div>\n","protected":false},"excerpt":{"rendered":"<p>Ponizej podajemy fragment reporta\u017cu IRINN TV o paradzie z okazji Dnia Amii Iranu, nadanego 17 kwietnia 2012 r. Reporter: Widzimy parad\u0119 pojazd\u00f3w i sprz\u0119tu armii. Obecnie przeje\u017cd\u017ca pocisk przeciwczo\u0142gowy. Spiker: To s\u0105 samochody Mercedes-Benz&#8230; To s\u0105 toyoty ONZ-u. Te toyoty nale\u017c\u0105 do 16 batalionu pancernego ONZ-u. Zajmuj\u0105 si\u0119 utrzymywaniem pokoju w ca\u0142ym regionie&#8230;. Reporter: Te [&hellip;]<\/p>\n","protected":false},"author":1,"featured_media":0,"comment_status":"open","ping_status":"closed","sticky":false,"template":"","format":"standard","meta":{"footnotes":""},"categories":[824,827,835,837],"tags":[],"class_list":["post-2355","post","type-post","status-publish","format-standard","hentry","category-specjalne-komunikaty","category-iran","category-archiwum","category-kraje"],"_links":{"self":[{"href":"https:\/\/www2.memri.org\/polish\/wp-json\/wp\/v2\/posts\/2355","targetHints":{"allow":["GET"]}}],"collection":[{"href":"https:\/\/www2.memri.org\/polish\/wp-json\/wp\/v2\/posts"}],"about":[{"href":"https:\/\/www2.memri.org\/polish\/wp-json\/wp\/v2\/types\/post"}],"author":[{"embeddable":true,"href":"https:\/\/www2.memri.org\/polish\/wp-json\/wp\/v2\/users\/1"}],"replies":[{"embeddable":true,"href":"https:\/\/www2.memri.org\/polish\/wp-json\/wp\/v2\/comments?post=2355"}],"version-history":[{"count":0,"href":"https:\/\/www2.memri.org\/polish\/wp-json\/wp\/v2\/posts\/2355\/revisions"}],"wp:attachment":[{"href":"https:\/\/www2.memri.org\/polish\/wp-json\/wp\/v2\/media?parent=2355"}],"wp:term":[{"taxonomy":"category","embeddable":true,"href":"https:\/\/www2.memri.org\/polish\/wp-json\/wp\/v2\/categories?post=2355"},{"taxonomy":"post_tag","embeddable":true,"href":"https:\/\/www2.memri.org\/polish\/wp-json\/wp\/v2\/tags?post=2355"}],"curies":[{"name":"wp","href":"https:\/\/api.w.org\/{rel}","templated":true}]}}