{"id":23020,"date":"2025-06-10T22:13:33","date_gmt":"2025-06-10T20:13:33","guid":{"rendered":"https:\/\/www2.memri.org\/polish\/?p=23020"},"modified":"2025-06-11T22:14:33","modified_gmt":"2025-06-11T20:14:33","slug":"artykul-w-katarskiej-gazecie-rzadowej-muhammad-sinwar-byl-wielkim-i-odwaznym-wojownikiem-wystarczy-ze-byl-organizatorem-7-pazdziernika","status":"publish","type":"post","link":"https:\/\/www2.memri.org\/polish\/artykul-w-katarskiej-gazecie-rzadowej-muhammad-sinwar-byl-wielkim-i-odwaznym-wojownikiem-wystarczy-ze-byl-organizatorem-7-pazdziernika\/23020","title":{"rendered":"Artyku\u0142 w katarskiej gazecie rz\u0105dowej: Muhammad Sinwar by\u0142 wielkim i odwa\u017cnym wojownikiem \u2013 wystarczy, \u017ce by\u0142 \u201eorganizatorem\u201d 7 pa\u017adziernika"},"content":{"rendered":"<p><em>Katarska prasa rz\u0105dowa nadal deklaruje pe\u0142ne poparcie dla Hamasu i jego dzia\u0142a\u0144 terrorystycznych przeciwko Izraelowi, zw\u0142aszcza dla ataku na Izrael z 7 pa\u017adziernika 2023 r., w kt\u00f3rym zamordowano oko\u0142o 1200 os\u00f3b, a 251 wzi\u0119to jako zak\u0142adnik\u00f3w. Takie podej\u015bcie jest zgodne z bezwarunkowym poparciem Kataru dla jego protegowanego Hamasu.\u00a0<\/em><a href=\"https:\/\/www.memri.org\/reports\/article-qatari-government-daily-muhammad-sinwar-was-great-and-daring-fighter-%E2%80%93-it-enough-he#_edn1\"><strong><em>[1]<\/em><\/strong><\/a><\/p>\n<p><em>Jednym z wyraz\u00f3w tego wsparcia by\u0142 artyku\u0142 opublikowany 8 czerwca 2025 r. przez rz\u0105dow\u0105 gazet\u0119 \u201eAl-Raya\u201d w Katarze. W nim znany autor Babiker Issa\u00a0<\/em><a href=\"https:\/\/www.memri.org\/reports\/article-qatari-government-daily-muhammad-sinwar-was-great-and-daring-fighter-%E2%80%93-it-enough-he#_edn2\"><strong><em>[2]<\/em><\/strong><\/a><em>\u00a0pochwali\u0142 Muhammada Sinwara, wysokiego rang\u0105 funkcjonariusza skrzyd\u0142a wojskowego Hamasu, Brygad 'Izz Ad-\u200bDin Al-Kassam i jednego z planist\u00f3w ataku z 7 pa\u017adziernika. Sinwar, zabity niedawno w Strefie Gazy, by\u0142 bratem przyw\u00f3dcy Hamasu Jahji Sinwara, kt\u00f3ry zgin\u0105\u0142 w pa\u017adzierniku 2024 r.<\/em><\/p>\n<p><em>Pod nag\u0142\u00f3wkiem \u201eSinwar \u2013 ikona palesty\u0144skiego oporu\u201d Issa nazwa\u0142 Muhammada Sinwara \u201eodwa\u017cnym wojakiem\u201d i \u201ehonorowym i wielkim wojownikiem\u201d. Nast\u0119pnie opisa\u0142 go jako \u201eikon\u0119 walki narodowej na ziemi palesty\u0144skiej i w Strefie Gazy\u201d oraz jako \u201eplanist\u0119 i organizatora \u2013 wraz ze swoimi towarzyszami bojownikami \u2013 operacji Potop Al-Aksa z 7 pa\u017adziernika 2023 r.\u2026 kt\u00f3ra przywr\u00f3ci\u0142a sprawie palesty\u0144skiej jej blask i chwa\u0142\u0119\u201d.<\/em><\/p>\n<p><em>W artykule Issa r\u00f3wnie\u017c umie\u015bci\u0142 Muhammada Sinwara obok wybitnych postaci historycznych, takich jak prorok Mahomet i Jezus Chrystus, bojownik\u00f3w o wolno\u015b\u0107, takich jak Mahatma Ghandi, Martin Luther King i Nelson Mandela, oraz przyw\u00f3dc\u00f3w OWP, takich jak Jaser Arafat i jego zast\u0119pca Abu D\u017cihad, kt\u00f3ry sta\u0142 na czele zbrojnego skrzyd\u0142a Fatahu i by\u0142 odpowiedzialny za zamordowanie kilkudziesi\u0119ciu Izraelczyk\u00f3w w licznych atakach terrorystycznych w latach 70. i 80.<\/em><\/p>\n<figure id=\"attachment_23021\" aria-describedby=\"caption-attachment-23021\" style=\"width: 499px\" class=\"wp-caption aligncenter\"><img loading=\"lazy\" decoding=\"async\" class=\"size-full wp-image-23021\" src=\"https:\/\/www2.memri.org\/polish\/wp-content\/uploads\/2025\/06\/Picture3.png\" alt=\"Muhammad Sinwar (\u0179r\u00f3d\u0142o: Yaffaps.com, 25 maja 2025)\" width=\"499\" height=\"355\" srcset=\"https:\/\/www2.memri.org\/polish\/wp-content\/uploads\/2025\/06\/Picture3.png 499w, https:\/\/www2.memri.org\/polish\/wp-content\/uploads\/2025\/06\/Picture3-300x213.png 300w, https:\/\/www2.memri.org\/polish\/wp-content\/uploads\/2025\/06\/Picture3-100x70.png 100w\" sizes=\"auto, (max-width: 499px) 100vw, 499px\" \/><figcaption id=\"caption-attachment-23021\" class=\"wp-caption-text\">Muhammad Sinwar (\u0179r\u00f3d\u0142o: Yaffaps.com, 25 maja 2025)<\/figcaption><\/figure>\n<p><em>Poni\u017cej znajduj\u0105 si\u0119 fragmenty artyku\u0142u Babikera Issy z 8 czerwca 2025 r. opublikowanego w rz\u0105dowej gazecie Kataru \u201eAl-Raya\u201d:<\/em><\/p>\n<p>Rozpoczynaj\u0105c artyku\u0142 od obszernej listy wybitnych postaci, kt\u00f3re zmieni\u0142y histori\u0119, od Jezusa i proroka Mahometa po XX wiek, oraz \u201ewielkich i honorowych wojownik\u00f3w\u201d, takich jak Martin Luther King, Nelson Mandela i inni, Issa kontynuowa\u0142: \u201e&#8230;Tym, co doprowadzi\u0142o mnie do biografii tych szanowanych wojownik\u00f3w, kt\u00f3rzy po\u015bwi\u0119cili najlepsze chwile swojego \u017cycia dla dobra swojego kraju, jest historia odwa\u017cnego wojownika Muhammada Sinwara (1975-2025), w kt\u00f3rym widz\u0119, wed\u0142ug ka\u017cdego kryterium, ikon\u0119 narodowej walki na wznios\u0142ej ziemi Palestyny \u200b\u200bi w niez\u0142omnej Strefie Gazy.<\/p>\n<p>Wystarczy, \u017ce ten wielki i honorowy wojownik by\u0142 planist\u0105 i organizatorem \u2013 wraz ze swoimi towarzyszami, bojownikami \u2013 operacji Potop Al-Aksa 7 pa\u017adziernika 2023 r., kt\u00f3ra przywr\u00f3ci\u0142a \u015bwiatu utracony i skradziony rozs\u0105dek, a sprawie palesty\u0144skiej przywr\u00f3ci\u0142a blask i chwa\u0142\u0119, kt\u00f3re zosta\u0142y jej skradzione. Sta\u0142o si\u0119 tak pomimo nadmiernych po\u015bwi\u0119ce\u0144 [kt\u00f3re by\u0142y wynikiem operacji] i pr\u00f3b wygnania i wymazania [Palesty\u0144czyk\u00f3w] z ludzkiej egzystencji.<\/p>\n<p>Kiedy my\u015bl\u0119 o [Muhammadzie] Sinwarze, kt\u00f3ry przera\u017ca\u0142 swoich kat\u00f3w [tj. Izraelczyk\u00f3w] nawet po swojej \u015bmierci, my\u015bl\u0119 o zmar\u0142ym przyw\u00f3dcy: Jaserze Arafacie (1929-2004), symbolu narodowym i charyzmatycznej postaci, kt\u00f3ry \u0142\u0105czy\u0142 dzia\u0142alno\u015b\u0107 dyplomatyczn\u0105 z walk\u0105 zbrojn\u0105, i o jego szcz\u0119\u015bliwych towarzyszach, z kt\u00f3rych kilku mia\u0142em okazj\u0119 spotka\u0107. Przypominam sobie George&#8217;a Habasza (1926-2008), za\u0142o\u017cyciela Frontu Ludowego [Wyzwolenia Palestyny], znanego r\u00f3wnie\u017c jako \u201edoktor\u201d, jednego z najbardziej wp\u0142ywowych przyw\u00f3dc\u00f3w palesty\u0144skiej my\u015bli rewolucyjnej. [Przypominam sobie] bojownika Chalila Al-Wazira (Abu D\u017cihad, 1935-1988), architekta pierwszej intifady, kt\u00f3ry zosta\u0142 zabity przez Mossad w Tunezji. [Przypominam sobie] bojownika Salaha Chalafa Abu Ijada (1933-1991), jednego z najwybitniejszych przyw\u00f3dc\u00f3w Fatahu i przyw\u00f3dc\u0119 bezpiecze\u0144stwa wewn\u0119trznego w OWP&#8230;&#8221;\u00a0<a href=\"https:\/\/www.memri.org\/reports\/article-qatari-government-daily-muhammad-sinwar-was-great-and-daring-fighter-%E2%80%93-it-enough-he#_edn3\">[3]<\/a><\/p>\n<hr \/>\n<p><a name=\"_edn1\"><\/a><a href=\"https:\/\/www.memri.org\/reports\/article-qatari-government-daily-muhammad-sinwar-was-great-and-daring-fighter-%E2%80%93-it-enough-he#_ednref1\">[1]<\/a>\u00a0See MEMRI Special Dispatch No. 11611,\u00a0<a href=\"https:\/\/www.memri.org\/reports\/memri-archives-hamas-october-7-attack-israel-qatars-unreserved-support-hamas-incitement\">FROM THE MEMRI ARCHIVES: Since Hamas&#8217; October 7 Attack On Israel, Qatar&#8217;s Unreserved Support For Hamas, Incitement Against Israel, Continues On The Political, Media, Educational And Religious Levels<\/a>, May 20, 2025; and MEMRI Special Dispatch No. 11793,\u00a0<a href=\"https:\/\/www.memri.org\/reports\/qatari-government-media-gaza-ceasefire-crushing-historic-victory-hamas-and-significant\">Qatari Government Media On Gaza Ceasefire: A 'Crushing Historic Victory&#8217; For Hamas And A 'Significant Defeat&#8217; For Israel; The Deal Is Like The Treaty Of Hudaybiyyah; The Resistance Will Continue In Additional Rounds Of Fighting<\/a>, January 23, 2025.<\/p>\n<p><a name=\"_edn2\"><\/a><a href=\"https:\/\/www.memri.org\/reports\/article-qatari-government-daily-muhammad-sinwar-was-great-and-daring-fighter-%E2%80%93-it-enough-he#_ednref2\">[2]<\/a>\u00a0Babiker Issa ran the editorial department of the Qatari\u00a0<em>Al-Raya<\/em>\u00a0government daily for 30 years.<\/p>\n<p><a name=\"_edn3\"><\/a><a href=\"https:\/\/www.memri.org\/reports\/article-qatari-government-daily-muhammad-sinwar-was-great-and-daring-fighter-%E2%80%93-it-enough-he#_ednref3\">[3]<\/a>\u00a0<em>Al-Raya<\/em>\u00a0(Qatar), June 8, 2025.<\/p>\n","protected":false},"excerpt":{"rendered":"<p>Katarska prasa rz\u0105dowa nadal deklaruje pe\u0142ne poparcie dla Hamasu i jego dzia\u0142a\u0144 terrorystycznych przeciwko Izraelowi, zw\u0142aszcza dla ataku na Izrael z 7 pa\u017adziernika 2023 r., w kt\u00f3rym zamordowano oko\u0142o 1200 os\u00f3b, a 251 wzi\u0119to jako zak\u0142adnik\u00f3w. Takie podej\u015bcie jest zgodne z bezwarunkowym poparciem Kataru dla jego protegowanego Hamasu.\u00a0[1] Jednym z wyraz\u00f3w tego wsparcia by\u0142 artyku\u0142 [&hellip;]<\/p>\n","protected":false},"author":1,"featured_media":23021,"comment_status":"closed","ping_status":"closed","sticky":false,"template":"","format":"standard","meta":{"footnotes":""},"categories":[824,828,835,837,840],"tags":[],"class_list":["post-23020","post","type-post","status-publish","format-standard","has-post-thumbnail","hentry","category-specjalne-komunikaty","category-autonomia-palestynska","category-archiwum","category-kraje","category-zatoka-perska"],"_links":{"self":[{"href":"https:\/\/www2.memri.org\/polish\/wp-json\/wp\/v2\/posts\/23020","targetHints":{"allow":["GET"]}}],"collection":[{"href":"https:\/\/www2.memri.org\/polish\/wp-json\/wp\/v2\/posts"}],"about":[{"href":"https:\/\/www2.memri.org\/polish\/wp-json\/wp\/v2\/types\/post"}],"author":[{"embeddable":true,"href":"https:\/\/www2.memri.org\/polish\/wp-json\/wp\/v2\/users\/1"}],"replies":[{"embeddable":true,"href":"https:\/\/www2.memri.org\/polish\/wp-json\/wp\/v2\/comments?post=23020"}],"version-history":[{"count":1,"href":"https:\/\/www2.memri.org\/polish\/wp-json\/wp\/v2\/posts\/23020\/revisions"}],"predecessor-version":[{"id":23022,"href":"https:\/\/www2.memri.org\/polish\/wp-json\/wp\/v2\/posts\/23020\/revisions\/23022"}],"wp:featuredmedia":[{"embeddable":true,"href":"https:\/\/www2.memri.org\/polish\/wp-json\/wp\/v2\/media\/23021"}],"wp:attachment":[{"href":"https:\/\/www2.memri.org\/polish\/wp-json\/wp\/v2\/media?parent=23020"}],"wp:term":[{"taxonomy":"category","embeddable":true,"href":"https:\/\/www2.memri.org\/polish\/wp-json\/wp\/v2\/categories?post=23020"},{"taxonomy":"post_tag","embeddable":true,"href":"https:\/\/www2.memri.org\/polish\/wp-json\/wp\/v2\/tags?post=23020"}],"curies":[{"name":"wp","href":"https:\/\/api.w.org\/{rel}","templated":true}]}}