{"id":2280,"date":"2012-03-19T00:00:00","date_gmt":"2012-03-19T00:00:00","guid":{"rendered":"http:\/\/www2.memri.org\/polaco\/artykul-brytyjskiego-muzulmanina-z-okazji-dnia-pamieci-holocaustu-w-wielkiej-brytanii-wstydze-sie-za-postawy-muzulmanow-wobec-holocaustu\/2280"},"modified":"2012-03-19T00:00:00","modified_gmt":"2012-03-19T00:00:00","slug":"artykul-brytyjskiego-muzulmanina-z-okazji-dnia-pamieci-holocaustu-w-wielkiej-brytanii-wstydze-sie-za-postawy-muzulmanow-wobec-holocaustu","status":"publish","type":"post","link":"https:\/\/www2.memri.org\/polish\/artykul-brytyjskiego-muzulmanina-z-okazji-dnia-pamieci-holocaustu-w-wielkiej-brytanii-wstydze-sie-za-postawy-muzulmanow-wobec-holocaustu\/2280","title":{"rendered":"Artyku\u0142 brytyjskiego muzu\u0142manina z okazji Dnia Pami\u0119ci Holocaustu w Wielkiej Brytanii: \u201cWstydz\u0119 si\u0119 za postawy muzu\u0142man\u00f3w wobec Holocaustu\u201d"},"content":{"rendered":"<div class=\"bodytext c2\">\n<p><em>15 lutego 2012 r., w Dniu Pami\u0119ci Holocaustu w Wielkiej Brytanii, arabski libera\u0142 Mehdi Hassan, mieszkaj\u0105cy w Wielkiej Brytanii, opublikowa\u0142 artyku\u0142 zatytu\u0142owany \u201eWstydz\u0119 si\u0119 za postawy muzu\u0142man\u00f3w wobec Holocaustu\u201d. Powiedzia\u0142 w nim, \u017ce wstydzi si\u0119 za negowanie Holocaustu przez wielu jego wsp\u00f3\u0142wyznawc\u00f3w i podkre\u015bli\u0142, \u017ce \u201ebrytyjska spo\u0142eczno\u015b\u0107 muzu\u0142ma\u0144ska musi uczyni\u0107 znacznie wi\u0119cej, by pami\u0119ta\u0107 Holocaust\u201d.<\/em><\/p>\n<p><em>Poni\u017cej podajemy jego artyku\u0142<a href=\"#_edn1\" name=\"_ednref1\"><strong>[1]<\/strong><\/a><\/em> <em>:<\/em><\/p>\n<p><img loading=\"lazy\" decoding=\"async\" border=\"0\" src=\"http:\/\/www.memri.org\/image\/10906.jpg\" width=\"314\" height=\"200\" \/><\/p>\n<p><strong>&#8222;Postawa wielu moich koleg\u00f3w muzu\u0142man\u00f3w wobec Holocaustu jest \u017ar\u00f3d\u0142em wielkiego wstydu dla mnie\u201d<\/strong><\/p>\n<p>Dzisiaj, dwunasty rok z rz\u0119du, Zjednoczone Kr\u00f3lestwo obchodzi Dzie\u0144 Pami\u0119ci Holocaustu. Data ta upami\u0119tnia wyzwolenie Auschwitz 27 stycznia 1945 r.<\/p>\n<p>Boli mnie przyznanie tego, ale postawa wielu moich koleg\u00f3w muzu\u0142man\u00f3w wobec Holocaustu jest \u017ar\u00f3d\u0142em wielkiego wstydu dla mnie. Na Bliskim Wschodzie huczy od negacji Holocaustu, od prezydenta Iranu [Mahmouda Ahmadine\u017cada] do taks\u00f3wkarzy w Kairze. W kraju postawy brytyjskich muzu\u0142man\u00f3w definiuje nie tylko negacja, ale oboj\u0119tno\u015b\u0107.<\/p>\n<p>Niewielu muzu\u0142man\u00f3w i niewiele meczet\u00f3w uczestniczy w tym dniu pami\u0119ci. W 2006 r. sonda\u017c Channel 4 stwierdzi\u0107, \u017ce jedna czwarta muzu\u0142man\u00f3w brytyjskich nie wiedzia\u0142a, czym by\u0142 Holocaust, a tylko jeden na trzech wierzy\u0142, \u017ce istotnie mia\u0142 miejsce. To jest skandaliczne. Jak mo\u017cemy twierdzi\u0107, \u017ce jeste\u015bmy dumnymi, zintegrowanymi muzu\u0142manami europejskimi, je\u015bli ignorujemy tak znacz\u0105cy moment w historii tego kontynentu?<\/p>\n<p>My, muzu\u0142manie brytyjscy, wolimy p\u0142awi\u0107 si\u0119 w zast\u0119pczym poczuwaniu si\u0119 do bycia ofiarami. Licz\u0105 si\u0119 tylko \u201enasze\u201d tragedie: Palestyna, Irak, Afganistan, Kaszmir, Czeczenia przywo\u0142ywane s\u0105 nieustannie. \u017badne z nich jednak nie przewy\u017csza barbarzy\u0144stwem Holocaustu. Ludob\u00f3jstwa [dokonanego] przez nazist\u00f3w nie mo\u017cna relatywizowa\u0107 lub uog\u00f3lnia\u0107. To by\u0142 bezprecedensowy akt przemys\u0142owej rzezi, wyj\u0105tkowo koszmarna zbrodnia przeciwko ludzko\u015bci.<\/p>\n<p><strong>&#8222;Muzu\u0142ma\u0144ska Rada Brytanii podj\u0119\u0142a moralnie ohydn\u0105 (i strategicznie g\u0142upi\u0105) decyzj\u0119 bojkotowania tego dnia\u2026 Cierpienie palesty\u0144skie nie zostaje zmniejszone przez umniejszanie masowego mordu na \u017bydach Europy\u201d<\/strong><\/p>\n<p>Niemniej w latach 2001 do 2007 Muzu\u0142ma\u0144ska Rada Brytanii podj\u0119\u0142a moralnie ohydn\u0105 (i strategicznie g\u0142upi\u0105) decyzj\u0119 bojkotowania tego dnia, cynicznie nalegaj\u0105c, by zosta\u0142 przemianowany na \u201eDzie\u0144 Pami\u0119ci Ludob\u00f3jstwa\u201d. W 2008 r. zarzucono bojkot, ale podj\u0119to go znowu w 2009 r., po ataku Izraela na Gaz\u0119. Nie ust\u0119puj\u0119 nikomu w poparciu sprawy palesty\u0144skiej. Ale zaprzeczanie lub ignorowanie Holocaustu nie czyni niczego, by poprze\u0107 t\u0119 spraw\u0119. Cierpienie palesty\u0144skie nie zostaje zmniejszone przez umniejszanie masowego mordu na \u017bydach Europy.<\/p>\n<p>Przez przy\u0142\u0105czenie si\u0119 do wydarze\u0144 tego dnia muzu\u0142manie brytyjscy mog\u0105 na\u015bladowa\u0107 naszego Proroka Mahometa, kt\u00f3ry kiedy\u015b zobaczy\u0142 przechodz\u0105cy \u017cydowski orszak pogrzebowy i wsta\u0142 na znak respektu. Jego towarzysze zapytali go, dlaczego wsta\u0142 dla zmar\u0142ego \u017byda. \u201eCzy nie jest on cz\u0142owiekiem?\u201d odpowiedzia\u0142 Prorok.<\/p>\n<p><strong>&#8222;Ca\u0142a spo\u0142eczno\u015b\u0107 brytyjskich muzu\u0142man\u00f3w musi uczyni\u0107 du\u017co wi\u0119cej, \u017ceby pami\u0119ta\u0107 Holocaust\u2026 \u201eKa\u017cdy cz\u0142owiek jest twoim bratem\u201d- powiedzia\u0142 kiedy\u015b wielki muzu\u0142ma\u0144ski kalif Ali ibn Abu Talib&#8221;<\/strong><\/p>\n<p>Islam nie jest wiar\u0105 wy\u0142\u0105czaj\u0105c\u0105 ani separatystyczn\u0105. Na szcz\u0119\u015bcie od 2010 r. rada zarzuci\u0142a ten bojkot. Ale ca\u0142a spo\u0142eczno\u015b\u0107 brytyjskich muzu\u0142man\u00f3w musi uczyni\u0107 znacznie wi\u0119cej, \u017ceby pami\u0119ta\u0107 Holocaust \u2013 albo przez goszczenie wydarze\u0144 w naszych meczetach, albo przez wysy\u0142anie naszych dzieci, \u017ceby zobaczy\u0142y Auschwitz.<\/p>\n<p>\u201cKa\u017cdy cz\u0142owiek jest twoim bratem\u201d \u2013 powiedzia\u0142 kiedy\u015b wielki kalif muzu\u0142ma\u0144ski Ali ibn Abu Talib. \u201eJest albo twoim bratem w wierze, albo twoim bratem w cz\u0142owiecze\u0144stwie\u201d. W Dniu Pami\u0119ci Holocaustu sta\u0144my r\u0119ka w r\u0119k\u0119 z naszymi \u017cydowskimi bra\u0107mi i razem op\u0142akujmy \u015bmier\u0107 sze\u015bciu milion\u00f3w niewinnych dusz.<\/p>\n<p><\/p>\n<hr class=\"c1\" size=\"1\" width=\"33%\" \/>\n<p><a href=\"#_ednref1\" name=\"_edn1\">[1]<\/a> Aafaq.org\/english, 15 lutego 2012. Artyku\u0142 uprzednio ukaza\u0142 si\u0119 w \u201eThe Times of London\u201d<em>.<\/em> Orygina\u0142 angielski zosta\u0142 nieznacznie zredagowany dla wi\u0119kszej jasno\u015bci.<\/p>\n<\/div>\n","protected":false},"excerpt":{"rendered":"<p>15 lutego 2012 r., w Dniu Pami\u0119ci Holocaustu w Wielkiej Brytanii, arabski libera\u0142 Mehdi Hassan, mieszkaj\u0105cy w Wielkiej Brytanii, opublikowa\u0142 artyku\u0142 zatytu\u0142owany \u201eWstydz\u0119 si\u0119 za postawy muzu\u0142man\u00f3w wobec Holocaustu\u201d. Powiedzia\u0142 w nim, \u017ce wstydzi si\u0119 za negowanie Holocaustu przez wielu jego wsp\u00f3\u0142wyznawc\u00f3w i podkre\u015bli\u0142, \u017ce \u201ebrytyjska spo\u0142eczno\u015b\u0107 muzu\u0142ma\u0144ska musi uczyni\u0107 znacznie wi\u0119cej, by pami\u0119ta\u0107 Holocaust\u201d. [&hellip;]<\/p>\n","protected":false},"author":1,"featured_media":0,"comment_status":"open","ping_status":"closed","sticky":false,"template":"","format":"standard","meta":{"footnotes":""},"categories":[824,831,835,836],"tags":[],"class_list":["post-2280","post","type-post","status-publish","format-standard","hentry","category-specjalne-komunikaty","category-projekt-dokumentacji-antysemityzmu","category-archiwum","category-tematy"],"_links":{"self":[{"href":"https:\/\/www2.memri.org\/polish\/wp-json\/wp\/v2\/posts\/2280","targetHints":{"allow":["GET"]}}],"collection":[{"href":"https:\/\/www2.memri.org\/polish\/wp-json\/wp\/v2\/posts"}],"about":[{"href":"https:\/\/www2.memri.org\/polish\/wp-json\/wp\/v2\/types\/post"}],"author":[{"embeddable":true,"href":"https:\/\/www2.memri.org\/polish\/wp-json\/wp\/v2\/users\/1"}],"replies":[{"embeddable":true,"href":"https:\/\/www2.memri.org\/polish\/wp-json\/wp\/v2\/comments?post=2280"}],"version-history":[{"count":0,"href":"https:\/\/www2.memri.org\/polish\/wp-json\/wp\/v2\/posts\/2280\/revisions"}],"wp:attachment":[{"href":"https:\/\/www2.memri.org\/polish\/wp-json\/wp\/v2\/media?parent=2280"}],"wp:term":[{"taxonomy":"category","embeddable":true,"href":"https:\/\/www2.memri.org\/polish\/wp-json\/wp\/v2\/categories?post=2280"},{"taxonomy":"post_tag","embeddable":true,"href":"https:\/\/www2.memri.org\/polish\/wp-json\/wp\/v2\/tags?post=2280"}],"curies":[{"name":"wp","href":"https:\/\/api.w.org\/{rel}","templated":true}]}}