{"id":22642,"date":"2025-02-10T22:34:24","date_gmt":"2025-02-10T21:34:24","guid":{"rendered":"https:\/\/www2.memri.org\/polish\/?p=22642"},"modified":"2025-02-17T22:36:27","modified_gmt":"2025-02-17T21:36:27","slug":"podczas-oficjalnej-wizyty-w-teheranie-delegacja-hamasu-mowi-najwyzszemu-przywodcy-chameneiemu-to-wielkie-zwyciestwo-jest-wspolnym-zwyciestwem-naszym-i-republiki-islamskiej","status":"publish","type":"post","link":"https:\/\/www2.memri.org\/polish\/podczas-oficjalnej-wizyty-w-teheranie-delegacja-hamasu-mowi-najwyzszemu-przywodcy-chameneiemu-to-wielkie-zwyciestwo-jest-wspolnym-zwyciestwem-naszym-i-republiki-islamskiej\/22642","title":{"rendered":"Podczas oficjalnej wizyty w Teheranie delegacja Hamasu m\u00f3wi najwy\u017cszemu przyw\u00f3dcy Chameneiemu: \u201cTo wielkie zwyci\u0119stwo jest wsp\u00f3lnym zwyci\u0119stwem naszym i Republiki Islamskiej\u201d"},"content":{"rendered":"<p><strong><em>Poni\u017cszy raport jest teraz bezp\u0142atn\u0105\u00a0\u00a0ofert\u0105 MEMRI Jihad and Terrorism Threat Monitor (JTTM). Aby uzyska\u0107 informacje o subskrypcji JTTM,\u00a0\u00a0<\/em><\/strong><a href=\"https:\/\/www.memri.org\/jttm\/subscription\"><strong><em>kliknij tutaj<\/em><\/strong><\/a><strong><em>.<\/em><\/strong><em>\u00a0<\/em><\/p>\n<p><em>Delegacja przedstawicieli Hamasu spotka\u0142a si\u0119 w Teheranie z najwy\u017cszym przyw\u00f3dc\u0105 Iranu, wielkim ajatollahem Alim Chameneim, aby om\u00f3wi\u0107 wydarzenia w Strefie Gazy.<\/em><\/p>\n<p><strong>Oficjalny przedstawiciel Hamasu, Darwisz, do najwy\u017cszego przyw\u00f3dcy Chameneiego: Zwyci\u0119stwo Ruchu Oporu w Strefie Gazy zbiega si\u0119 z rocznic\u0105 rewolucji islamskiej \u2013 to dobry znak<\/strong><\/p>\n<p>8 lutego 2025 r. delegacja funkcjonariuszy Hamasu spotka\u0142a si\u0119 z Chameneim w Teheranie w Iranie w ramach \u201eoficjalnej wizyty\u201d w Republice Islamskiej. Wed\u0142ug komunikatu prasowego opublikowanego przez Hamas\u00a0<a href=\"https:\/\/www.memri.org\/jttm\/official-visit-tehran-hamas-delegation-tells-supreme-leader-khamenei-great-victory-joint#_edn1\">[1]<\/a>\u00a0delegacji ruchu przewodzi\u0142 Mohammed Ismail Darwisz, przewodnicz\u0105cy rady przyw\u00f3dczej. W jej sk\u0142ad wchodzili r\u00f3wnie\u017c cz\u0142onkowie biura politycznego ruchu Chalil Al-Hajja, Nizar Awadallah, Zaher D\u017cabarin, Izzat Al-Riszk i Mohammed Nasr, a tak\u017ce inni wysocy rang\u0105 funkcjonariusze, tacy jak Taher Al-Nunu i Chaled Al-Kaddoumi, przedstawiciel Hamasu w Iranie.<\/p>\n<p>Tego samego dnia delegacja spotka\u0142a si\u0119 r\u00f3wnie\u017c z prezydentem Iranu Masudem Pezeszkianem i przewodnicz\u0105cym parlamentu Mohammadem Bagherem Ghalibafem.<\/p>\n<p>W komunikacie prasowym Hamas poinformowa\u0142, \u017ce spotkania z ira\u0144skim kierownictwem wy\u017cszego szczebla koncentrowa\u0142y si\u0119 na dyskusjach na temat \u201epost\u0119pu we wdra\u017caniu porozumienia o zawieszeniu broni [z Izraelem] i historycznych osi\u0105gni\u0119\u0107 narodu palesty\u0144skiego w operacji Potop Al-Aksa w ci\u0105gu 15 miesi\u0119cy cierpliwo\u015bci, wytrwa\u0142o\u015bci, niez\u0142omno\u015bci i oporu\u201d.<\/p>\n<p>Doda\u0142, \u017ce na spotkaniach \u201eporuszono r\u00f3wnie\u017c wyzwania, kt\u00f3re wci\u0105\u017c istniej\u0105, zw\u0142aszcza trwaj\u0105ce negocjacje, pomoc, odbudow\u0119 i kontynuowanie oporu, dop\u00f3ki \u015bwi\u0119to\u015bci nie zostan\u0105 wyzwolone, a prawa narodu palesty\u0144skiego osi\u0105gni\u0119te\u201d.<\/p>\n<p>Kilka zdj\u0119\u0107 i film\u00f3w dokumentuj\u0105cych spotkanie delegacji z Chameneim udost\u0119pniono na Telegramie. Na jednym z film\u00f3w mo\u017cna us\u0142ysze\u0107, jak Al-Hajja m\u00f3wi do Chameneiego: \u201eDzi\u015b przyszli\u015bmy odwiedzi\u0107 Wasz\u0105 Eminencj\u0119 z wysoko uniesionymi g\u0142owami. To wielkie zwyci\u0119stwo jest wsp\u00f3lnym zwyci\u0119stwem naszym i Republiki Islamskiej\u201d.\u00a0<a href=\"https:\/\/www.memri.org\/jttm\/official-visit-tehran-hamas-delegation-tells-supreme-leader-khamenei-great-victory-joint#_edn2\">[2]<\/a><\/p>\n<p>Przewodnicz\u0105cy delegacji Darwisz doda\u0142: \u201eUwa\u017camy, \u017ce zbieg dni zwyci\u0119stwa oporu w Gazie z rocznic\u0105 zwyci\u0119stwa rewolucji islamskiej jest dobrym omenem i mamy nadziej\u0119, \u017ce ten zbieg okoliczno\u015bci b\u0119dzie preludium do wyzwolenia Jerozolimy i meczetu Al-Aksa\u201d.\u00a0<a href=\"https:\/\/www.memri.org\/jttm\/official-visit-tehran-hamas-delegation-tells-supreme-leader-khamenei-great-victory-joint#_edn3\">[3]<\/a><\/p>\n<p><img loading=\"lazy\" decoding=\"async\" class=\"aligncenter size-full wp-image-22644\" src=\"https:\/\/www2.memri.org\/polish\/wp-content\/uploads\/2025\/02\/Picture1-4.jpg\" alt=\"\" width=\"429\" height=\"286\" srcset=\"https:\/\/www2.memri.org\/polish\/wp-content\/uploads\/2025\/02\/Picture1-4.jpg 429w, https:\/\/www2.memri.org\/polish\/wp-content\/uploads\/2025\/02\/Picture1-4-300x200.jpg 300w\" sizes=\"auto, (max-width: 429px) 100vw, 429px\" \/><\/p>\n","protected":false},"excerpt":{"rendered":"<p>Poni\u017cszy raport jest teraz bezp\u0142atn\u0105\u00a0\u00a0ofert\u0105 MEMRI Jihad and Terrorism Threat Monitor (JTTM). Aby uzyska\u0107 informacje o subskrypcji JTTM,\u00a0\u00a0kliknij tutaj.\u00a0 Delegacja przedstawicieli Hamasu spotka\u0142a si\u0119 w Teheranie z najwy\u017cszym przyw\u00f3dc\u0105 Iranu, wielkim ajatollahem Alim Chameneim, aby om\u00f3wi\u0107 wydarzenia w Strefie Gazy. Oficjalny przedstawiciel Hamasu, Darwisz, do najwy\u017cszego przyw\u00f3dcy Chameneiego: Zwyci\u0119stwo Ruchu Oporu w Strefie Gazy zbiega [&hellip;]<\/p>\n","protected":false},"author":1,"featured_media":22644,"comment_status":"closed","ping_status":"closed","sticky":false,"template":"","format":"standard","meta":{"footnotes":""},"categories":[832,835,836,864],"tags":[],"class_list":["post-22642","post","type-post","status-publish","format-standard","has-post-thumbnail","hentry","category-projekt-badan-nad-dzihadem-i-terroryzmem","category-archiwum","category-tematy","category-specjalne-raporty"],"_links":{"self":[{"href":"https:\/\/www2.memri.org\/polish\/wp-json\/wp\/v2\/posts\/22642","targetHints":{"allow":["GET"]}}],"collection":[{"href":"https:\/\/www2.memri.org\/polish\/wp-json\/wp\/v2\/posts"}],"about":[{"href":"https:\/\/www2.memri.org\/polish\/wp-json\/wp\/v2\/types\/post"}],"author":[{"embeddable":true,"href":"https:\/\/www2.memri.org\/polish\/wp-json\/wp\/v2\/users\/1"}],"replies":[{"embeddable":true,"href":"https:\/\/www2.memri.org\/polish\/wp-json\/wp\/v2\/comments?post=22642"}],"version-history":[{"count":1,"href":"https:\/\/www2.memri.org\/polish\/wp-json\/wp\/v2\/posts\/22642\/revisions"}],"predecessor-version":[{"id":22645,"href":"https:\/\/www2.memri.org\/polish\/wp-json\/wp\/v2\/posts\/22642\/revisions\/22645"}],"wp:featuredmedia":[{"embeddable":true,"href":"https:\/\/www2.memri.org\/polish\/wp-json\/wp\/v2\/media\/22644"}],"wp:attachment":[{"href":"https:\/\/www2.memri.org\/polish\/wp-json\/wp\/v2\/media?parent=22642"}],"wp:term":[{"taxonomy":"category","embeddable":true,"href":"https:\/\/www2.memri.org\/polish\/wp-json\/wp\/v2\/categories?post=22642"},{"taxonomy":"post_tag","embeddable":true,"href":"https:\/\/www2.memri.org\/polish\/wp-json\/wp\/v2\/tags?post=22642"}],"curies":[{"name":"wp","href":"https:\/\/api.w.org\/{rel}","templated":true}]}}