{"id":22550,"date":"2025-01-15T20:14:20","date_gmt":"2025-01-15T19:14:20","guid":{"rendered":"https:\/\/www2.memri.org\/polish\/?p=22550"},"modified":"2025-01-17T20:17:46","modified_gmt":"2025-01-17T19:17:46","slug":"libanskie-media-hezbollah-rozwiazuje-milicje-ktorymi-zarzadzal-w-syrii-zwalnia-tysiace-syryjskich-bojowkarzy","status":"publish","type":"post","link":"https:\/\/www2.memri.org\/polish\/libanskie-media-hezbollah-rozwiazuje-milicje-ktorymi-zarzadzal-w-syrii-zwalnia-tysiace-syryjskich-bojowkarzy\/22550","title":{"rendered":"Liba\u0144skie media: Hezbollah rozwi\u0105zuje milicje, kt\u00f3rymi zarz\u0105dza\u0142 w Syrii, zwalnia tysi\u0105ce syryjskich boj\u00f3wkarzy"},"content":{"rendered":"<p><strong><em>Poni\u017cszy raport jest teraz bezp\u0142atn\u0105\u00a0\u00a0ofert\u0105 MEMRI Jihad and Terrorism Threat Monitor (JTTM). Aby uzyska\u0107 informacje o subskrypcji JTTM,\u00a0\u00a0<\/em><\/strong><a href=\"https:\/\/www.memri.org\/jttm\/subscription\"><strong><em>kliknij tutaj<\/em><\/strong><\/a><strong><em>.<\/em><\/strong><em>\u00a0<\/em><\/p>\n<p><em>14 stycznia 2025 r. liba\u0144ska gazeta internetowa \u201eAl-Modon\u201d opublikowa\u0142a artyku\u0142, w kt\u00f3rym stwierdzono, \u017ce liba\u0144ski Hezbollah rozwi\u0105za\u0142 milicje, kt\u00f3re dzia\u0142a\u0142y w Syrii podczas wojny domowej w tym kraju, i postanowi\u0142 zwolni\u0107 syryjskich bojownik\u00f3w. Gazeta oszacowa\u0142a, \u017ce \u200b\u200bliczba boj\u00f3wkarzy Hezbollahu, kt\u00f3rzy brali udzia\u0142 w walkach w Syrii, wynosi\u0142a od 4000 do 7000 Syryjczyk\u00f3w i Liba\u0144czyk\u00f3w. Wszyscy Syryjczycy zwerbowani przez organizacj\u0119 mieli tymczasowe kontrakty, a po zako\u0144czeniu wojny w ich kraju Hezbollah nie ponosi ju\u017c za nich odpowiedzialno\u015bci ani nie jest zobowi\u0105zany do p\u0142acenia im pensji.\u00a0<\/em><a href=\"https:\/\/www.memri.org\/jttm\/lebanese-media-outlets-hizbullah-disbands-militias-it-operated-syria-dismisses-thousands-syrian#_edn1\"><strong><em>[1]<\/em><\/strong><\/a><\/p>\n<p><img loading=\"lazy\" decoding=\"async\" class=\"aligncenter size-full wp-image-22551\" src=\"https:\/\/www2.memri.org\/polish\/wp-content\/uploads\/2025\/01\/Picture1-3.jpg\" alt=\"\" width=\"1885\" height=\"1587\" srcset=\"https:\/\/www2.memri.org\/polish\/wp-content\/uploads\/2025\/01\/Picture1-3.jpg 1885w, https:\/\/www2.memri.org\/polish\/wp-content\/uploads\/2025\/01\/Picture1-3-300x253.jpg 300w, https:\/\/www2.memri.org\/polish\/wp-content\/uploads\/2025\/01\/Picture1-3-1024x862.jpg 1024w, https:\/\/www2.memri.org\/polish\/wp-content\/uploads\/2025\/01\/Picture1-3-768x647.jpg 768w, https:\/\/www2.memri.org\/polish\/wp-content\/uploads\/2025\/01\/Picture1-3-600x505.jpg 600w, https:\/\/www2.memri.org\/polish\/wp-content\/uploads\/2025\/01\/Picture1-3-1536x1293.jpg 1536w, https:\/\/www2.memri.org\/polish\/wp-content\/uploads\/2025\/01\/Picture1-3-696x586.jpg 696w, https:\/\/www2.memri.org\/polish\/wp-content\/uploads\/2025\/01\/Picture1-3-1068x899.jpg 1068w, https:\/\/www2.memri.org\/polish\/wp-content\/uploads\/2025\/01\/Picture1-3-499x420.jpg 499w\" sizes=\"auto, (max-width: 1885px) 100vw, 1885px\" \/><\/p>\n<p>Gazeta internetowa pisze, \u017ce \u200b\u200bpo upadku re\u017cimu Assada na pocz\u0105tku grudnia 2024 r. oko\u0142o tysi\u0105ca Syryjczyk\u00f3w, kt\u00f3rzy wspierali re\u017cim, uciek\u0142o z kraju wraz ze swoimi rodzinami. Wi\u0119kszo\u015b\u0107 z nich to boj\u00f3wkarze Hezbollahu lub Syryjskich Si\u0142 Zbrojnych. Opu\u015bcili Syri\u0119, czasami w odpowiedzi na rozkazy Hezbollahu, i nielegalnie wjechali do Libanu.\u00a0\u201eAl-Modon\u201d\u00a0twierdzi\u0142a r\u00f3wnie\u017c, \u017ce na pocz\u0105tku stycznia 2025 r. Hezbollah wyda\u0142 wewn\u0119trzny rozkaz dotycz\u0105cy zako\u0144czenia zatrudnienia wszystkich cz\u0142onk\u00f3w syryjskich jednostek bojowych, ko\u0144cz\u0105c ich zatrudnienie i misje, poniewa\u017c Hezbollah nie potrzebowa\u0142 ju\u017c ich us\u0142ug.<\/p>\n<p>\u201eAl-Modon\u201d\u00a0opublikowa\u0142a \u015bwiadectwa kilku syryjskich bojownik\u00f3w, kt\u00f3rzy uciekli do Libanu, kt\u00f3rzy poinformowali, \u017ce Hezbollah skonfiskowa\u0142 ich bro\u0144 i dokumenty potwierdzaj\u0105ce, \u017ce nale\u017c\u0105 do organizacji. Stwierdzili r\u00f3wnie\u017c, \u017ce Hezbollah za\u017c\u0105da\u0142, aby wr\u00f3cili do Syrii, twierdz\u0105c, \u017ce sytuacja jest teraz spokojna i \u017ce mog\u0105 odzyska\u0107 swoj\u0105 pozycj\u0119 w kraju. Ci boj\u00f3wkarze powiedzieli, \u017ce obawiaj\u0105 si\u0119, \u017ce mog\u0105 zosta\u0107 aresztowani przez w\u0142adze liba\u0144skie, poniewa\u017c przebywaj\u0105 w kraju nielegalnie. Stwierdzili r\u00f3wnie\u017c, \u017ce obawiaj\u0105 si\u0119 deportacji z powrotem do Syrii, gdzie r\u00f3wnie\u017c prawdopodobnie zostan\u0105 aresztowani, albo za wsp\u00f3\u0142prac\u0119 z Hezbollahem, albo z powodu przest\u0119pstw pope\u0142nionych przeciwko syryjskim cywilom podczas wojny domowej.<\/p>\n<hr \/>\n<p><a name=\"_edn1\"><\/a><a href=\"https:\/\/www.memri.org\/jttm\/lebanese-media-outlets-hizbullah-disbands-militias-it-operated-syria-dismisses-thousands-syrian#_ednref1\">[1]<\/a>\u00a0January 15, 2025.<\/p>\n","protected":false},"excerpt":{"rendered":"<p>Poni\u017cszy raport jest teraz bezp\u0142atn\u0105\u00a0\u00a0ofert\u0105 MEMRI Jihad and Terrorism Threat Monitor (JTTM). Aby uzyska\u0107 informacje o subskrypcji JTTM,\u00a0\u00a0kliknij tutaj.\u00a0 14 stycznia 2025 r. liba\u0144ska gazeta internetowa \u201eAl-Modon\u201d opublikowa\u0142a artyku\u0142, w kt\u00f3rym stwierdzono, \u017ce liba\u0144ski Hezbollah rozwi\u0105za\u0142 milicje, kt\u00f3re dzia\u0142a\u0142y w Syrii podczas wojny domowej w tym kraju, i postanowi\u0142 zwolni\u0107 syryjskich bojownik\u00f3w. Gazeta oszacowa\u0142a, \u017ce [&hellip;]<\/p>\n","protected":false},"author":1,"featured_media":22551,"comment_status":"closed","ping_status":"closed","sticky":false,"template":"","format":"standard","meta":{"footnotes":""},"categories":[832,835,836,864],"tags":[],"class_list":["post-22550","post","type-post","status-publish","format-standard","has-post-thumbnail","hentry","category-projekt-badan-nad-dzihadem-i-terroryzmem","category-archiwum","category-tematy","category-specjalne-raporty"],"_links":{"self":[{"href":"https:\/\/www2.memri.org\/polish\/wp-json\/wp\/v2\/posts\/22550","targetHints":{"allow":["GET"]}}],"collection":[{"href":"https:\/\/www2.memri.org\/polish\/wp-json\/wp\/v2\/posts"}],"about":[{"href":"https:\/\/www2.memri.org\/polish\/wp-json\/wp\/v2\/types\/post"}],"author":[{"embeddable":true,"href":"https:\/\/www2.memri.org\/polish\/wp-json\/wp\/v2\/users\/1"}],"replies":[{"embeddable":true,"href":"https:\/\/www2.memri.org\/polish\/wp-json\/wp\/v2\/comments?post=22550"}],"version-history":[{"count":1,"href":"https:\/\/www2.memri.org\/polish\/wp-json\/wp\/v2\/posts\/22550\/revisions"}],"predecessor-version":[{"id":22553,"href":"https:\/\/www2.memri.org\/polish\/wp-json\/wp\/v2\/posts\/22550\/revisions\/22553"}],"wp:featuredmedia":[{"embeddable":true,"href":"https:\/\/www2.memri.org\/polish\/wp-json\/wp\/v2\/media\/22551"}],"wp:attachment":[{"href":"https:\/\/www2.memri.org\/polish\/wp-json\/wp\/v2\/media?parent=22550"}],"wp:term":[{"taxonomy":"category","embeddable":true,"href":"https:\/\/www2.memri.org\/polish\/wp-json\/wp\/v2\/categories?post=22550"},{"taxonomy":"post_tag","embeddable":true,"href":"https:\/\/www2.memri.org\/polish\/wp-json\/wp\/v2\/tags?post=22550"}],"curies":[{"name":"wp","href":"https:\/\/api.w.org\/{rel}","templated":true}]}}