{"id":22191,"date":"2024-10-03T18:30:19","date_gmt":"2024-10-03T16:30:19","guid":{"rendered":"https:\/\/www2.memri.org\/polish\/?p=22191"},"modified":"2024-10-04T18:34:16","modified_gmt":"2024-10-04T16:34:16","slug":"kuwejcki-uczony-w-islamie-i-przywodca-bractwa-muzulmanskiego-tarek-al-suwaidan-mlodziez-na-zachodzie-widzi-wzor-osobowy-w-rzeczniku-hamasu-abu-ubaidzie-najwyzszym-priorytetem-prawa-islamskiego-jes","status":"publish","type":"post","link":"https:\/\/www2.memri.org\/polish\/kuwejcki-uczony-w-islamie-i-przywodca-bractwa-muzulmanskiego-tarek-al-suwaidan-mlodziez-na-zachodzie-widzi-wzor-osobowy-w-rzeczniku-hamasu-abu-ubaidzie-najwyzszym-priorytetem-prawa-islamskiego-jes\/22191","title":{"rendered":"Kuwejcki uczony w islamie i przyw\u00f3dca Bractwa Muzu\u0142ma\u0144skiego, Tarek Al-Suwaidan: M\u0142odzie\u017c na Zachodzie widzi wz\u00f3r osobowy w rzeczniku Hamasu, Abu Ubaidzie; najwy\u017cszym priorytetem prawa islamskiego jest zachowanie religii, nie ludzkiego \u017cycia \u2013 dlatego istnieje d\u017cihad; Izrael musi zosta\u0107 usuni\u0119ty"},"content":{"rendered":"<p><em>Kuwejcki uczony w islamie i przyw\u00f3dca Bractwa Muzu\u0142ma\u0144skiego, Tarek Al-Suwaidan m\u00f3wi\u0142 w wywiadzie dla Arabic Post z 28 sierpnia 2024 r., kt\u00f3ry zosta\u0142 przes\u0142any na YouTube 28 sierpnia 2024 r., o konsekwencjach ataku Hamasu, Potop Al-Aksa, 7 pa\u017adziernika 2023 r. Powiedzia\u0142, \u017ce nie p\u0142acze nad m\u0119czennikami w Gazie, raczej p\u0142acze nad tym, \u017ce nie jest w\u015br\u00f3d nich, m\u00f3wi\u0105c, \u017ce wszyscy muzu\u0142manie powinni d\u0105\u017cy\u0107 do osi\u0105gni\u0119cia m\u0119cze\u0144stwa. Al-Suwaidan powiedzia\u0142, \u017ce w islamie najwy\u017cszym priorytetem nie jest zachowanie \u017cycia, lecz zachowanie religii, i tu w\u0142a\u015bnie wkracza d\u017cihad. Al-Suwaidan doda\u0142, \u017ce Izrael nie zostanie \u201eusuni\u0119ty o w\u0142asnych si\u0142ach\u201d, ale kto\u015b musi to zrobi\u0107, a to wymaga po\u015bwi\u0119cenia. Stwierdzi\u0142, \u017ce to nie wina ruchu oporu, je\u015bli \u201eten brudny tw\u00f3r\u201d zabija niewinnych ludzi.<\/em><\/p>\n<p><em>Tarek Al-Suwaidan zosta\u0142 zwolniony ze stanowiska dyrektora saudyjskiej telewizji Al-Risala w 2013 r. po og\u0142oszeniu w Internecie, \u017ce jest przyw\u00f3dc\u0105 Bractwa Muzu\u0142ma\u0144skiego. Obecnie mieszka w Turcji. Al-Suwaidan sp\u0119dzi\u0142 kilka lat jako przyw\u00f3dca islamski w Tulsie w stanie Oklahoma. By\u0142 nieoskar\u017conym wsp\u00f3\u0142spiskowcem w sprawie finansowania terroryzmu Hamasu przez Holy Land Foundation i zosta\u0142 obj\u0119ty zakazem wjazdu do kilku kraj\u00f3w, w tym Stan\u00f3w Zjednoczonych i Belgii, za antysemityzm i wspieranie terroryzmu.<\/em><\/p>\n<p><strong>Kliknij\u00a0<\/strong><a href=\"https:\/\/www.memri.org\/tv\/kuwaiti-islamic-scholar-muslim-brotherhood-leader-tareq-suwaidan-jihad-israel-eliminate-martyrs-gaza\"><strong>tutaj<\/strong><\/a><strong>, aby obejrze\u0107 klip w MEMRI TV:<\/strong><\/p>\n<p><strong>Operacje z 7 pa\u017adziernika powinny by\u0107 przedmiotem nauczania na kursach przyw\u00f3dczych na najbardziej presti\u017cowych uczelniach; m\u0142odzi m\u0119\u017cczy\u017ani i kobiety na Zachodzie uwa\u017caj\u0105 rzecznika Brygad Al-Kassam Hamasu, Abu Ubaid\u0119, za wz\u00f3r do na\u015bladowania<\/strong><\/p>\n<p><strong>Tareq Al-Suwaidan:<\/strong>\u00a0Na Allaha, to, co wydarzy\u0142o si\u0119 podczas Potopu Al-Aksa, powinno by\u0107 nauczane na najbardziej presti\u017cowych uczelniach. Planowanie by\u0142o niewiarygodne. Ludzie, kt\u00f3rzy s\u0105 ekspertami w planowaniu, wiedz\u0105, \u017ce to, co si\u0119 wydarzy\u0142o, mog\u0142o si\u0119 uda\u0107 tylko dzi\u0119ki boskiej interwencji oraz g\u0142\u0119bokiemu i niezwyk\u0142emu planowaniu.<\/p>\n<p><img loading=\"lazy\" decoding=\"async\" class=\"aligncenter size-full wp-image-22192\" src=\"https:\/\/www2.memri.org\/polish\/wp-content\/uploads\/2024\/10\/Picture1.jpg\" alt=\"\" width=\"611\" height=\"337\" srcset=\"https:\/\/www2.memri.org\/polish\/wp-content\/uploads\/2024\/10\/Picture1.jpg 611w, https:\/\/www2.memri.org\/polish\/wp-content\/uploads\/2024\/10\/Picture1-300x165.jpg 300w, https:\/\/www2.memri.org\/polish\/wp-content\/uploads\/2024\/10\/Picture1-600x331.jpg 600w\" sizes=\"auto, (max-width: 611px) 100vw, 611px\" \/><\/p>\n<p>[&#8230;]<\/p>\n<p>Czy widzicie, ilu m\u0142odych m\u0119\u017cczyzn i kobiet w naszym arabskim \u015bwiecie \u2013 zapomnij o \u015bwiecie arabskim, na Zachodzie \u2013 uwa\u017ca [rzecznika Brygad Al-Kassam Hamasu] Abu Ubeid\u0119 za wz\u00f3r do osobowy?<\/p>\n<p><img loading=\"lazy\" decoding=\"async\" class=\"aligncenter size-full wp-image-22193\" src=\"https:\/\/www2.memri.org\/polish\/wp-content\/uploads\/2024\/10\/Picture2-1.jpg\" alt=\"\" width=\"611\" height=\"341\" srcset=\"https:\/\/www2.memri.org\/polish\/wp-content\/uploads\/2024\/10\/Picture2-1.jpg 611w, https:\/\/www2.memri.org\/polish\/wp-content\/uploads\/2024\/10\/Picture2-1-300x167.jpg 300w, https:\/\/www2.memri.org\/polish\/wp-content\/uploads\/2024\/10\/Picture2-1-600x335.jpg 600w\" sizes=\"auto, (max-width: 611px) 100vw, 611px\" \/><\/p>\n<p>[&#8230;]<\/p>\n<p>Potop Al-Aksa to najlepszy kurs przyw\u00f3dztwa na \u015bwiecie.<\/p>\n<p>[&#8230;]<\/p>\n<p><strong>\u201eNie p\u0142acz\u0119 nad mieszka\u0144cami Gazy, p\u0142acz\u0119 nad sob\u0105, bo nie jestem w\u015br\u00f3d nich \u2013 oto jak wierz\u0105cy powinien d\u0105\u017cy\u0107 do m\u0119cze\u0144stwa\u201d<\/strong><\/p>\n<p><strong>Prowadz\u0105cy wywiad:<\/strong>\u00a0Krew p\u0142ynie w Gazie jak rzeki. Gdzie jest zwyci\u0119stwo, kt\u00f3re nam obiecano? Dlaczego nie ma boskiej interwencji, aby powstrzyma\u0107 rozlew krwi dzieci, kobiet, starc\u00f3w i powstrzyma\u0107 g\u0142\u00f3d w Gazie?<\/p>\n<p>[&#8230;]<\/p>\n<p><strong>Al-Suwaidan:<\/strong>\u00a0Cz\u0142owieku, nie p\u0142acz\u0119 nad nimi. P\u0142acz\u0119 nad sob\u0105, \u017ce nie jestem w\u015br\u00f3d nich. Tak wierny powinien d\u0105\u017cy\u0107 do m\u0119cze\u0144stwa.<\/p>\n<p><img loading=\"lazy\" decoding=\"async\" class=\"aligncenter size-full wp-image-22194\" src=\"https:\/\/www2.memri.org\/polish\/wp-content\/uploads\/2024\/10\/Picture3.jpg\" alt=\"\" width=\"611\" height=\"340\" srcset=\"https:\/\/www2.memri.org\/polish\/wp-content\/uploads\/2024\/10\/Picture3.jpg 611w, https:\/\/www2.memri.org\/polish\/wp-content\/uploads\/2024\/10\/Picture3-300x167.jpg 300w, https:\/\/www2.memri.org\/polish\/wp-content\/uploads\/2024\/10\/Picture3-600x334.jpg 600w\" sizes=\"auto, (max-width: 611px) 100vw, 611px\" \/><\/p>\n<p>[&#8230;]<\/p>\n<p><strong>Najwy\u017cszym priorytetem szariatu jest ochrona religii, a nie ochrona \u017cycia \u2013 dlatego istnieje co\u015b takiego jak d\u017cihad; gdyby ochrona \u017cycia by\u0142a priorytetem, d\u017cihad zosta\u0142by zniesiony<\/strong><\/p>\n<p>Ochrona \u017cycia nie jest jedynym celem szariatu \u2013 obejmuje ona ochron\u0119 religii, \u017cycia, linii, intelektu i w\u0142asno\u015bci. To s\u0105 g\u0142\u00f3wne cele szariatu. Kt\u00f3ry z tych cel\u00f3w ma wy\u017cszy priorytet? Ochrona religii, a nie ochrona \u017cycia. Dlatego istnieje co\u015b takiego jak \u201ed\u017cihad\u201d. Gdyby ochrona \u017cycia mia\u0142a priorytet, nie by\u0142oby d\u017cihadu \u2013 znie\u015bliby\u015bmy go. Ochrona religii ma priorytet nad ochron\u0105 \u017cycia.<\/p>\n<p>[&#8230;]<\/p>\n<p><img loading=\"lazy\" decoding=\"async\" class=\"aligncenter size-full wp-image-22195\" src=\"https:\/\/www2.memri.org\/polish\/wp-content\/uploads\/2024\/10\/Picture4.jpg\" alt=\"\" width=\"611\" height=\"341\" srcset=\"https:\/\/www2.memri.org\/polish\/wp-content\/uploads\/2024\/10\/Picture4.jpg 611w, https:\/\/www2.memri.org\/polish\/wp-content\/uploads\/2024\/10\/Picture4-300x167.jpg 300w, https:\/\/www2.memri.org\/polish\/wp-content\/uploads\/2024\/10\/Picture4-600x335.jpg 600w\" sizes=\"auto, (max-width: 611px) 100vw, 611px\" \/><\/p>\n<p><strong>Izrael, \u201ebrudny tw\u00f3r\u201d nie zostanie usuni\u0119ty o w\u0142asnych si\u0142ach; musimy go usun\u0105\u0107<\/strong><\/p>\n<p>Nie powinni\u015bmy m\u00f3wi\u0107: \u201eZostali zabici, bo prowadzi\u0142e\u015b d\u017cihad\u201d. Moj\u0105 rol\u0105 jest prowadzenie d\u017cihadu i wyzwolenie mojego narodu i mojego kraju. Czy chcesz, aby ten pod\u0142y tw\u00f3r rz\u0105dzi\u0142 nami wiecznie? Musimy go usun\u0105\u0107. Jest to nienormalny tw\u00f3r pod wzgl\u0119dem geograficznym i historycznym. Nie zostanie usuni\u0119ty sam z siebie. Kto\u015b musi go usun\u0105\u0107. Ludzie, kt\u00f3rzy go usun\u0105, musz\u0105 ponie\u015b\u0107 ofiary. To nie wina ruchu oporu, \u017ce ten pod\u0142y tw\u00f3r zabija niewinnych ludzi. To wina tego pod\u0142ego tworu i wszystkie oskar\u017cenia powinny by\u0107 skierowane do niego, a nie do ruchu oporu.<\/p>\n","protected":false},"excerpt":{"rendered":"<p>Kuwejcki uczony w islamie i przyw\u00f3dca Bractwa Muzu\u0142ma\u0144skiego, Tarek Al-Suwaidan m\u00f3wi\u0142 w wywiadzie dla Arabic Post z 28 sierpnia 2024 r., kt\u00f3ry zosta\u0142 przes\u0142any na YouTube 28 sierpnia 2024 r., o konsekwencjach ataku Hamasu, Potop Al-Aksa, 7 pa\u017adziernika 2023 r. Powiedzia\u0142, \u017ce nie p\u0142acze nad m\u0119czennikami w Gazie, raczej p\u0142acze nad tym, \u017ce nie jest [&hellip;]<\/p>\n","protected":false},"author":1,"featured_media":22192,"comment_status":"closed","ping_status":"closed","sticky":false,"template":"","format":"standard","meta":{"footnotes":""},"categories":[824,835],"tags":[],"class_list":["post-22191","post","type-post","status-publish","format-standard","has-post-thumbnail","hentry","category-specjalne-komunikaty","category-archiwum"],"_links":{"self":[{"href":"https:\/\/www2.memri.org\/polish\/wp-json\/wp\/v2\/posts\/22191","targetHints":{"allow":["GET"]}}],"collection":[{"href":"https:\/\/www2.memri.org\/polish\/wp-json\/wp\/v2\/posts"}],"about":[{"href":"https:\/\/www2.memri.org\/polish\/wp-json\/wp\/v2\/types\/post"}],"author":[{"embeddable":true,"href":"https:\/\/www2.memri.org\/polish\/wp-json\/wp\/v2\/users\/1"}],"replies":[{"embeddable":true,"href":"https:\/\/www2.memri.org\/polish\/wp-json\/wp\/v2\/comments?post=22191"}],"version-history":[{"count":1,"href":"https:\/\/www2.memri.org\/polish\/wp-json\/wp\/v2\/posts\/22191\/revisions"}],"predecessor-version":[{"id":22196,"href":"https:\/\/www2.memri.org\/polish\/wp-json\/wp\/v2\/posts\/22191\/revisions\/22196"}],"wp:featuredmedia":[{"embeddable":true,"href":"https:\/\/www2.memri.org\/polish\/wp-json\/wp\/v2\/media\/22192"}],"wp:attachment":[{"href":"https:\/\/www2.memri.org\/polish\/wp-json\/wp\/v2\/media?parent=22191"}],"wp:term":[{"taxonomy":"category","embeddable":true,"href":"https:\/\/www2.memri.org\/polish\/wp-json\/wp\/v2\/categories?post=22191"},{"taxonomy":"post_tag","embeddable":true,"href":"https:\/\/www2.memri.org\/polish\/wp-json\/wp\/v2\/tags?post=22191"}],"curies":[{"name":"wp","href":"https:\/\/api.w.org\/{rel}","templated":true}]}}