{"id":2174,"date":"2012-01-12T00:00:00","date_gmt":"2012-01-12T00:00:00","guid":{"rendered":"http:\/\/www2.memri.org\/polaco\/rezyser-antysemickiego-filmu-iranskiego-sobotni-mysliwy-mohammad-kahremani-arabska-obecnosc-w-palestynie-ratuje-nas-przed-globalnymi-rzadami-syjonistow\/2174"},"modified":"2012-01-12T00:00:00","modified_gmt":"2012-01-12T00:00:00","slug":"rezyser-antysemickiego-filmu-iranskiego-sobotni-mysliwy-mohammad-kahremani-arabska-obecnosc-w-palestynie-ratuje-nas-przed-globalnymi-rzadami-syjonistow","status":"publish","type":"post","link":"https:\/\/www2.memri.org\/polish\/rezyser-antysemickiego-filmu-iranskiego-sobotni-mysliwy-mohammad-kahremani-arabska-obecnosc-w-palestynie-ratuje-nas-przed-globalnymi-rzadami-syjonistow\/2174","title":{"rendered":"Re\u017cyser antysemickiego filmu ira\u0144skiego \u201cSobotni my\u015bliwy\u201d, Mohammad Kahremani: Arabska obecno\u015b\u0107 w Palestynie ratuje nas przed globalnymi rz\u0105dami syjonist\u00f3w"},"content":{"rendered":"<div class=\"bodytext c1\">\n<p><em>Poni\u017cej podajemy fragmenty reporta\u017cu telewizyjnego o ira\u0144skim filmie antysemickim \u201cSobotni my\u015bliwy\u201d. Reporta\u017c nada\u0142a Al-Alam TV 20 listopada 2011 r.<\/em><em>Aby zobaczy\u0107<\/em><em>zwiastuna tego filmu, odwied\u017a<\/em> <a href=\"http:\/\/www.memritv.org\/clip\/en\/3186.htm\"><em>http:\/\/www.memritv.org\/clip\/en\/3186.htm<\/em><\/a> <em>.<\/em><\/p>\n<p><iframe loading=\"lazy\" height=\"485\" src=\"http:\/\/www.memritv.org\/player\/largePlayer.php?&#038;width=585&#038;height=485&#038;autoplay=0&#038;clipid=3254\" frameborder=\"0\" width=\"585\" allowtransparency=\"\" scrolling=\"no\"><\/iframe><\/p>\n<p><strong>Narrator<\/strong>: &#8222;Sobotni my\u015bliwy\u201d jest ira\u0144skim filmem, kt\u00f3ry daje nam niejakie poj\u0119cie o syjonistycznym barbarzy\u0144stwie i zbrodniach przeciwko ludzko\u015bci na przestrzeni ca\u0142ej historii. Ten film tym r\u00f3\u017cni si\u0119 od innych film\u00f3w o zbrodniach syjonist\u00f3w przeciwko innym, \u017ce przekazuje szereg przes\u0142a\u0144.<\/p>\n<p><strong>Producent filmu Mohammad Kahremani<\/strong>: Film przedstawia zbrodnie syjonist\u00f3w przeciwko bezbronnym Palesty\u0144czykom. Przedstawia ekstremistyczn\u0105 ideologi\u0119 syjonistyczn\u0105, kt\u00f3ra wzywa do zabijania Palesty\u0144czyk\u00f3w i pl\u0105drowania ich ziemi, co uwa\u017caj\u0105 za obowi\u0105zek religijny.<\/p>\n<p>\u201cSobotni my\u015bliwy\u201d pokazuje syjonistyczne pranie m\u00f3zg\u00f3w, kt\u00f3re jest przekazywane z jednego pokolenia do drugiego.<\/p>\n<p><strong>Narrator<\/strong>: W tym filmie ira\u0144ski re\u017cyser Parviz Szeichtadi zajmuje si\u0119 syjonistycznymi praktykami, w\u0142\u0105cznie z praniem m\u00f3zg\u00f3w, kt\u00f3remu poddane jest dziecko Benjamin przez swojego ojca, syjonistycznego rabina zwanego Hanan. W ten spos\u00f3b dziecko przekszta\u0142ca si\u0119 w bezlitosn\u0105 zbrodnicz\u0105 kreatur\u0119. Rabina gra znany actor Ali Nassirian.<\/p>\n<p>Najbardziej poruszaj\u0105ce sceny w tym filmie przedstawiaj\u0105 polityczny sadyzm i religijny rasizm. Rabin jest przedstawiony jako z\u0142o ostateczne, symbol oszustwa, kt\u00f3ry ujawnia to, co jest ukryte w jego \u015bwiadomo\u015bci, jak r\u00f3wnie\u017c zbrodnicze machinacje ukryte w jego umy\u015ble. Producenci maj\u0105 nadziej\u0119, \u017ce odbije si\u0119 to silnym [echem] w \u015bwiecie muzu\u0142ma\u0144skim.<\/p>\n<p><strong>Mohammad Kahremani<\/strong>: Ten film b\u0119dzie pokazywany w krajach arabskich i islamskich w niedalekiej przysz\u0142o\u015bci. Wiemy, \u017ce nasi bracia w tych krajach wierz\u0105 w wyzwolenie Palestyny. Je\u015bli film b\u0119dzie przedstawiany w tych krajach we w\u0142a\u015bciwy spos\u00f3b, z pewno\u015bci\u0105 zostanie tam dobrze przyj\u0119ty. W tym celu film wkr\u00f3tce zostanie przet\u0142umaczony na arabski.<\/p>\n<p><strong>Narrator<\/strong>: Ten film demaskuje podw\u00f3jne standardy na festiwalach mi\u0119dzynarodowych i ich wyra\u017an\u0105 stronniczo\u015b\u0107 wobec syjonizmu, co wida\u0107 w odmowie pokazania go.<\/p>\n<p><strong>Mohammad Kahremani<\/strong>: Zg\u0142osili\u015bmy ten film na kilka festiwali mi\u0119dzynarodowych. Chcieliby\u015bmy podkre\u015bli\u0107 wobec lud\u00f3w islamskich \u015bwiata, \u017ce niemal wszystkie festiwale mi\u0119dzynarodowe odrzuci\u0142y ten film ze wzgl\u0119du na jego temat.<\/p>\n<p><strong>Narrator<\/strong>: Niew\u0105tpliwie stanowisko funkcjonariuszy mi\u0119dzynarodowych festiwali filmowych nie odbiega od stronniczo\u015bci rz\u0105d\u00f3w zachodnich wobec izraelskiego tworu, szczeg\u00f3lnie poniewa\u017c film ten uciele\u015bnia rzeczywisto\u015b\u0107 do\u015bwiadczan\u0105 codziennie przez Palesty\u0144czyk\u00f3w i poniewa\u017c ujawnia wiele o globalnym syjonizmie i jego zbrodniczej roli na \u015bwiecie. [\u2026]<\/p>\n<p><strong>Mohammad Kahremani<\/strong>: Prosz\u0119 mi pozwoli\u0107 zacytowa\u0107 s\u0142owa przyw\u00f3dc\u00f3w syjonistycznego tworu: \u201cGdyby Arabowie nie byli obecni w ziemi palesty\u0144skiej, Izrael rz\u0105dzi\u0142by \u015bwiatem\u201d. Dlatego obecno\u015b\u0107 arabska ratuje nas przed [syjonistycznymi] rz\u0105dami nad \u015bwiatem. [\u2026]<\/p>\n<\/div>\n","protected":false},"excerpt":{"rendered":"<p>Poni\u017cej podajemy fragmenty reporta\u017cu telewizyjnego o ira\u0144skim filmie antysemickim \u201cSobotni my\u015bliwy\u201d. Reporta\u017c nada\u0142a Al-Alam TV 20 listopada 2011 r.Aby zobaczy\u0107zwiastuna tego filmu, odwied\u017a http:\/\/www.memritv.org\/clip\/en\/3186.htm . Narrator: &#8222;Sobotni my\u015bliwy\u201d jest ira\u0144skim filmem, kt\u00f3ry daje nam niejakie poj\u0119cie o syjonistycznym barbarzy\u0144stwie i zbrodniach przeciwko ludzko\u015bci na przestrzeni ca\u0142ej historii. Ten film tym r\u00f3\u017cni si\u0119 od innych film\u00f3w [&hellip;]<\/p>\n","protected":false},"author":1,"featured_media":0,"comment_status":"open","ping_status":"closed","sticky":false,"template":"","format":"standard","meta":{"footnotes":""},"categories":[824,831,835,836],"tags":[],"class_list":["post-2174","post","type-post","status-publish","format-standard","hentry","category-specjalne-komunikaty","category-projekt-dokumentacji-antysemityzmu","category-archiwum","category-tematy"],"_links":{"self":[{"href":"https:\/\/www2.memri.org\/polish\/wp-json\/wp\/v2\/posts\/2174","targetHints":{"allow":["GET"]}}],"collection":[{"href":"https:\/\/www2.memri.org\/polish\/wp-json\/wp\/v2\/posts"}],"about":[{"href":"https:\/\/www2.memri.org\/polish\/wp-json\/wp\/v2\/types\/post"}],"author":[{"embeddable":true,"href":"https:\/\/www2.memri.org\/polish\/wp-json\/wp\/v2\/users\/1"}],"replies":[{"embeddable":true,"href":"https:\/\/www2.memri.org\/polish\/wp-json\/wp\/v2\/comments?post=2174"}],"version-history":[{"count":0,"href":"https:\/\/www2.memri.org\/polish\/wp-json\/wp\/v2\/posts\/2174\/revisions"}],"wp:attachment":[{"href":"https:\/\/www2.memri.org\/polish\/wp-json\/wp\/v2\/media?parent=2174"}],"wp:term":[{"taxonomy":"category","embeddable":true,"href":"https:\/\/www2.memri.org\/polish\/wp-json\/wp\/v2\/categories?post=2174"},{"taxonomy":"post_tag","embeddable":true,"href":"https:\/\/www2.memri.org\/polish\/wp-json\/wp\/v2\/tags?post=2174"}],"curies":[{"name":"wp","href":"https:\/\/api.w.org\/{rel}","templated":true}]}}