{"id":21632,"date":"2024-06-14T22:54:55","date_gmt":"2024-06-14T20:54:55","guid":{"rendered":"https:\/\/www2.memri.org\/polish\/?p=21632"},"modified":"2024-06-14T22:55:17","modified_gmt":"2024-06-14T20:55:17","slug":"znany-prezenter-al-dzaziry-ktory-niedawno-robil-w-doha-wywiad-z-sekretarzem-stanu-blinkenem-przez-lata-wychwalal-rakiety-i-tunele-hamasu-i-wyrazal-nadzieje-na-upadek-izraela","status":"publish","type":"post","link":"https:\/\/www2.memri.org\/polish\/znany-prezenter-al-dzaziry-ktory-niedawno-robil-w-doha-wywiad-z-sekretarzem-stanu-blinkenem-przez-lata-wychwalal-rakiety-i-tunele-hamasu-i-wyrazal-nadzieje-na-upadek-izraela\/21632","title":{"rendered":"Znany prezenter Al-D\u017caziry, kt\u00f3ry niedawno robi\u0142 w Doha wywiad z sekretarzem stanu Blinkenem, przez lata wychwala\u0142 rakiety i tunele Hamasu i wyra\u017ca\u0142 nadziej\u0119 na upadek Izraela"},"content":{"rendered":"<p>&nbsp;<\/p>\n<p><em>Czo\u0142owy prezenter wiadomo\u015bci i gospodarz program\u00f3w telewizyjnych Al-D\u017caziry, D\u017calal Chahda, kt\u00f3ry 12 czerwca 2024 r. przeprowadzi\u0142 wywiad z sekretarzem stanu USA Antonym Blinkenem w stolicy Kataru Doha\u00a0<\/em><a href=\"https:\/\/www.memri.org\/reports\/leading-al-jazeera-news-anchor-who-recently-interviewed-secretary-state-blinken-doha-has#_edn1\"><strong><em>[1]<\/em><\/strong><\/a><em>\u00a0, pracuje w tej sieci od 2011 r. i jest znany ze swoich ekstremistycznych pogl\u0105d\u00f3w. Chahda wyra\u017ca poparcie dla organizacji terrorystycznych, zw\u0142aszcza Hamasu, pochwala wystrzeliwanie rakiet w kierunku Izraela ze Strefy Gazy, sprzeciwia si\u0119 istnieniu Izraela i ostro krytykuje kraje arabskie za normalizacj\u0119 lub d\u0105\u017cenie do normalizacji stosunk\u00f3w z tym krajem. MEMRI dokumentowa\u0142 wcze\u015bniej ekstremistyczne o\u015bwiadczenia Chahdy \u2013 patrz\u00a0<\/em><a href=\"https:\/\/www.memri.org\/reports\/al-jazeera-tv-journalists-use-their-facebook-twitter-accounts-propaganda-mouthpieces-service\"><em>Al-Jazeera TV Journalists Use Their Facebook, Twitter Accounts As Propaganda Mouthpieces In Service Of Hamas<\/em><\/a><em>, sierpie\u0144 2014). W raporcie tym stwierdzono, \u017ce 15 lipca 2014 r., na tle \u00f3wczesnych walk mi\u0119dzy Izraelem a Hamasem, Chahda napisa\u0142 na Twitterze: \u201eSystem izraelskiej \u017belaznej Kopu\u0142y to papierowy tygrys, s\u0142abszy od paj\u0119czej sieci, pora\u017cka, bezradny wobec rakiet szlachetnego oporu, kt\u00f3ry broni honoru ummy.\u201d<\/em><\/p>\n<p><img loading=\"lazy\" decoding=\"async\" class=\"aligncenter size-full wp-image-21646\" src=\"https:\/\/www2.memri.org\/polish\/wp-content\/uploads\/2024\/06\/Picture4-7.jpg\" alt=\"\" width=\"489\" height=\"111\" srcset=\"https:\/\/www2.memri.org\/polish\/wp-content\/uploads\/2024\/06\/Picture4-7.jpg 489w, https:\/\/www2.memri.org\/polish\/wp-content\/uploads\/2024\/06\/Picture4-7-300x68.jpg 300w\" sizes=\"auto, (max-width: 489px) 100vw, 489px\" \/><\/p>\n<p><em>Kilka dni p\u00f3\u017aniej, 25 lipca 2014 r., Chahda wyrazi\u0142 poparcie dla tuneli Hamasu, pisz\u0105c na Twitterze: \u201eTunele Gazy to cmentarz syjonist\u00f3w\u201d. Chwali\u0142 te\u017c og\u00f3lnie op\u00f3r zbrojny: \u201eW przesz\u0142o\u015bci uwa\u017ca\u0142em, \u017ce zbrojny op\u00f3r w okupowanej Palestynie jest jedn\u0105 z metod wyzwolenia, a dzi\u015b uwa\u017cam, \u017ce zbrojny op\u00f3r jest jedyn\u0105 metod\u0105\u201d.<\/em><\/p>\n<p><em>Poni\u017cej podajemy kolejne przyk\u0142ady ekstremistycznych wypowiedzi D\u017calala Chahdy.<\/em><\/p>\n<figure id=\"attachment_21645\" aria-describedby=\"caption-attachment-21645\" style=\"width: 588px\" class=\"wp-caption aligncenter\"><img loading=\"lazy\" decoding=\"async\" class=\"wp-image-21645 size-full\" src=\"https:\/\/www2.memri.org\/polish\/wp-content\/uploads\/2024\/06\/Picture5-6.jpg\" alt=\"Wywiad Chahdy z Blinkenem, wyemitowany 12 czerwca 2024 (Zdj\u0119cie: Youtube.com\/watch?v=LCR2xjkD_ZY )\" width=\"588\" height=\"325\" srcset=\"https:\/\/www2.memri.org\/polish\/wp-content\/uploads\/2024\/06\/Picture5-6.jpg 588w, https:\/\/www2.memri.org\/polish\/wp-content\/uploads\/2024\/06\/Picture5-6-300x166.jpg 300w\" sizes=\"auto, (max-width: 588px) 100vw, 588px\" \/><figcaption id=\"caption-attachment-21645\" class=\"wp-caption-text\">Wywiad Chahdy z Blinkenem, wyemitowany 12 czerwca 2024 (Zdj\u0119cie: Youtube.com\/watch?v=LCR2xjkD_ZY )<\/figcaption><\/figure>\n<p><strong>Palesty\u0144ski ruch oporu jest jedyn\u0105 opcj\u0105<\/strong><\/p>\n<p>Chahda opublikowa\u0142 liczne posty wychwalaj\u0105ce palesty\u0144skie organizacje terrorystyczne, kt\u00f3re nazywa \u201eorganizacjami oporu\u201d, oraz wychwalaj\u0105ce ataki rakietowe na Izrael ze Strefy Gazy. 28 sierpnia 2014 r. napisa\u0142 na Twitterze: \u201eNarody, ludy i kraje musz\u0105 wiedzie\u0107, \u017ce nie mo\u017cna przegra\u0107 stawiaj\u0105c na ruch oporu\u201d.<\/p>\n<p><img loading=\"lazy\" decoding=\"async\" class=\"aligncenter size-full wp-image-21644\" src=\"https:\/\/www2.memri.org\/polish\/wp-content\/uploads\/2024\/06\/Picture6-3.jpg\" alt=\"\" width=\"718\" height=\"205\" srcset=\"https:\/\/www2.memri.org\/polish\/wp-content\/uploads\/2024\/06\/Picture6-3.jpg 718w, https:\/\/www2.memri.org\/polish\/wp-content\/uploads\/2024\/06\/Picture6-3-300x86.jpg 300w, https:\/\/www2.memri.org\/polish\/wp-content\/uploads\/2024\/06\/Picture6-3-600x171.jpg 600w, https:\/\/www2.memri.org\/polish\/wp-content\/uploads\/2024\/06\/Picture6-3-696x199.jpg 696w\" sizes=\"auto, (max-width: 718px) 100vw, 718px\" \/><\/p>\n<p>P\u00f3\u017aniej tego samego dnia napisa\u0142 na Twitterze: \u201eOd dzisiaj to ruch oporu b\u0119dzie decydowa\u0142 o tym, kiedy Izraelczycy b\u0119d\u0105 mogli wr\u00f3ci\u0107 do swoich dom\u00f3w, a nie [izraelski premier] Netanjahu czy jakikolwiek \u017cydowski przyw\u00f3dca, kt\u00f3ry po nim przyjdzie\u201d.\u00a0<a href=\"https:\/\/www.memri.org\/reports\/leading-al-jazeera-news-anchor-who-recently-interviewed-secretary-state-blinken-doha-has#_edn2\">[2]<\/a><\/p>\n<p>12 sierpnia 2017 r. napisa\u0142 na Twitterze: \u201e#Popieram palesty\u0144ski ruch oporu jako jedyny spos\u00f3b na [osi\u0105gni\u0119cie] wyzwolenia\u201d, a p\u00f3\u017aniej doda\u0142: \u201e#Popieram palesty\u0144ski ruch oporu. A ty?\u201d\u00a0<a href=\"https:\/\/www.memri.org\/reports\/leading-al-jazeera-news-anchor-who-recently-interviewed-secretary-state-blinken-doha-has#_edn3\">[3]<\/a><\/p>\n<p><img loading=\"lazy\" decoding=\"async\" class=\"aligncenter size-full wp-image-21643\" src=\"https:\/\/www2.memri.org\/polish\/wp-content\/uploads\/2024\/06\/Picture7-4.jpg\" alt=\"\" width=\"461\" height=\"163\" srcset=\"https:\/\/www2.memri.org\/polish\/wp-content\/uploads\/2024\/06\/Picture7-4.jpg 461w, https:\/\/www2.memri.org\/polish\/wp-content\/uploads\/2024\/06\/Picture7-4-300x106.jpg 300w\" sizes=\"auto, (max-width: 461px) 100vw, 461px\" \/><\/p>\n<p>14 listopada 2018 r. napisa\u0142 na Twitterze: \u201e#Opieraj\u0105ca si\u0119 i niez\u0142omna Gaza po raz kolejny pokonuje \u017co\u0142nierzy okupanta i ich przyw\u00f3dc\u00f3w oraz ustanawia [nowe] r\u00f3wnanie [w] r\u00f3wnowadze terroru, umieszczaj\u0105c #Izrael pod ogniem [rakietowym]. Wyj\u0105 syreny, schrony przeciwbombowe zosta\u0142y otwarte, a \u017belazna Kopu\u0142a Netanjahu zamienia si\u0119 w paj\u0119czyny\u2026\u201d\u00a0<a href=\"https:\/\/www.memri.org\/reports\/leading-al-jazeera-news-anchor-who-recently-interviewed-secretary-state-blinken-doha-has#_edn4\">[4]<\/a><\/p>\n<p><img loading=\"lazy\" decoding=\"async\" class=\"aligncenter size-full wp-image-21642\" src=\"https:\/\/www2.memri.org\/polish\/wp-content\/uploads\/2024\/06\/Picture8-3.jpg\" alt=\"\" width=\"481\" height=\"202\" srcset=\"https:\/\/www2.memri.org\/polish\/wp-content\/uploads\/2024\/06\/Picture8-3.jpg 481w, https:\/\/www2.memri.org\/polish\/wp-content\/uploads\/2024\/06\/Picture8-3-300x126.jpg 300w\" sizes=\"auto, (max-width: 481px) 100vw, 481px\" \/><\/p>\n<p><strong>Ma nadziej\u0119, \u017ce \u201euczcimy zniszczenie Izraela i jego wygnanie z regionu\u201d<\/strong><\/p>\n<p>29 lipca 2012 r. Chahda napisa\u0142: \u201eDzisiaj, w dniu znanym jako dziewi\u0105ty dzie\u0144 Aw, \u017bydzi w Izraelu \u015bwi\u0119tuj\u0105 zniszczenie swojej \u015bwi\u0105tyni. Mamy nadziej\u0119, \u017ce my, Arabowie, b\u0119dziemy mogli wkr\u00f3tce \u015bwi\u0119towa\u0107 zniszczenie Izraela i jego wygnanie z naszego regionu.\u201d\u00a0<a href=\"https:\/\/www.memri.org\/reports\/leading-al-jazeera-news-anchor-who-recently-interviewed-secretary-state-blinken-doha-has#_edn5\">[5]<\/a><\/p>\n<p><img loading=\"lazy\" decoding=\"async\" class=\"aligncenter size-full wp-image-21641\" src=\"https:\/\/www2.memri.org\/polish\/wp-content\/uploads\/2024\/06\/Picture9-3.jpg\" alt=\"\" width=\"647\" height=\"197\" srcset=\"https:\/\/www2.memri.org\/polish\/wp-content\/uploads\/2024\/06\/Picture9-3.jpg 647w, https:\/\/www2.memri.org\/polish\/wp-content\/uploads\/2024\/06\/Picture9-3-300x91.jpg 300w, https:\/\/www2.memri.org\/polish\/wp-content\/uploads\/2024\/06\/Picture9-3-600x183.jpg 600w\" sizes=\"auto, (max-width: 647px) 100vw, 647px\" \/><\/p>\n<p>6 maja 2019 r. przes\u0142a\u0142 dalej post Katriny Pierson, kt\u00f3ra by\u0142a rzeczniczk\u0105 Donalda Trumpa podczas jego kampanii prezydenckiej w 2016 r., i napisa\u0142: \u201eDoradczyni zespo\u0142u Trumpa zamie\u015bci\u0142a wideo przedstawiaj\u0105ce zmasowany atak rakietowy na Ukrain\u0119, przedstawiaj\u0105c go jak [rakiety wystrzeliwane w kierunku Izraela z] Gazy i jej bojownik\u00f3w ruchu oporu\u2026 Gdyby ruch oporu mia\u0142 takie mo\u017cliwo\u015bci, Izrael nale\u017ca\u0142by do przesz\u0142o\u015bci\u2026\u201d\u00a0<a href=\"https:\/\/www.memri.org\/reports\/leading-al-jazeera-news-anchor-who-recently-interviewed-secretary-state-blinken-doha-has#_edn6\">[6]<\/a><\/p>\n<p><img loading=\"lazy\" decoding=\"async\" class=\"aligncenter size-full wp-image-21640\" src=\"https:\/\/www2.memri.org\/polish\/wp-content\/uploads\/2024\/06\/Picture10-1.jpg\" alt=\"\" width=\"583\" height=\"681\" srcset=\"https:\/\/www2.memri.org\/polish\/wp-content\/uploads\/2024\/06\/Picture10-1.jpg 583w, https:\/\/www2.memri.org\/polish\/wp-content\/uploads\/2024\/06\/Picture10-1-257x300.jpg 257w, https:\/\/www2.memri.org\/polish\/wp-content\/uploads\/2024\/06\/Picture10-1-360x420.jpg 360w\" sizes=\"auto, (max-width: 583px) 100vw, 583px\" \/><\/p>\n<p>14 pa\u017adziernika 2015 r. napisa\u0142 na Twitterze: \u201eTysi\u0105c gratulacji dla Palestyny, drogi oporu\u201d. P\u00f3\u017aniej tego samego dnia udost\u0119pni\u0142 swoje zdj\u0119cie na tle obrazu zatytu\u0142owanego \u201ePalestyna, droga oporu\u201d.\u00a0<a href=\"https:\/\/www.memri.org\/reports\/leading-al-jazeera-news-anchor-who-recently-interviewed-secretary-state-blinken-doha-has#_edn7\">[7]<\/a><\/p>\n<p><img loading=\"lazy\" decoding=\"async\" class=\"aligncenter size-full wp-image-21639\" src=\"https:\/\/www2.memri.org\/polish\/wp-content\/uploads\/2024\/06\/Picture11.jpg\" alt=\"\" width=\"472\" height=\"461\" srcset=\"https:\/\/www2.memri.org\/polish\/wp-content\/uploads\/2024\/06\/Picture11.jpg 472w, https:\/\/www2.memri.org\/polish\/wp-content\/uploads\/2024\/06\/Picture11-300x293.jpg 300w, https:\/\/www2.memri.org\/polish\/wp-content\/uploads\/2024\/06\/Picture11-430x420.jpg 430w\" sizes=\"auto, (max-width: 472px) 100vw, 472px\" \/><\/p>\n<p><strong>Chahda pot\u0119pia kraje arabskie, kt\u00f3re normalizuj\u0105 stosunki z Izraelem<\/strong><\/p>\n<p>W swoich postach Chahda ostro krytykuje umiarkowane elementy arabskie, kt\u00f3re sprzeciwiaj\u0105 si\u0119 terrorowi wobec Izraela. Na przyk\u0142ad 14 listopada 2018 r. napisa\u0142 na Twitterze: \u201eWezwania na niekt\u00f3rych kontach arabskich na Twitterze, zw\u0142aszcza na kontach Arabii Saudyjskiej, kt\u00f3re nawo\u0142uj\u0105 izraelskie pa\u0144stwo okupacyjne do zniszczenia ruch\u00f3w oporu w Gazie i kt\u00f3re broni\u0105 tego, co fa\u0142szywie nazywaj\u0105 \u2018prawem izraelskich osadnik\u00f3w do bezpiecznego \u017cycia\u2019 w okupowanej Palestynie, s\u0105 bardziej odra\u017caj\u0105ce, niecne i przera\u017caj\u0105ce ni\u017c izraelska agresja na oporn\u0105 i niez\u0142omn\u0105 Gaz\u0119\u201d.\u00a0<a href=\"https:\/\/www.memri.org\/reports\/leading-al-jazeera-news-anchor-who-recently-interviewed-secretary-state-blinken-doha-has#_edn8\">[8]<\/a><\/p>\n<p><img loading=\"lazy\" decoding=\"async\" class=\"aligncenter size-full wp-image-21638\" src=\"https:\/\/www2.memri.org\/polish\/wp-content\/uploads\/2024\/06\/Picture12.jpg\" alt=\"\" width=\"492\" height=\"205\" srcset=\"https:\/\/www2.memri.org\/polish\/wp-content\/uploads\/2024\/06\/Picture12.jpg 492w, https:\/\/www2.memri.org\/polish\/wp-content\/uploads\/2024\/06\/Picture12-300x125.jpg 300w\" sizes=\"auto, (max-width: 492px) 100vw, 492px\" \/><\/p>\n<p>23 lipca 2014 r. napisa\u0142 na Twitterze: \u201eJestem zaskoczony, \u017ce niekt\u00f3re arabskie media nazywaj\u0105 ludzi palesty\u0144skiego ruchu oporu \u2018bandytami\u2019!!!\u201d\u00a0<a href=\"https:\/\/www.memri.org\/reports\/leading-al-jazeera-news-anchor-who-recently-interviewed-secretary-state-blinken-doha-has#_edn9\">[9]<\/a><\/p>\n<p><img loading=\"lazy\" decoding=\"async\" class=\"aligncenter size-full wp-image-21637\" src=\"https:\/\/www2.memri.org\/polish\/wp-content\/uploads\/2024\/06\/Picture13.jpg\" alt=\"\" width=\"724\" height=\"230\" srcset=\"https:\/\/www2.memri.org\/polish\/wp-content\/uploads\/2024\/06\/Picture13.jpg 724w, https:\/\/www2.memri.org\/polish\/wp-content\/uploads\/2024\/06\/Picture13-300x95.jpg 300w, https:\/\/www2.memri.org\/polish\/wp-content\/uploads\/2024\/06\/Picture13-600x191.jpg 600w, https:\/\/www2.memri.org\/polish\/wp-content\/uploads\/2024\/06\/Picture13-696x221.jpg 696w\" sizes=\"auto, (max-width: 724px) 100vw, 724px\" \/><\/p>\n<p>23 grudnia 2018 r. udost\u0119pni\u0142 materia\u0142 filmowy przedstawiaj\u0105cy palesty\u0144skiego prezydenta Mahmuda Abbasa pot\u0119piaj\u0105cego izraelskiego premiera Benjamina Netanjahu za, wed\u0142ug Abbasa, przekazywanie \u015brodk\u00f3w Hamasowi, podczas gdy Autonomia Palesty\u0144ska dzia\u0142a przeciwko terroryzmowi Hamasu i sama cierpi z jego powodu. W odpowiedzi na uwagi Abbasa Chahda napisa\u0142: \u201eKto\u015b, kto pot\u0119pia op\u00f3r w\u0142asnego narodu przeciwko okupacji ich ziemi, nie mo\u017ce by\u0107 ich prezydentem\u2026\u201d\u00a0<a href=\"https:\/\/www.memri.org\/reports\/leading-al-jazeera-news-anchor-who-recently-interviewed-secretary-state-blinken-doha-has#_edn10\">[10]<\/a><\/p>\n<p><img loading=\"lazy\" decoding=\"async\" class=\"aligncenter size-full wp-image-21636\" src=\"https:\/\/www2.memri.org\/polish\/wp-content\/uploads\/2024\/06\/Picture14.jpg\" alt=\"\" width=\"489\" height=\"504\" srcset=\"https:\/\/www2.memri.org\/polish\/wp-content\/uploads\/2024\/06\/Picture14.jpg 489w, https:\/\/www2.memri.org\/polish\/wp-content\/uploads\/2024\/06\/Picture14-291x300.jpg 291w, https:\/\/www2.memri.org\/polish\/wp-content\/uploads\/2024\/06\/Picture14-408x420.jpg 408w\" sizes=\"auto, (max-width: 489px) 100vw, 489px\" \/><\/p>\n<p>W po\u015bcie na Facebooku z 20 lipca 2017 r. Chahda pot\u0119pi\u0142 normalizacj\u0119 stosunk\u00f3w mi\u0119dzy krajami arabskimi a Izraelem: \u201eWsp\u00f3lnie [osi\u0105gniemy] zwyci\u0119stwo w okupowanej Jerozolimie i meczecie Al-Aksa w starciu z okupantem i jego wykrywaczami metali, i [czekamy] na niepowodzenie planu niekt\u00f3rych kraj\u00f3w arabskich normalizacji stosunk\u00f3w z okupuj\u0105cym wrogiem syjonistycznym #W\u015bciek\u0142o\u015b\u0107 w imi\u0119 Al-Aksa\u201d.\u00a0<a href=\"https:\/\/www.memri.org\/reports\/leading-al-jazeera-news-anchor-who-recently-interviewed-secretary-state-blinken-doha-has#_edn11\">[11]<\/a><\/p>\n<p><img loading=\"lazy\" decoding=\"async\" class=\"aligncenter size-full wp-image-21635\" src=\"https:\/\/www2.memri.org\/polish\/wp-content\/uploads\/2024\/06\/Picture15.jpg\" alt=\"\" width=\"669\" height=\"134\" srcset=\"https:\/\/www2.memri.org\/polish\/wp-content\/uploads\/2024\/06\/Picture15.jpg 669w, https:\/\/www2.memri.org\/polish\/wp-content\/uploads\/2024\/06\/Picture15-300x60.jpg 300w, https:\/\/www2.memri.org\/polish\/wp-content\/uploads\/2024\/06\/Picture15-600x120.jpg 600w\" sizes=\"auto, (max-width: 669px) 100vw, 669px\" \/><\/p>\n<p><strong>Pochwa\u0142a dla za\u0142o\u017cyciela Hamasu Ahmada Jassina<\/strong><\/p>\n<p>Przez lata Chahda wychwala\u0142 za\u0142o\u017cyciela Hamasu, szejka Ahmada Jassina. Na przyk\u0142ad 1 sierpnia 2014 r. napisa\u0142: \u201ePozdrowienia dla ducha szejka ruchu oporu, szejka Ahmada Jassina (28 czerwca 1936\u201322 marca 2004)\u2026\u201d<\/p>\n<p><img loading=\"lazy\" decoding=\"async\" class=\"aligncenter size-full wp-image-21634\" src=\"https:\/\/www2.memri.org\/polish\/wp-content\/uploads\/2024\/06\/Picture16.jpg\" alt=\"\" width=\"367\" height=\"653\" srcset=\"https:\/\/www2.memri.org\/polish\/wp-content\/uploads\/2024\/06\/Picture16.jpg 367w, https:\/\/www2.memri.org\/polish\/wp-content\/uploads\/2024\/06\/Picture16-169x300.jpg 169w, https:\/\/www2.memri.org\/polish\/wp-content\/uploads\/2024\/06\/Picture16-236x420.jpg 236w\" sizes=\"auto, (max-width: 367px) 100vw, 367px\" \/><\/p>\n<p>P\u00f3\u017aniej tego samego dnia napisa\u0142: \u201eSzejk ruchu oporu, szejk Ahmad Jassin, powiedzia\u0142: \u2018To jest moje stanowisko. Z pomoc\u0105 Allaha b\u0119d\u0119 kontynuowa\u0142 d\u017cihad, a\u017c moja ziemia zostanie wyzwolona, \u200b\u200bbo nie boj\u0119 si\u0119 \u015bmierci\u2019\u201d.\u00a0<a href=\"https:\/\/www.memri.org\/reports\/leading-al-jazeera-news-anchor-who-recently-interviewed-secretary-state-blinken-doha-has#_edn12\">[ 12]<\/a><\/p>\n<p>11 maja 2019 r. Chahda udost\u0119pni\u0142 zdj\u0119cie Jassina z napisem: \u201ePozdrowienia dla ducha szejka ruchu oporu Ahmada Jassina\u201d.\u00a0<a href=\"https:\/\/www.memri.org\/reports\/leading-al-jazeera-news-anchor-who-recently-interviewed-secretary-state-blinken-doha-has#_edn13\">[13]<\/a><\/p>\n<p><img loading=\"lazy\" decoding=\"async\" class=\"aligncenter size-full wp-image-21633\" src=\"https:\/\/www2.memri.org\/polish\/wp-content\/uploads\/2024\/06\/Picture17.jpg\" alt=\"\" width=\"455\" height=\"737\" srcset=\"https:\/\/www2.memri.org\/polish\/wp-content\/uploads\/2024\/06\/Picture17.jpg 455w, https:\/\/www2.memri.org\/polish\/wp-content\/uploads\/2024\/06\/Picture17-185x300.jpg 185w, https:\/\/www2.memri.org\/polish\/wp-content\/uploads\/2024\/06\/Picture17-259x420.jpg 259w\" sizes=\"auto, (max-width: 455px) 100vw, 455px\" \/><\/p>\n<hr \/>\n<p><a name=\"_edn1\"><\/a><a href=\"https:\/\/www.memri.org\/reports\/leading-al-jazeera-news-anchor-who-recently-interviewed-secretary-state-blinken-doha-has#_ednref1\">[1]<\/a>\u00a0Youtube.com\/watch?v=LCR2xjkD_ZY, June 12, 2024.<\/p>\n<p><a name=\"_edn2\"><\/a><a href=\"https:\/\/www.memri.org\/reports\/leading-al-jazeera-news-anchor-who-recently-interviewed-secretary-state-blinken-doha-has#_ednref2\">[2]<\/a>\u00a0X.com\/ChahdaJalal, August 28, 2014.<\/p>\n<p><a name=\"_edn3\"><\/a><a href=\"https:\/\/www.memri.org\/reports\/leading-al-jazeera-news-anchor-who-recently-interviewed-secretary-state-blinken-doha-has#_ednref3\">[3]<\/a>\u00a0X.com\/ChahdaJalal, August 12, 2017<\/p>\n<p><a name=\"_edn4\"><\/a><a href=\"https:\/\/www.memri.org\/reports\/leading-al-jazeera-news-anchor-who-recently-interviewed-secretary-state-blinken-doha-has#_ednref4\">[4]<\/a>\u00a0X.com\/ChahdaJalal, November 14, 2018.<\/p>\n<p><a name=\"_edn5\"><\/a><a href=\"https:\/\/www.memri.org\/reports\/leading-al-jazeera-news-anchor-who-recently-interviewed-secretary-state-blinken-doha-has#_ednref5\">[5]<\/a>\u00a0X.com\/ChahdaJalal, July 29, 2012.<\/p>\n<p><a name=\"_edn6\"><\/a><a href=\"https:\/\/www.memri.org\/reports\/leading-al-jazeera-news-anchor-who-recently-interviewed-secretary-state-blinken-doha-has#_ednref6\">[6]<\/a>\u00a0X.com\/ChahdaJalal, May 6, 2019.<\/p>\n<p><a name=\"_edn7\"><\/a><a href=\"https:\/\/www.memri.org\/reports\/leading-al-jazeera-news-anchor-who-recently-interviewed-secretary-state-blinken-doha-has#_ednref7\">[7]<\/a>\u00a0X.com\/ChahdaJalal, October 14, 2015.<\/p>\n<p><a name=\"_edn8\"><\/a><a href=\"https:\/\/www.memri.org\/reports\/leading-al-jazeera-news-anchor-who-recently-interviewed-secretary-state-blinken-doha-has#_ednref8\">[8]<\/a>\u00a0X.com\/ChahdaJalal, November 14, 2018.<\/p>\n<p><a name=\"_edn9\"><\/a><a href=\"https:\/\/www.memri.org\/reports\/leading-al-jazeera-news-anchor-who-recently-interviewed-secretary-state-blinken-doha-has#_ednref9\">[9]<\/a>\u00a0X.com\/ChahdaJalal, July 23, 2014.<\/p>\n<p><a name=\"_edn10\"><\/a><a href=\"https:\/\/www.memri.org\/reports\/leading-al-jazeera-news-anchor-who-recently-interviewed-secretary-state-blinken-doha-has#_ednref10\">[10]<\/a>\u00a0X.com\/ChahdaJalal, December 23, 2018.<\/p>\n<p><a name=\"_edn11\"><\/a><a href=\"https:\/\/www.memri.org\/reports\/leading-al-jazeera-news-anchor-who-recently-interviewed-secretary-state-blinken-doha-has#_ednref11\">[11]<\/a>\u00a0Facebook.com\/JalalChahda, July 20, 2017.<\/p>\n<p><a name=\"_edn12\"><\/a><a href=\"https:\/\/www.memri.org\/reports\/leading-al-jazeera-news-anchor-who-recently-interviewed-secretary-state-blinken-doha-has#_ednref12\">[12]<\/a>\u00a0X.com\/ChahdaJalal, August 1, 2014.<\/p>\n<p><a name=\"_edn13\"><\/a><a href=\"https:\/\/www.memri.org\/reports\/leading-al-jazeera-news-anchor-who-recently-interviewed-secretary-state-blinken-doha-has#_ednref13\">[13]<\/a>\u00a0X.com\/ChahdaJalal, May 11, 2019.<\/p>\n","protected":false},"excerpt":{"rendered":"<p>&nbsp; Czo\u0142owy prezenter wiadomo\u015bci i gospodarz program\u00f3w telewizyjnych Al-D\u017caziry, D\u017calal Chahda, kt\u00f3ry 12 czerwca 2024 r. przeprowadzi\u0142 wywiad z sekretarzem stanu USA Antonym Blinkenem w stolicy Kataru Doha\u00a0[1]\u00a0, pracuje w tej sieci od 2011 r. i jest znany ze swoich ekstremistycznych pogl\u0105d\u00f3w. Chahda wyra\u017ca poparcie dla organizacji terrorystycznych, zw\u0142aszcza Hamasu, pochwala wystrzeliwanie rakiet w kierunku [&hellip;]<\/p>\n","protected":false},"author":1,"featured_media":21645,"comment_status":"closed","ping_status":"closed","sticky":false,"template":"","format":"standard","meta":{"footnotes":""},"categories":[824,835,837,840],"tags":[],"class_list":["post-21632","post","type-post","status-publish","format-standard","has-post-thumbnail","hentry","category-specjalne-komunikaty","category-archiwum","category-kraje","category-zatoka-perska"],"_links":{"self":[{"href":"https:\/\/www2.memri.org\/polish\/wp-json\/wp\/v2\/posts\/21632","targetHints":{"allow":["GET"]}}],"collection":[{"href":"https:\/\/www2.memri.org\/polish\/wp-json\/wp\/v2\/posts"}],"about":[{"href":"https:\/\/www2.memri.org\/polish\/wp-json\/wp\/v2\/types\/post"}],"author":[{"embeddable":true,"href":"https:\/\/www2.memri.org\/polish\/wp-json\/wp\/v2\/users\/1"}],"replies":[{"embeddable":true,"href":"https:\/\/www2.memri.org\/polish\/wp-json\/wp\/v2\/comments?post=21632"}],"version-history":[{"count":1,"href":"https:\/\/www2.memri.org\/polish\/wp-json\/wp\/v2\/posts\/21632\/revisions"}],"predecessor-version":[{"id":21647,"href":"https:\/\/www2.memri.org\/polish\/wp-json\/wp\/v2\/posts\/21632\/revisions\/21647"}],"wp:featuredmedia":[{"embeddable":true,"href":"https:\/\/www2.memri.org\/polish\/wp-json\/wp\/v2\/media\/21645"}],"wp:attachment":[{"href":"https:\/\/www2.memri.org\/polish\/wp-json\/wp\/v2\/media?parent=21632"}],"wp:term":[{"taxonomy":"category","embeddable":true,"href":"https:\/\/www2.memri.org\/polish\/wp-json\/wp\/v2\/categories?post=21632"},{"taxonomy":"post_tag","embeddable":true,"href":"https:\/\/www2.memri.org\/polish\/wp-json\/wp\/v2\/tags?post=21632"}],"curies":[{"name":"wp","href":"https:\/\/api.w.org\/{rel}","templated":true}]}}