{"id":21378,"date":"2024-05-06T19:47:17","date_gmt":"2024-05-06T17:47:17","guid":{"rendered":"https:\/\/www2.memri.org\/polish\/?p=21378"},"modified":"2024-05-07T19:52:30","modified_gmt":"2024-05-07T17:52:30","slug":"zastepca-sekretarza-generalnego-hezbollahu-szejk-naim-kassem-salutujemy-amerykanom-ktorzy-powstali-w-poparciu-dla-gazy-ich-protesty-sa-wazne-szczegolnie-dlatego-ze-beda-mialy-wielki-wplyw-na-wybo","status":"publish","type":"post","link":"https:\/\/www2.memri.org\/polish\/zastepca-sekretarza-generalnego-hezbollahu-szejk-naim-kassem-salutujemy-amerykanom-ktorzy-powstali-w-poparciu-dla-gazy-ich-protesty-sa-wazne-szczegolnie-dlatego-ze-beda-mialy-wielki-wplyw-na-wybo\/21378","title":{"rendered":"Zast\u0119pca sekretarza generalnego Hezbollahu, szejk Naim Kassem: Salutujemy Amerykanom, kt\u00f3rzy powstali w poparciu dla Gazy; ich protesty s\u0105 wa\u017cne szczeg\u00f3lnie dlatego, \u017ce b\u0119d\u0105 mia\u0142y wielki wp\u0142yw na wybory w USA"},"content":{"rendered":"<p><em>Zast\u0119pca sekretarza generalnego Hezbollahu, szejk Naim Kassem, pozdrowi\u0142 ameryka\u0144skich protestuj\u0105cych popieraj\u0105cych Gaz\u0119 w wywiadzie dla Al-Manar TV [Hezbollah-Liban] 3 maja 2024 r. Powiedzia\u0142, \u017ce Hezbollah bardzo ich docenia. Powiedzia\u0142 te\u017c, \u017ce protesty b\u0119d\u0105 mia\u0142y ogromny wp\u0142yw na wybory w USA i b\u0119d\u0105 mia\u0142y wp\u0142yw na polityk\u0119 prezydenta Bidena. Uzna\u0142, \u017ce mo\u017ce to mie\u0107 wp\u0142yw na zakres wsparcia, jakiego Ameryka udziela Izraelowi, co z kolei mo\u017ce sprowadzi\u0107 zniszczenie Izraela bez wi\u0119kszego wysi\u0142ku ze strony Hezbollahu.<\/em><\/p>\n<p><em>Aby obejrze\u0107 klip przedstawiaj\u0105cy zast\u0119pc\u0119 sekretarza generalnego Hezbollahu. Naima Kassema, kliknij\u00a0<\/em><a href=\"https:\/\/www.memri.org\/tv\/hizbullah-dep-sec-naim-qassem-we-salute-american-protesters-support-gaza-impact-elections-biden\"><em>tutaj<\/em><\/a><em>.<\/em><\/p>\n<p><em>W artykule z 22 kwietnia 2024 opublikowanym w<\/em>\u00a0Wall Street Journal\u00a0<em>dyrektor wykonawczy MEMRI Steven Stalinsky napisa\u0142 o wsparciu Hezbollahu, Hamasu i Huti dla protest\u00f3w studenckich w USA i na Zachodzie (kliknij\u00a0<\/em><a href=\"https:\/\/www.wsj.com\/articles\/whos-behind-the-anti-israel-protests-hamas-gaza-hezbollah-talking-points-d2f538ca\"><em>tutaj<\/em><\/a><em>, by go przeczyta\u0107).\u00a0<\/em><\/p>\n<p><img loading=\"lazy\" decoding=\"async\" class=\"alignnone size-full wp-image-21379\" src=\"https:\/\/www2.memri.org\/polish\/wp-content\/uploads\/2024\/05\/Picture10.jpg\" alt=\"\" width=\"414\" height=\"417\" srcset=\"https:\/\/www2.memri.org\/polish\/wp-content\/uploads\/2024\/05\/Picture10.jpg 414w, https:\/\/www2.memri.org\/polish\/wp-content\/uploads\/2024\/05\/Picture10-298x300.jpg 298w, https:\/\/www2.memri.org\/polish\/wp-content\/uploads\/2024\/05\/Picture10-150x150.jpg 150w\" sizes=\"auto, (max-width: 414px) 100vw, 414px\" \/><\/p>\n<p>Poni\u017cej znajduje si\u0119 zapis klipu MEMRI TV przedstawiaj\u0105cego wypowiedzi Naima Kassema.<\/p>\n<p><strong>\u201eIzraelczycy i Amerykanie po\u0142o\u017cyli podwaliny pod nieustanny op\u00f3r dzieci i p\u0142od\u00f3w, [zaczynaj\u0105c] od wcze\u015bniejszego wieku\u201d<\/strong><\/p>\n<p><strong>Naim Kassem:<\/strong>\u00a0Izraelczycy i Amerykanie odkryj\u0105, \u017ce tego rodzaju agresj\u0105 po\u0142o\u017cyli podwaliny pod nieustanny op\u00f3r dzieci i p\u0142od\u00f3w we wcze\u015bniejszym wieku ni\u017c wojownicy zdobywali kwalifikacje w przesz\u0142o\u015bci. W przesz\u0142o\u015bci zaczynali my\u015ble\u0107 o do\u0142\u0105czeniu do walki po osi\u0105gni\u0119ciu pe\u0142noletno\u015bci, ale teraz s\u0105 zdeterminowani, aby wej\u015b\u0107 na pole bitwy zaraz po urodzeniu, widz\u0105c \u015bmier\u0107 swoich rodzic\u00f3w, ludob\u00f3jstwo pope\u0142niane przez Izrael i globalne zbrodnie pope\u0142nione przeciwko nim przez Ameryk\u0119.<\/p>\n<p><img loading=\"lazy\" decoding=\"async\" class=\"alignnone size-full wp-image-21380\" src=\"https:\/\/www2.memri.org\/polish\/wp-content\/uploads\/2024\/05\/Picture11.jpg\" alt=\"\" width=\"609\" height=\"408\" srcset=\"https:\/\/www2.memri.org\/polish\/wp-content\/uploads\/2024\/05\/Picture11.jpg 609w, https:\/\/www2.memri.org\/polish\/wp-content\/uploads\/2024\/05\/Picture11-300x201.jpg 300w, https:\/\/www2.memri.org\/polish\/wp-content\/uploads\/2024\/05\/Picture11-600x402.jpg 600w\" sizes=\"auto, (max-width: 609px) 100vw, 609px\" \/><\/p>\n<p>[&#8230;]<\/p>\n<p><strong>\u201e[Protesty na kampusie] s\u0105 wa\u017cne, szczeg\u00f3lnie dlatego, \u017ce b\u0119d\u0105 mia\u0142y wp\u0142yw na wybory w USA\u201d<\/strong><\/p>\n<p>Amerykanie \u2013 zw\u0142aszcza Biden \u2013 znajduj\u0105 si\u0119 pod wielk\u0105 presj\u0105. Biden znajduje si\u0119 pod presj\u0105 wewn\u0119trzn\u0105 i zewn\u0119trzn\u0105 ze wzgl\u0119du na swoj\u0105 polityk\u0119 i podej\u015bcie. Presja wewn\u0105trz Ameryki jest bardziej znacz\u0105ca. Grozi mu przegrana wybor\u00f3w z powodu Gazy.<\/p>\n<p>[&#8230;]<\/p>\n<p>Kiedy m\u00f3wimy, \u017ce Ameryka jest ciemi\u0119\u017cc\u0105, \u017ce Ameryk\u0119 nale\u017cy powstrzyma\u0107, \u017ce Ameryka jest hipokrytk\u0105 i tak dalej, i tak dalej \u2013 mamy na my\u015bli administracj\u0119 ameryka\u0144sk\u0105. W skr\u00f3cie m\u00f3wimy \u201eAmeryka\u201d. Nie mo\u017cemy ci\u0105gle powtarza\u0107: \u201eadministracja ameryka\u0144ska\u201d, ca\u0142y czas. Nie. M\u00f3wimy \u201eAmeryka\u201d i mamy na my\u015bli administracj\u0119 ameryka\u0144sk\u0105.<\/p>\n<p>Je\u015bli chodzi o nar\u00f3d ameryka\u0144ski, oceniam go na podstawie jego dzia\u0142a\u0144. Kiedy nar\u00f3d ameryka\u0144ski zajmuje stanowisko poparcia dla Gazy \u2013 a raczej ci spo\u015br\u00f3d nich, kt\u00f3rzy zajmuj\u0105 stanowisko poparcia dla Gazy \u2013 salutujemy mu i oklaskujemy, i wierzymy, \u017ce walcz\u0105 o sprawiedliwo\u015b\u0107 przeciwko okupantowi.<\/p>\n<p><img loading=\"lazy\" decoding=\"async\" class=\"alignnone size-full wp-image-21381\" src=\"https:\/\/www2.memri.org\/polish\/wp-content\/uploads\/2024\/05\/Picture12.jpg\" alt=\"\" width=\"609\" height=\"407\" srcset=\"https:\/\/www2.memri.org\/polish\/wp-content\/uploads\/2024\/05\/Picture12.jpg 609w, https:\/\/www2.memri.org\/polish\/wp-content\/uploads\/2024\/05\/Picture12-300x200.jpg 300w, https:\/\/www2.memri.org\/polish\/wp-content\/uploads\/2024\/05\/Picture12-600x401.jpg 600w\" sizes=\"auto, (max-width: 609px) 100vw, 609px\" \/><\/p>\n<p>Bardzo to doceniamy i [wysoko] cenimy. By\u0107 mo\u017ce w przysz\u0142o\u015bci b\u0119dzie wsp\u00f3\u0142praca mi\u0119dzy m\u0142odzie\u017c\u0105 \u015bwiata \u2013 w Ameryce, Francji, Wielkiej Brytanii, Niemczech i wszystkimi dzia\u0142aczami. [Protesty na kampusach] s\u0105 wa\u017cne, zw\u0142aszcza dlatego, \u017ce b\u0119d\u0105 mia\u0142y wp\u0142yw na wybory w USA. B\u0119d\u0105 mia\u0142y wp\u0142yw na stanowisko USA. Nawet je\u015bli Biden twierdzi, \u017ce nie b\u0119dzie to mia\u0142o na niego wp\u0142ywu, to zrobi to, czy mu si\u0119 to podoba, czy nie. Zobaczymy, jak podejmuje dzia\u0142ania z powodu wp\u0142yw protestuj\u0105cych na niego.<\/p>\n<p><img loading=\"lazy\" decoding=\"async\" class=\"alignnone size-full wp-image-21382\" src=\"https:\/\/www2.memri.org\/polish\/wp-content\/uploads\/2024\/05\/Picture13.jpg\" alt=\"\" width=\"607\" height=\"404\" srcset=\"https:\/\/www2.memri.org\/polish\/wp-content\/uploads\/2024\/05\/Picture13.jpg 607w, https:\/\/www2.memri.org\/polish\/wp-content\/uploads\/2024\/05\/Picture13-300x200.jpg 300w, https:\/\/www2.memri.org\/polish\/wp-content\/uploads\/2024\/05\/Picture13-600x399.jpg 600w\" sizes=\"auto, (max-width: 607px) 100vw, 607px\" \/><\/p>\n<p><strong>\u201eBez wsparcia [USA] Izrael jest niczym; nie b\u0119dziemy musieli ci\u0119\u017cko pracowa\u0107, aby go zniszczy\u0107\u201d<\/strong><\/p>\n<p>Dop\u00f3ki muzu\u0142manie, Arabowie i wolni ludzie nie b\u0119d\u0105 w stanie stworzy\u0107 lobby silniejszego ni\u017c lobby syjonistyczne, to \u201epowszechne lobby\u201d mo\u017ce odegra\u0107 rol\u0119 w zmianie punktu widzenia, a to jest wa\u017cniejsze ni\u017c [polityczne] lobby powy\u017cej. Sk\u0105d pochodz\u0105 cz\u0142onkowie Kongresu? Je\u015bli zmieni si\u0119 perspektywa ludzi\u2026 Nigdy nie by\u0142o takiego poziomu [protest\u00f3w] w Ameryce\u2026 Oznacza\u0142oby to rozpocz\u0119cie nowego etapu, i by\u0107 mo\u017ce pewnego dnia Ameryka nie b\u0119dzie ju\u017c wspiera\u0107 Izraela w takim stopniu. Bez wsparcia Izrael jest niczym. Nie musieliby\u015bmy ci\u0119\u017cko pracowa\u0107, aby zniszczy\u0107 Izrael. Bez wsparcia zostanie on zniszczony.<\/p>\n<p><img loading=\"lazy\" decoding=\"async\" class=\"alignnone size-full wp-image-21383\" src=\"https:\/\/www2.memri.org\/polish\/wp-content\/uploads\/2024\/05\/Picture14.jpg\" alt=\"\" width=\"607\" height=\"406\" srcset=\"https:\/\/www2.memri.org\/polish\/wp-content\/uploads\/2024\/05\/Picture14.jpg 607w, https:\/\/www2.memri.org\/polish\/wp-content\/uploads\/2024\/05\/Picture14-300x201.jpg 300w, https:\/\/www2.memri.org\/polish\/wp-content\/uploads\/2024\/05\/Picture14-600x401.jpg 600w\" sizes=\"auto, (max-width: 607px) 100vw, 607px\" \/><\/p>\n<p>&nbsp;<\/p>\n","protected":false},"excerpt":{"rendered":"<p>Zast\u0119pca sekretarza generalnego Hezbollahu, szejk Naim Kassem, pozdrowi\u0142 ameryka\u0144skich protestuj\u0105cych popieraj\u0105cych Gaz\u0119 w wywiadzie dla Al-Manar TV [Hezbollah-Liban] 3 maja 2024 r. Powiedzia\u0142, \u017ce Hezbollah bardzo ich docenia. Powiedzia\u0142 te\u017c, \u017ce protesty b\u0119d\u0105 mia\u0142y ogromny wp\u0142yw na wybory w USA i b\u0119d\u0105 mia\u0142y wp\u0142yw na polityk\u0119 prezydenta Bidena. Uzna\u0142, \u017ce mo\u017ce to mie\u0107 wp\u0142yw na [&hellip;]<\/p>\n","protected":false},"author":1,"featured_media":21380,"comment_status":"closed","ping_status":"closed","sticky":false,"template":"","format":"standard","meta":{"footnotes":""},"categories":[824,828,835,837,841],"tags":[],"class_list":["post-21378","post","type-post","status-publish","format-standard","has-post-thumbnail","hentry","category-specjalne-komunikaty","category-autonomia-palestynska","category-archiwum","category-kraje","category-liban"],"_links":{"self":[{"href":"https:\/\/www2.memri.org\/polish\/wp-json\/wp\/v2\/posts\/21378","targetHints":{"allow":["GET"]}}],"collection":[{"href":"https:\/\/www2.memri.org\/polish\/wp-json\/wp\/v2\/posts"}],"about":[{"href":"https:\/\/www2.memri.org\/polish\/wp-json\/wp\/v2\/types\/post"}],"author":[{"embeddable":true,"href":"https:\/\/www2.memri.org\/polish\/wp-json\/wp\/v2\/users\/1"}],"replies":[{"embeddable":true,"href":"https:\/\/www2.memri.org\/polish\/wp-json\/wp\/v2\/comments?post=21378"}],"version-history":[{"count":1,"href":"https:\/\/www2.memri.org\/polish\/wp-json\/wp\/v2\/posts\/21378\/revisions"}],"predecessor-version":[{"id":21385,"href":"https:\/\/www2.memri.org\/polish\/wp-json\/wp\/v2\/posts\/21378\/revisions\/21385"}],"wp:featuredmedia":[{"embeddable":true,"href":"https:\/\/www2.memri.org\/polish\/wp-json\/wp\/v2\/media\/21380"}],"wp:attachment":[{"href":"https:\/\/www2.memri.org\/polish\/wp-json\/wp\/v2\/media?parent=21378"}],"wp:term":[{"taxonomy":"category","embeddable":true,"href":"https:\/\/www2.memri.org\/polish\/wp-json\/wp\/v2\/categories?post=21378"},{"taxonomy":"post_tag","embeddable":true,"href":"https:\/\/www2.memri.org\/polish\/wp-json\/wp\/v2\/tags?post=21378"}],"curies":[{"name":"wp","href":"https:\/\/api.w.org\/{rel}","templated":true}]}}