{"id":21201,"date":"2024-04-05T23:09:56","date_gmt":"2024-04-05T21:09:56","guid":{"rendered":"https:\/\/www2.memri.org\/polish\/?p=21201"},"modified":"2024-04-08T23:16:26","modified_gmt":"2024-04-08T21:16:26","slug":"zyjacy-w-kanadzie-byly-wysoki-ranga-funkcjonariusz-lfwp-chaled-barakat-o-hezbollahu-protestujacy-amerykanie-i-kanadyjczycy-popieraja-zbrojny-opor-zlikwidowanie-izraela-bds-sluzy-zbrojnemu-oporowi","status":"publish","type":"post","link":"https:\/\/www2.memri.org\/polish\/zyjacy-w-kanadzie-byly-wysoki-ranga-funkcjonariusz-lfwp-chaled-barakat-o-hezbollahu-protestujacy-amerykanie-i-kanadyjczycy-popieraja-zbrojny-opor-zlikwidowanie-izraela-bds-sluzy-zbrojnemu-oporowi\/21201","title":{"rendered":"\u017byj\u0105cy w Kanadzie by\u0142y wysoki rang\u0105 funkcjonariusz LFWP, Chaled Barakat, o Hezbollahu: Protestuj\u0105cy Amerykanie i Kanadyjczycy popieraj\u0105 zbrojny op\u00f3r, zlikwidowanie Izraela; BDS s\u0142u\u017cy zbrojnemu oporowi, ale nie mo\u017ce go zast\u0105pi\u0107"},"content":{"rendered":"<p><em>By\u0142y wysoki rang\u0105 funkcjonariusz Ludowego Frontu Wyzwolenia Palestyny \u200b\u200b(LFWP) i dzia\u0142acz Chaled Barakat mieszkaj\u0105cy w Kanadzie powiedzia\u0142 w wywiadzie dla Al-Manar TV (Hezbollah-Liban) z 30 marca 2024 r., \u017ce dzisiejsze pokolenie Amerykan\u00f3w i Kanadyjczyk\u00f3w szeroko \u2013 i odwa\u017cnie \u2013 popiera zbrojny op\u00f3r i likwidacj\u0119 \u201etworu syjonistycznego\u201d. Powiedzia\u0142, \u017ce dowodem tego jest skandowanie \u201eod rzeki do morza Palestyna b\u0119dzie wolna\u201d podczas protest\u00f3w. Barakat wyja\u015bni\u0142, \u017ce dzieje si\u0119 tak dlatego, \u017ce programy nauczania historii w szko\u0142ach \u015brednich i na uniwersytetach ucz\u0105 o kolonializmie, rasizmie i niewolnictwie. Powiedzia\u0142, \u017ce ruchy bojkotuj\u0105ce Izrael \u201es\u0142u\u017c\u0105\u201d zbrojnemu oporowi, ale nie mog\u0105 go zast\u0105pi\u0107. Barakat wspomina\u0142, \u017ce podczas drugiej wojny liba\u0144skiej w 2006 r. grupa kanadyjsko-arabskich zwolennik\u00f3w Hezbollahu spotka\u0142a si\u0119 z ministrem spraw zagranicznych Kanady i powiedzia\u0142a mu: \u201eWszyscy jeste\u015bmy z Hassanem Nasrallahem. Nawet fili\u017canka kawy, kt\u00f3r\u0105 pijesz, zosta\u0142a przez niego op\u0142acona\u201d.<\/em><\/p>\n<p><strong><em>Aby zobaczy\u0107 klip z udzia\u0142em\u00a0by\u0142ego starszego funkcjonariusza LFWP Chaleda Barakata, kliknij\u00a0<\/em><\/strong><a href=\"https:\/\/www.memri.org\/tv\/former-senior-pflp-official-activist-barakat-todays-generation-support-elimination-of-israel\"><strong><em>tutaj<\/em><\/strong><\/a><strong><em>:<\/em><\/strong><\/p>\n<p><strong>\u201eZdecydowana wi\u0119kszo\u015b\u0107 nowego pokolenia [w USA i Kanadzie] popiera zbrojny ruch oporu i usuni\u0119cie Izraela z Palestyny <\/strong><strong>\u200b\u200b<\/strong><strong>w ca<\/strong><strong>\u0142<\/strong><strong>o<\/strong><strong>\u015b<\/strong><strong>ci<\/strong><strong>\u2026<\/strong><strong> Oto dlaczego ich g<\/strong><strong>\u0142\u00f3<\/strong><strong>wny slogan brzmi: \u2018Palestyna b<\/strong><strong>\u0119<\/strong><strong>dzie wolna od rzeki do morza\u2019\u201d<\/strong><\/p>\n<p><strong>Chaled Barakat:<\/strong>\u00a0Zdecydowana wi\u0119kszo\u015b\u0107 nowego pokolenia [w USA i Kanadzie] popiera zbrojny op\u00f3r, jak r\u00f3wnie\u017c usuni\u0119cie tworu syjonistycznego z ca\u0142ej okupowanej Palestyny.<\/p>\n<p><img loading=\"lazy\" decoding=\"async\" class=\"alignnone size-full wp-image-21202\" src=\"https:\/\/www2.memri.org\/polish\/wp-content\/uploads\/2024\/04\/Picture4-1.jpg\" alt=\"\" width=\"1292\" height=\"853\" srcset=\"https:\/\/www2.memri.org\/polish\/wp-content\/uploads\/2024\/04\/Picture4-1.jpg 1292w, https:\/\/www2.memri.org\/polish\/wp-content\/uploads\/2024\/04\/Picture4-1-300x198.jpg 300w, https:\/\/www2.memri.org\/polish\/wp-content\/uploads\/2024\/04\/Picture4-1-1024x676.jpg 1024w, https:\/\/www2.memri.org\/polish\/wp-content\/uploads\/2024\/04\/Picture4-1-768x507.jpg 768w, https:\/\/www2.memri.org\/polish\/wp-content\/uploads\/2024\/04\/Picture4-1-600x396.jpg 600w, https:\/\/www2.memri.org\/polish\/wp-content\/uploads\/2024\/04\/Picture4-1-696x460.jpg 696w, https:\/\/www2.memri.org\/polish\/wp-content\/uploads\/2024\/04\/Picture4-1-1068x705.jpg 1068w, https:\/\/www2.memri.org\/polish\/wp-content\/uploads\/2024\/04\/Picture4-1-636x420.jpg 636w\" sizes=\"auto, (max-width: 1292px) 100vw, 1292px\" \/><\/p>\n<p>Dlatego widzimy, \u017ce g\u0142\u00f3wnym has\u0142em wszystkich tych ruch\u00f3w, demonstracji i dzia\u0142a\u0144 jest: \u201cPalestyna b\u0119dzie wolna od rzeki do morza\u201d \u2013 Palestyna zostanie wyzwolona od rzeki do morza.<\/p>\n<p><img loading=\"lazy\" decoding=\"async\" class=\"alignnone size-full wp-image-21203\" src=\"https:\/\/www2.memri.org\/polish\/wp-content\/uploads\/2024\/04\/Picture5-1.jpg\" alt=\"\" width=\"1283\" height=\"849\" srcset=\"https:\/\/www2.memri.org\/polish\/wp-content\/uploads\/2024\/04\/Picture5-1.jpg 1283w, https:\/\/www2.memri.org\/polish\/wp-content\/uploads\/2024\/04\/Picture5-1-300x199.jpg 300w, https:\/\/www2.memri.org\/polish\/wp-content\/uploads\/2024\/04\/Picture5-1-1024x678.jpg 1024w, https:\/\/www2.memri.org\/polish\/wp-content\/uploads\/2024\/04\/Picture5-1-768x508.jpg 768w, https:\/\/www2.memri.org\/polish\/wp-content\/uploads\/2024\/04\/Picture5-1-600x397.jpg 600w, https:\/\/www2.memri.org\/polish\/wp-content\/uploads\/2024\/04\/Picture5-1-696x461.jpg 696w, https:\/\/www2.memri.org\/polish\/wp-content\/uploads\/2024\/04\/Picture5-1-1068x707.jpg 1068w, https:\/\/www2.memri.org\/polish\/wp-content\/uploads\/2024\/04\/Picture5-1-635x420.jpg 635w\" sizes=\"auto, (max-width: 1283px) 100vw, 1283px\" \/><\/p>\n<p>To pokolenie odwa\u017cnie wypowiada si\u0119 na temat tego stanowiska, poniewa\u017c ma wi\u0119kszy dost\u0119p do informacji i fakt\u00f3w dzi\u0119ki nowym technologiom i platformom medi\u00f3w spo\u0142eczno\u015bciowych, ale tak\u017ce dzi\u0119ki bardzo wa\u017cnemu rozwojowi na uniwersytetach i w szko\u0142ach \u015brednich \u2013 wprowadzeniu kolonializm, rasizmu i niewolnictwa do program\u00f3w nauczania historii.<\/p>\n<p><img loading=\"lazy\" decoding=\"async\" class=\"alignnone size-full wp-image-21204\" src=\"https:\/\/www2.memri.org\/polish\/wp-content\/uploads\/2024\/04\/Picture5-2.jpg\" alt=\"\" width=\"1283\" height=\"849\" srcset=\"https:\/\/www2.memri.org\/polish\/wp-content\/uploads\/2024\/04\/Picture5-2.jpg 1283w, https:\/\/www2.memri.org\/polish\/wp-content\/uploads\/2024\/04\/Picture5-2-300x199.jpg 300w, https:\/\/www2.memri.org\/polish\/wp-content\/uploads\/2024\/04\/Picture5-2-1024x678.jpg 1024w, https:\/\/www2.memri.org\/polish\/wp-content\/uploads\/2024\/04\/Picture5-2-768x508.jpg 768w, https:\/\/www2.memri.org\/polish\/wp-content\/uploads\/2024\/04\/Picture5-2-600x397.jpg 600w, https:\/\/www2.memri.org\/polish\/wp-content\/uploads\/2024\/04\/Picture5-2-696x461.jpg 696w, https:\/\/www2.memri.org\/polish\/wp-content\/uploads\/2024\/04\/Picture5-2-1068x707.jpg 1068w, https:\/\/www2.memri.org\/polish\/wp-content\/uploads\/2024\/04\/Picture5-2-635x420.jpg 635w\" sizes=\"auto, (max-width: 1283px) 100vw, 1283px\" \/><\/p>\n<p><strong>\u201eBojkot [Izraela] nie mo\u017ce zast\u0105pi\u0107 zbrojnego oporu; bojkot s\u0142u\u017cy zbrojnemu oporowi; jest to dobrze znane i bezdyskusyjne\u201d<\/strong><\/p>\n<p><strong>Prowadz\u0105ca wywiad:<\/strong>\u00a0Jak powiedzia\u0142e\u015b, tym, co charakteryzuje ruch BDS w Kanadzie, jest jego wsparcie dla zbrojnego oporu. Jest to co\u015b bardzo wa\u017cnego i nale\u017cy na to zwr\u00f3ci\u0107 uwag\u0119.<\/p>\n<p><strong>Barakat:<\/strong>\u00a0Racja. Bojkot [Izrael] nie mo\u017ce zast\u0105pi\u0107 zbrojnego oporu. Bojkot s\u0142u\u017cy zbrojnemu oporowi. Jest to dobrze znane i bezdyskusyjne.\u00a0<img loading=\"lazy\" decoding=\"async\" class=\"alignnone size-full wp-image-21206\" src=\"https:\/\/www2.memri.org\/polish\/wp-content\/uploads\/2024\/04\/Picture7-1.jpg\" alt=\"\" width=\"1283\" height=\"845\" srcset=\"https:\/\/www2.memri.org\/polish\/wp-content\/uploads\/2024\/04\/Picture7-1.jpg 1283w, https:\/\/www2.memri.org\/polish\/wp-content\/uploads\/2024\/04\/Picture7-1-300x198.jpg 300w, https:\/\/www2.memri.org\/polish\/wp-content\/uploads\/2024\/04\/Picture7-1-1024x674.jpg 1024w, https:\/\/www2.memri.org\/polish\/wp-content\/uploads\/2024\/04\/Picture7-1-768x506.jpg 768w, https:\/\/www2.memri.org\/polish\/wp-content\/uploads\/2024\/04\/Picture7-1-600x395.jpg 600w, https:\/\/www2.memri.org\/polish\/wp-content\/uploads\/2024\/04\/Picture7-1-696x458.jpg 696w, https:\/\/www2.memri.org\/polish\/wp-content\/uploads\/2024\/04\/Picture7-1-1068x703.jpg 1068w, https:\/\/www2.memri.org\/polish\/wp-content\/uploads\/2024\/04\/Picture7-1-638x420.jpg 638w\" sizes=\"auto, (max-width: 1283px) 100vw, 1283px\" \/><\/p>\n<p><strong>Prowadz\u0105ca wywiad:<\/strong>\u00a0Do jakiego stopnia w\u0142adze kanadyjskie pozwalaj\u0105 wam obecnie na swobodne dzia\u0142anie?<\/p>\n<p><strong>Barakat:<\/strong>\u00a0To nie tak, \u017ce nam pozwalaj\u0105. Wyrwali\u015bmy to prawo. Spos\u00f3b, w jaki narody uzyskuj\u0105 swoje prawa, polega na ich wyrwaniu. \u017baden kapitalistyczny rz\u0105d ani re\u017cim \u2013 szczeg\u00f3lnie w kraju takim jak Kanada, kt\u00f3ry dopu\u015bci\u0142 si\u0119 masowej rzezi milion\u00f3w rdzennych mieszka\u0144c\u00f3w tej ziemi \u2013 po prostu da\u0142by nam nasze prawa. Dzisiaj jasno wyra\u017camy nasze stanowisko.<\/p>\n<p>[&#8230;]<\/p>\n<p>M\u00f3wimy g\u0142o\u015bno i wyra\u017anie, \u017ce wspieramy zbrojny ruch oporu w Libanie, Palestynie, Jemenie, Iraku i Syrii. B\u0119dziemy sta\u0107 po stronie ka\u017cdego regionu arabskiego, kt\u00f3ry walczy broni\u0105 i zapewnimy wsparcie spo\u0142eczne i polityczne, a tak\u017ce wsparcie w mediach. Gdybym mia\u0142 troch\u0119 wi\u0119cej czasu\u2026<\/p>\n<p><img loading=\"lazy\" decoding=\"async\" class=\"alignnone size-full wp-image-21207\" src=\"https:\/\/www2.memri.org\/polish\/wp-content\/uploads\/2024\/04\/Picture9.jpg\" alt=\"\" width=\"1289\" height=\"858\" srcset=\"https:\/\/www2.memri.org\/polish\/wp-content\/uploads\/2024\/04\/Picture9.jpg 1289w, https:\/\/www2.memri.org\/polish\/wp-content\/uploads\/2024\/04\/Picture9-300x200.jpg 300w, https:\/\/www2.memri.org\/polish\/wp-content\/uploads\/2024\/04\/Picture9-1024x682.jpg 1024w, https:\/\/www2.memri.org\/polish\/wp-content\/uploads\/2024\/04\/Picture9-768x511.jpg 768w, https:\/\/www2.memri.org\/polish\/wp-content\/uploads\/2024\/04\/Picture9-600x399.jpg 600w, https:\/\/www2.memri.org\/polish\/wp-content\/uploads\/2024\/04\/Picture9-696x463.jpg 696w, https:\/\/www2.memri.org\/polish\/wp-content\/uploads\/2024\/04\/Picture9-1068x711.jpg 1068w, https:\/\/www2.memri.org\/polish\/wp-content\/uploads\/2024\/04\/Picture9-631x420.jpg 631w\" sizes=\"auto, (max-width: 1289px) 100vw, 1289px\" \/><\/p>\n<p><strong>Prowadz\u0105ca wywiad:<\/strong>\u00a0Bardzo prosz\u0119.<\/p>\n<p><strong>Barakat:<\/strong>\u00a0Na przyk\u0142ad podczas agresji na Liban w lipcu 2006 r. spotka\u0142 si\u0119 z nami kanadyjski minister spraw zagranicznych i powiedzieli\u015bmy mu\u2026 Wszyscy obecni na tym spotkaniu \u2013 Irakijczycy, Syryjczycy, Palesty\u0144czycy, Algierczycy\u2026 Powiedzieli\u015bmy do niego: \u201ePopieramy Hezbollah. Co zamierzasz zrobi\u0107 \u2013 wsadzi\u0107 nas do wi\u0119zienia? Wszyscy popieramy Hassana Nasrallaha. Nawet za fili\u017cank\u0119 kawy, kt\u00f3r\u0105 pijesz, zap\u0142aci\u0142 Nasrallah\u201d.<\/p>\n<p>&nbsp;<\/p>\n","protected":false},"excerpt":{"rendered":"<p>By\u0142y wysoki rang\u0105 funkcjonariusz Ludowego Frontu Wyzwolenia Palestyny \u200b\u200b(LFWP) i dzia\u0142acz Chaled Barakat mieszkaj\u0105cy w Kanadzie powiedzia\u0142 w wywiadzie dla Al-Manar TV (Hezbollah-Liban) z 30 marca 2024 r., \u017ce dzisiejsze pokolenie Amerykan\u00f3w i Kanadyjczyk\u00f3w szeroko \u2013 i odwa\u017cnie \u2013 popiera zbrojny op\u00f3r i likwidacj\u0119 \u201etworu syjonistycznego\u201d. Powiedzia\u0142, \u017ce dowodem tego jest skandowanie \u201eod rzeki do [&hellip;]<\/p>\n","protected":false},"author":1,"featured_media":21202,"comment_status":"closed","ping_status":"closed","sticky":false,"template":"","format":"standard","meta":{"footnotes":""},"categories":[824,828,835,837],"tags":[],"class_list":["post-21201","post","type-post","status-publish","format-standard","has-post-thumbnail","hentry","category-specjalne-komunikaty","category-autonomia-palestynska","category-archiwum","category-kraje"],"_links":{"self":[{"href":"https:\/\/www2.memri.org\/polish\/wp-json\/wp\/v2\/posts\/21201","targetHints":{"allow":["GET"]}}],"collection":[{"href":"https:\/\/www2.memri.org\/polish\/wp-json\/wp\/v2\/posts"}],"about":[{"href":"https:\/\/www2.memri.org\/polish\/wp-json\/wp\/v2\/types\/post"}],"author":[{"embeddable":true,"href":"https:\/\/www2.memri.org\/polish\/wp-json\/wp\/v2\/users\/1"}],"replies":[{"embeddable":true,"href":"https:\/\/www2.memri.org\/polish\/wp-json\/wp\/v2\/comments?post=21201"}],"version-history":[{"count":1,"href":"https:\/\/www2.memri.org\/polish\/wp-json\/wp\/v2\/posts\/21201\/revisions"}],"predecessor-version":[{"id":21208,"href":"https:\/\/www2.memri.org\/polish\/wp-json\/wp\/v2\/posts\/21201\/revisions\/21208"}],"wp:featuredmedia":[{"embeddable":true,"href":"https:\/\/www2.memri.org\/polish\/wp-json\/wp\/v2\/media\/21202"}],"wp:attachment":[{"href":"https:\/\/www2.memri.org\/polish\/wp-json\/wp\/v2\/media?parent=21201"}],"wp:term":[{"taxonomy":"category","embeddable":true,"href":"https:\/\/www2.memri.org\/polish\/wp-json\/wp\/v2\/categories?post=21201"},{"taxonomy":"post_tag","embeddable":true,"href":"https:\/\/www2.memri.org\/polish\/wp-json\/wp\/v2\/tags?post=21201"}],"curies":[{"name":"wp","href":"https:\/\/api.w.org\/{rel}","templated":true}]}}