{"id":2116,"date":"2011-12-04T00:00:00","date_gmt":"2011-12-04T00:00:00","guid":{"rendered":"http:\/\/www2.memri.org\/polaco\/debata-w-telewizji-jordanskiej-o-kryzysie-syryjskim-degeneruje-sie-w-bojke\/2116"},"modified":"2011-12-04T00:00:00","modified_gmt":"2011-12-04T00:00:00","slug":"debata-w-telewizji-jordanskiej-o-kryzysie-syryjskim-degeneruje-sie-w-bojke","status":"publish","type":"post","link":"https:\/\/www2.memri.org\/polish\/debata-w-telewizji-jordanskiej-o-kryzysie-syryjskim-degeneruje-sie-w-bojke\/2116","title":{"rendered":"Debata w telewizji jorda\u0144skiej o kryzysie syryjskim degeneruje si\u0119 w b\u00f3jk\u0119"},"content":{"rendered":"<div class=\"bodytext c2\">\n<p><em>Poni\u017cej podajemy fragmenty debaty z jorda\u0144skiego kana\u0142u JoSat TV o kryzysie w Syrii, z udzia\u0142em Muhammada Asada Bajoudh Al-Tamimiego, palesty\u0144sko-jorda\u0144skiego polityka z ruchu Umma, i Mahmouda Al-Bastand\u017caniego, cz\u0142onka jorda\u0144skiej partii Baas. Debat\u0119 nadano 29 listopada 2011 r. i umieszczono w Internecie.<\/em><\/p>\n<p class=\"c1\"><iframe loading=\"lazy\" height=\"485\" src=\"http:\/\/www.memritv.org\/player\/largePlayer.php?&#038;width=585&#038;height=485&#038;autoplay=0&#038;clipid=3223\" frameborder=\"0\" width=\"585\" allowtransparency=\"\" scrolling=\"no\"><\/iframe><\/p>\n<p><strong>G\u0142os telefonuj\u0105cego Nad\u017cibaib Attiji<\/strong>: Halo.<\/p>\n<p><strong>Dziennikarz<\/strong>: Witaj, bracie Nad\u017cib. Prosz\u0119 bardzo.<\/p>\n<p><strong>Nad\u017cib Attija<\/strong>: Dobry wiecz\u00f3r.<\/p>\n<p><strong>Dziennikarz<\/strong>: Tak\u017ce dla ciebie. Prosz\u0119 bardzo.<\/p>\n<p><strong>Nad\u017cib Attija<\/strong>: Panowie, krzyczycie tak, \u017ce nie mog\u0119 zrozumie\u0107 s\u0142owa z tego, co m\u00f3wicie. Prosz\u0119 brata Al-Tamimiego, \u017ceby si\u0119 troch\u0119 uspokoi\u0142. Wydaje si\u0119 on by\u0107 jeszcze jedn\u0105 ofiar\u0105 Al-D\u017cazira TV i Al-Arabija TV. Nikt nie mo\u017ce zaprzeczy\u0107 panarabskiej roli odgrywanej przez Syri\u0119. [\u2026]<\/p>\n<p>Wzywam brata Al-Tamimi, by sprawdzi\u0142 swoje kalesony. Maj\u0105 wypisane \u201czrobione w Syrii\u201d. Katarski minister spraw zagranicznych powinien sprawdzi\u0107 przepask\u0119 podtrzymuj\u0105c\u0105 jego <em>kefijah<\/em>. Ma wypisane \u201ezrobione w Syrii\u201d. Syria jest naszym krajem. Syria jest Lewantem. Wraz z Syrii walczyli\u015bmy z krucjatami i Mongo\u0142ami\u2026<\/p>\n<p><strong>Muhammad Asad Bajoudh Al-Tamimi<\/strong>: Sekciarski re\u017cim alawit\u00f3w, kt\u00f3ry niszczy Syri\u0119, walczy\u0142 z krucjatami?! Ten re\u017cim walczy\u0142 z Tatarami i Mongo\u0142ami?! To jest re\u017cim, kt\u00f3ry podda\u0142 Wzg\u00f3rza Golan w 1967 r. To jest re\u017cim, kt\u00f3ry dokona\u0142 masakry w Hama i masakruje lud syryjski\u2026<\/p>\n<p><strong>Dziennikarz<\/strong>: Bracie Nad\u017cib, dzi\u0119kuj\u0119\u2026<\/p>\n<p><strong>Muhammad Asad Bajoudh Al-Tamimi<\/strong>: Cz\u0142owieku, czy\u015b straci\u0142 rozum? Straci\u0142e\u015b rozum.<\/p>\n<p><strong>Dziennikarz<\/strong>: Bracie Nad\u017cib, dzi\u0119kuj\u0119 za telefon. Wyra\u017anie powiedzia\u0142e\u015b swoje zdanie.<\/p>\n<p><strong>Muhammad Asad Bajoudh Al-Tamimi<\/strong>: Ludzie potracili rozum\u2026<\/p>\n<p><strong>Dziennikarz<\/strong>: Pozwol\u0119 ci odpowiedzie\u0107&#8230; Bracie Mahmoud, prosz\u0119 bardzo.<\/p>\n<p><strong>Mahmoud Al-Bastand\u017cani<\/strong>: Przede wszystkim chcia\u0142bym przeprosi\u0107 widz\u00f3w za takie zni\u017cenie si\u0119, \u017ce zaakceptowa\u0142em zaproszenie do tego program, kt\u00f3rego poziom\u2026<\/p>\n<p><strong>Dziennikarz<\/strong>: No, co ty, wystarczy&#8230; [&#8230;]<\/p>\n<p><strong>Mahmoud Al-Bastand\u017cani<\/strong>: Kilka lat temu pewien duchowny religijny zmar\u0142 w Ammanie [<em>jest to aluzja do ojca Al-Tamimiego, szejka Asada Baoudha Al-Tamimiego<\/em>]. Zmar\u0142 w wiosce w okupowanej Palestynie. Zmar\u0142 w sobot\u0119\u2026<\/p>\n<p><strong>Muhammad Asad Bajoudh Al-Tamimi<\/strong>: Cz\u0142owieku, jeste\u015b tak\u0105 szumowin\u0105&#8230; S\u0142uchanie takiej szumowiny przyprawia mnie o md\u0142o\u015bci. On jest tym rodzajem szumowin, kt\u00f3re zniszczy\u0142y ten nar\u00f3d. Twoje miejsce jest na \u015bmietniku, cz\u0142owieku. Jeste\u015b kawa\u0142kiem szumowiny, cz\u0142owieku.<\/p>\n<p><strong>Dziennikarz<\/strong>: B\u0142agam ci\u0119, bracie Muhammad&#8230;<\/p>\n<p><strong>Muhammad Asad Bajoudh Al-Tamimi<\/strong>: Jeste\u015b tak\u0105 m\u0119tn\u0105 szumowin\u0105. Ty idioto!<\/p>\n<p><strong>Dziennikarz<\/strong>: Bracie Muhammad, to jest nie do przyj\u0119cia\u2026<\/p>\n<p><strong>Muhammad Asad Bajoudh Al-Tamimi<\/strong>: Jeste\u015b kolaborantem re\u017cimu, kolaborantem sekciarzy\u2026 On broni ludzi, kt\u00f3rzy zarzynaj\u0105 dzieci\u2026<\/p>\n<p><strong>Mahmoud Al-Bastand\u017cani<\/strong>: Jest poni\u017cej mojej [godno\u015bci] siedzie\u0107 ko\u0142o kogo\u015b takiego jak ty\u2026<\/p>\n<p><strong>Muhammad Asad Bajoudh Al-Tamimi<\/strong>: Cz\u0142owieku, jeste\u015b szumowin\u0105\u2026<\/p>\n<p><strong>Mahmoud Al-Bastand\u017cani<\/strong>: Kiedy ten szejk umar\u0142, izraelski wr\u00f3g otworzy\u0142 granic\u0119 w szabat i przyj\u0105\u0142 jego zwolennik\u00f3w\u2026 Wyzywam ka\u017cdego, oficjalnego funkcjonariusza lub nie, \u017ceby zaprzeczy\u0142 temu, co tu m\u00f3wi\u0119. Otworzyli most w szabat, \u017ceby jego zwolennicy mogli wjecha\u0107 do Palestyny bez przepustek i z\u0142o\u017cy\u0107 kondolencje.<\/p>\n<p><strong>Muhammad Asad Bajoudh Al-Tamimi<\/strong>: Kim by\u0142 ten cz\u0142owiek? Ty szpiegu, kim by\u0142 ten cz\u0142owiek?<\/p>\n<p><strong>Dziennikarz<\/strong>: Bracia, b\u0142agam was\u2026<\/p>\n<p><strong>Muhammad Asad Bajoudh Al-Tamimi<\/strong>: Chc\u0119, \u017ceby ten wyrzutek powiedzia\u0142 nazwisko tego cz\u0142owieka.<\/p>\n<p><strong>Dziennikarz<\/strong>: Na Allaha, przesta\u0144 przeklina\u0107.<\/p>\n<p><strong>Muhammad Asad Bajoudh Al-Tamimi<\/strong>: Cz\u0142owieku, powiedz, kto to by\u0142. M\u00f3j ojciec zmar\u0142 w Ammanie i miliony przysz\u0142y na jego pogrzeb. M\u00f3j ojciec nie by\u0142 wpuszczany do Jerozolimy od 1967 r. Moim ojcem by\u0142 szejk Asad Bajoudh, imam mud\u017cahedin\u00f3w. Cz\u0142owieku, ale\u017c z ciebie szumowina. Najwi\u0119ksza liczba ludzi w historii Jordanii z\u0142o\u017cy\u0142a ho\u0142d mojemu ojcu w Ammanie. Wszyscy honorowi ludzie w \u015bwiecie arabskim z\u0142o\u017cyli kondolencje.<\/p>\n<p><strong>Dziennikarz<\/strong>: Bracie Muhammad, prosz\u0119&#8230;<\/p>\n<p><strong>Muhammad Asad Bajoudh Al-Tamimi<\/strong>: Zosta\u0142 pochowany w Sahhab&#8230; Jeste\u015b wyrzutkiem\u2026<\/p>\n<p><strong>Mahmoud Al-Bastand\u017cani<\/strong>: Urodzi\u0142 si\u0119 jako wyrzutek, wychowa\u0142 si\u0119 jako wyrzutek, \u017cy\u0142 jako wyrzutek i umrze jako wyrzutek. Jego narodziny by\u0142y pod\u0142e, jego wychowanie by\u0142o pod\u0142e, jego \u017cycie jest pod\u0142e i jego \u015bmier\u0107 b\u0119dzie pod\u0142a.<\/p>\n<p><strong>Dziennikarz<\/strong>: Jedn\u0105 chwileczk\u0119&#8230; Na Boga&#8230;<\/p>\n<p><strong>Muhammad Asad Bajoudh Al-Tamimi<\/strong>: To jest szpieg\u2026<\/p>\n<p><strong>Dziennikarz<\/strong>: Niewa\u017cne, niewa\u017cne. Tylko jedn\u0105 chwileczk\u0119\u2026<\/p>\n<p><strong>Muhammad Asad Bajoudh Al-Tamimi<\/strong>: Cz\u0142owieku, jeste\u015b wyrzuconym kawa\u0142kiem szumowiny\u2026 jeste\u015b zdartym butem\u2026<\/p>\n<p><strong>Mahmoud Al-Bastand\u017cani<\/strong>: Zdartym butem?! Ja ci poka\u017c\u0119 zdarty but! <em>Obaj wstaj\u0105 i zaczynaj\u0105 si\u0119 bi\u0107, a ekipa telewizyjna wkracza i rozdziela ich<\/em><\/p>\n<\/div>\n","protected":false},"excerpt":{"rendered":"<p>Poni\u017cej podajemy fragmenty debaty z jorda\u0144skiego kana\u0142u JoSat TV o kryzysie w Syrii, z udzia\u0142em Muhammada Asada Bajoudh Al-Tamimiego, palesty\u0144sko-jorda\u0144skiego polityka z ruchu Umma, i Mahmouda Al-Bastand\u017caniego, cz\u0142onka jorda\u0144skiej partii Baas. Debat\u0119 nadano 29 listopada 2011 r. i umieszczono w Internecie. G\u0142os telefonuj\u0105cego Nad\u017cibaib Attiji: Halo. Dziennikarz: Witaj, bracie Nad\u017cib. Prosz\u0119 bardzo. Nad\u017cib Attija: Dobry [&hellip;]<\/p>\n","protected":false},"author":1,"featured_media":0,"comment_status":"open","ping_status":"closed","sticky":false,"template":"","format":"standard","meta":{"footnotes":""},"categories":[824,830,835,837],"tags":[],"class_list":["post-2116","post","type-post","status-publish","format-standard","hentry","category-specjalne-komunikaty","category-syria","category-archiwum","category-kraje"],"_links":{"self":[{"href":"https:\/\/www2.memri.org\/polish\/wp-json\/wp\/v2\/posts\/2116","targetHints":{"allow":["GET"]}}],"collection":[{"href":"https:\/\/www2.memri.org\/polish\/wp-json\/wp\/v2\/posts"}],"about":[{"href":"https:\/\/www2.memri.org\/polish\/wp-json\/wp\/v2\/types\/post"}],"author":[{"embeddable":true,"href":"https:\/\/www2.memri.org\/polish\/wp-json\/wp\/v2\/users\/1"}],"replies":[{"embeddable":true,"href":"https:\/\/www2.memri.org\/polish\/wp-json\/wp\/v2\/comments?post=2116"}],"version-history":[{"count":0,"href":"https:\/\/www2.memri.org\/polish\/wp-json\/wp\/v2\/posts\/2116\/revisions"}],"wp:attachment":[{"href":"https:\/\/www2.memri.org\/polish\/wp-json\/wp\/v2\/media?parent=2116"}],"wp:term":[{"taxonomy":"category","embeddable":true,"href":"https:\/\/www2.memri.org\/polish\/wp-json\/wp\/v2\/categories?post=2116"},{"taxonomy":"post_tag","embeddable":true,"href":"https:\/\/www2.memri.org\/polish\/wp-json\/wp\/v2\/tags?post=2116"}],"curies":[{"name":"wp","href":"https:\/\/api.w.org\/{rel}","templated":true}]}}