{"id":2107,"date":"2011-11-29T00:00:00","date_gmt":"2011-11-29T00:00:00","guid":{"rendered":"http:\/\/www2.memri.org\/polaco\/badacz-syjonizmu-tamer-mustafa-holocaust-jest-klamstwem-duch-rasizmu-szerzyl-sie-jak-wirus-w-umysle-kazdego-zyda-od-ich-wygnania-do-bab\/2107"},"modified":"2011-11-29T00:00:00","modified_gmt":"2011-11-29T00:00:00","slug":"badacz-syjonizmu-tamer-mustafa-holocaust-jest-klamstwem-duch-rasizmu-szerzyl-sie-jak-wirus-w-umysle-kazdego-zyda-od-ich-wygnania-do-bab","status":"publish","type":"post","link":"https:\/\/www2.memri.org\/polish\/badacz-syjonizmu-tamer-mustafa-holocaust-jest-klamstwem-duch-rasizmu-szerzyl-sie-jak-wirus-w-umysle-kazdego-zyda-od-ich-wygnania-do-bab\/2107","title":{"rendered":"\u201cBadacz syjonizmu\u201d Tamer Mustafa: Holocaust jest \u201ck\u0142amstwem\u201d; \u201cDuch rasizmu \u201cszerzy\u0142 si\u0119 jak wirus w umy\u015ble ka\u017cdego \u017byda\u201d od ich wygnania do Babilonu"},"content":{"rendered":"<div class=\"bodytext c2\">\n<p><em>Poni\u017cej podajemy fragmenty wywiadu z Tamerem Mustaf\u0105, \u201ebadaczem syjonizmu\u201d.<\/em> <em>Wywiad nada\u0142a Al-Manar TV 12 pa\u017adziernika 2011<\/em>:<\/p>\n<p class=\"c1\"><iframe loading=\"lazy\" height=\"485\" src=\"http:\/\/www.memritv.org\/player\/largePlayer.php?&#038;width=585&#038;height=485&#038;autoplay=0&#038;clipid=3211\" frameborder=\"0\" width=\"585\" allowtransparency=\"\" scrolling=\"no\"><\/iframe><\/p>\n<p><strong>&#8222;Rasizm jest g\u0142\u0119boko zakorzeniony w duszach wyznawc\u00f3w religii \u017cydowskiej \u2013 szczeg\u00f3lnie od ich wygnania do Iraku lub Babilonu w 586 r. p.n.e.\u201d<\/strong><\/p>\n<p><strong>Tamer Mustafa<\/strong>: Rasizm jest g\u0142\u0119boko zakorzeniony w duszach wyznawc\u00f3w religii \u017cydowskiej \u2013 szczeg\u00f3lnie od ich wygnania do Iraku lub Babilonu w 586 r. p.n.e. Napisali now\u0105 Tor\u0119, ca\u0142kowicie r\u00f3\u017cn\u0105 od Tory otrzymanej przez Moj\u017cesza. Do tej Tory wstawili ducha rasizmu, kt\u00f3ry szerzy\u0142 si\u0119 od tej pory jak wirus w umy\u015ble ka\u017cdego \u017byda. Chcia\u0142bym wspomnie\u0107 trzy ksi\u0105\u017cki jako przyk\u0142ady. Jedn\u0105 z nich jest Tora, kt\u00f3ra istnieje dzisiaj, kt\u00f3ra jest znana jako Stary Testament, szczeg\u00f3lnie u naszych chrze\u015bcija\u0144skich braci. Po II wojnie \u015bwiatowej brytyjski minister powiedzia\u0142, \u017ce ta Tora jest \u201enajbardziej niebezpieczn\u0105 ksi\u0105\u017ck\u0105 na powierzchni tej planety\u201d, poniewa\u017c zawiera nienawistny wirus rasizmu, kt\u00f3ry doprowadza ludzi do wojny. [\u2026]<\/p>\n<p><strong>Ruch syjonistyczny \u201cpope\u0142ni\u0142 wiele zbrodni, nawet pomagaj\u0105c nazistom zabi\u0107 grupy \u017byd\u00f3w, \u017ceby inni byli zmuszeni wyemigrowa\u0107 do Palestyny\u201d<\/strong><\/p>\n<p>Ruch syjonistyczny dzia\u0142a\u0142 przeciwko \u017bydom mieszkaj\u0105cym w krajach europejskich w celu zmuszenia ich do emigracji do Palestyny. Ten ruch pope\u0142ni\u0142 wiele zbrodni, nawet pomagaj\u0105c nazistom zabi\u0107 grupy \u017byd\u00f3w, \u017ceby inni byli zmuszeni wyemigrowa\u0107 do Palestyny. To si\u0119 zdarzy\u0142o. Potem za\u0142o\u017cyli szko\u0142y i wychowali nowe pokolenia zgodnie z t\u0105 odra\u017caj\u0105c\u0105 koncepcj\u0105 rasistowsk\u0105\u201d. [\u2026]<\/p>\n<p><strong>&#8222;Kiedy \u017bydzi przyw\u0119drowali do Europy, pierwsz\u0105 rzecz\u0105, jak\u0105 zrobili, by\u0142o przej\u0119cie medi\u00f3w\u2026 Zniszczyli warto\u015bci chrze\u015bcija\u0144skie na Zachodzie\u201d<\/strong><\/p>\n<p>Kiedy \u017bydzi przyw\u0119drowali do Europy, pierwsz\u0105 rzecz\u0105, jak\u0105 zrobili, by\u0142o przej\u0119cie medi\u00f3w. Przej\u0119li tak\u017ce kontrol\u0119 nad programami szkolnymi w Europie lub na chrze\u015bcija\u0144skim Zachodzie. Przej\u0119li kontrol\u0119 nad mediami, programami szkolnymi i kapita\u0142em. Czym jest Cz\u0142owiek, je\u015bli nie wiedz\u0105 \u2013 innymi s\u0142owy, szko\u0142ami \u2013 mediami i pieni\u0119dzmi? To s\u0105 trzy rzeczy, kt\u00f3re rz\u0105dz\u0105 lud\u017ami. Kto posiada te trzy rzeczy, ma zdolno\u015b\u0107 kontrolowania zachowa\u0144 innych.<\/p>\n<p>Kiedy ju\u017c przej\u0119li te rzeczy, nikt nie mia\u0142 odwagi im si\u0119 przeciwstawi\u0107. Zacz\u0119li szerzy\u0107 ideologi\u0119, jak\u0105 chcieli, i pierwsz\u0105 rzecz\u0105, kt\u00f3r\u0105 zniszczyli w zachodnim cz\u0142owieku, by\u0142a moralno\u015b\u0107 zaabsorbowana z religii chrze\u015bcija\u0144skiej. Chrze\u015bcijanie na Zachodzie \u2013 a ja mam najwi\u0119kszy szacunek dla moich chrze\u015bcija\u0144skich braci na Wschodzie, kt\u00f3rzy ca\u0142kowicie si\u0119 od nich r\u00f3\u017cni\u0105\u2026 To jest chrze\u015bcija\u0144stwo, a to jest iluzja chrze\u015bcija\u0144stwa.<\/p>\n<p>Zniszczyli chrze\u015bcija\u0144skie warto\u015bci na Zachodzie i ludzie Zachodu doszli do punktu, w kt\u00f3rym nie interesuje ich nic, poza\u2026 A m\u00f3wi\u0119 to z ca\u0142\u0105 szczero\u015bci\u0105, poniewa\u017c kiedy\u015b tam mieszka\u0142em\u2026 Jak zwierz\u0119ta, dbaj\u0105 tylko o \u017cywno\u015b\u0107, napoje i prze\u017cycie. [\u2026]<\/p>\n<p><strong>&#8222;Francuz o nazwisku Jacque Roques&#8230; obali\u0142 te wszystkie k\u0142amstwa&#8221; o Holocau\u015bcie<\/strong><\/p>\n<p>Francuz o nazwisku Jacque Roques [<em>sic<\/em>] napisa\u0142 prac\u0119 o Holocau\u015bcie\u2026&#8221;<\/p>\n<p><strong>Prowadz\u0105cy wywiad<\/strong>: Prosz\u0119 kr\u00f3tko\u2026<\/p>\n<p><strong>Tamer Mustafa<\/strong>: Obali\u0142 te wszystkie k\u0142amstwa i uzyska\u0142 doktorat z Sorbony z wyr\u00f3\u017cnieniem. Jednak\u017ce francuski minister szkolnictwa wy\u017cszego natychmiast otrzyma\u0142 rozkaz odebrania mu doktoratu. Tak wi\u0119c Roquesowi odm\u00f3wiono praw obywatelskich we w\u0142asnym kraju, Francji. [\u2026]<\/p>\n<\/div>\n","protected":false},"excerpt":{"rendered":"<p>Poni\u017cej podajemy fragmenty wywiadu z Tamerem Mustaf\u0105, \u201ebadaczem syjonizmu\u201d. Wywiad nada\u0142a Al-Manar TV 12 pa\u017adziernika 2011: &#8222;Rasizm jest g\u0142\u0119boko zakorzeniony w duszach wyznawc\u00f3w religii \u017cydowskiej \u2013 szczeg\u00f3lnie od ich wygnania do Iraku lub Babilonu w 586 r. p.n.e.\u201d Tamer Mustafa: Rasizm jest g\u0142\u0119boko zakorzeniony w duszach wyznawc\u00f3w religii \u017cydowskiej \u2013 szczeg\u00f3lnie od ich wygnania do [&hellip;]<\/p>\n","protected":false},"author":1,"featured_media":0,"comment_status":"open","ping_status":"closed","sticky":false,"template":"","format":"standard","meta":{"footnotes":""},"categories":[824,831,835,836],"tags":[],"class_list":["post-2107","post","type-post","status-publish","format-standard","hentry","category-specjalne-komunikaty","category-projekt-dokumentacji-antysemityzmu","category-archiwum","category-tematy"],"_links":{"self":[{"href":"https:\/\/www2.memri.org\/polish\/wp-json\/wp\/v2\/posts\/2107","targetHints":{"allow":["GET"]}}],"collection":[{"href":"https:\/\/www2.memri.org\/polish\/wp-json\/wp\/v2\/posts"}],"about":[{"href":"https:\/\/www2.memri.org\/polish\/wp-json\/wp\/v2\/types\/post"}],"author":[{"embeddable":true,"href":"https:\/\/www2.memri.org\/polish\/wp-json\/wp\/v2\/users\/1"}],"replies":[{"embeddable":true,"href":"https:\/\/www2.memri.org\/polish\/wp-json\/wp\/v2\/comments?post=2107"}],"version-history":[{"count":0,"href":"https:\/\/www2.memri.org\/polish\/wp-json\/wp\/v2\/posts\/2107\/revisions"}],"wp:attachment":[{"href":"https:\/\/www2.memri.org\/polish\/wp-json\/wp\/v2\/media?parent=2107"}],"wp:term":[{"taxonomy":"category","embeddable":true,"href":"https:\/\/www2.memri.org\/polish\/wp-json\/wp\/v2\/categories?post=2107"},{"taxonomy":"post_tag","embeddable":true,"href":"https:\/\/www2.memri.org\/polish\/wp-json\/wp\/v2\/tags?post=2107"}],"curies":[{"name":"wp","href":"https:\/\/api.w.org\/{rel}","templated":true}]}}