{"id":21064,"date":"2024-03-15T17:54:54","date_gmt":"2024-03-15T16:54:54","guid":{"rendered":"https:\/\/www2.memri.org\/polish\/?p=21064"},"modified":"2024-03-15T17:54:56","modified_gmt":"2024-03-15T16:54:56","slug":"sekretarz-generalny-hezbollahu-nasrallah-salutujemy-demonstracjom-w-usa-i-kampanii-niezdeklarowania-zapoczatkowanej-w-dearborn-w-stanie-michigan-glosowanie-niezdeklarow","status":"publish","type":"post","link":"https:\/\/www2.memri.org\/polish\/sekretarz-generalny-hezbollahu-nasrallah-salutujemy-demonstracjom-w-usa-i-kampanii-niezdeklarowania-zapoczatkowanej-w-dearborn-w-stanie-michigan-glosowanie-niezdeklarow\/21064","title":{"rendered":"Sekretarz generalny Hezbollahu, Nasrallah: Salutujemy demonstracjom w USA i kampanii \u201cniezdeklarowania\u201d (zapocz\u0105tkowanej w Dearborn w stanie Michigan); g\u0142osowanie \u201cniezdeklarowany\u201d w prawyborach Demokrat\u00f3w jest najbardziej skutecznym \u015brodkiem nacisku na Bidena i jego administracj\u0119"},"content":{"rendered":"<p><i><span style=\"font-weight: 400;\">Sekretarz generalny Hezbollahu, Hassan Nasrallah, powiedzia\u0142 w przem\u00f3wieniu transmitowanym na \u017cywo w Al-Mumahdun na YouTube z 13 marca 2024 r., \u017ce najbardziej skutecznym \u015brodkiem nacisku na prezydenta USA Joe Bidena i jego administracj\u0119 jest kampania \u201eniezdeklarowania\u201d (zapocz\u0105tkowana w Dearborn w stanie Michigan) w prawyborach Demokrat\u00f3w.\u00a0Powiedzia\u0142, \u017ce Biden najbardziej obawia si\u0119 przegranej wybor\u00f3w prezydenckich przez swoj\u0105 polityk\u0119 w Gazie.\u00a0Nasrallah powiedzia\u0142, \u017ce chocia\u017c wsparcie ze strony innych kraj\u00f3w, takich jak Brazylia, Wenezuela, Kuba i Republika Po\u0142udniowej Afryki, jest wa\u017cne, \u201eostatecznie decyduj\u0105ce jest stanowisko Ameryki\u201d.<\/span><\/i><\/p>\n<p><b><i>Aby zobaczy\u0107 klip przedstawiaj\u0105cy Sekretarza Generalnego Hezbollahu Hassana Nasrallaha, kliknij\u00a0<\/i><\/b><a href=\"https:\/\/www.memri.org\/tv\/hizbullah-sec-gen-hassan-nasrallah-uncommitted-campaign-america-pressure-biden-losing-elections-gaza\"><b><i>tutaj<\/i><\/b><\/a><b><i>:<\/i><\/b><\/p>\n<p><b>Powinni\u015bmy salutowa\u0107 i by\u0107 wdzi\u0119czni Arabom, muzu\u0142manom i niemuzu\u0142manom, kt\u00f3rzy m\u00f3wi\u0105 Bidenowi, \u017ce \u201enie jeste\u015bmy zobowi\u0105zani g\u0142osowa\u0107 na pana\u201d \u2013 s\u0105 oni bardzo wp\u0142ywowi na tym etapie<\/b><\/p>\n<p><b>Hassan Nasrallah:<\/b><span style=\"font-weight: 400;\">\u00a0To, co dzisiaj robi wielu ludzi demonstruj\u0105cych w Ameryce\u2026 Oczywi\u015bcie powinni\u015bmy im salutowa\u0107 i by\u0107 im wdzi\u0119czni.<\/span><\/p>\n<p><img loading=\"lazy\" decoding=\"async\" class=\"alignnone size-full wp-image-21066\" src=\"https:\/\/www2.memri.org\/polish\/wp-content\/uploads\/2024\/03\/MTV10949.jpg\" width=\"624\" height=\"317\" srcset=\"https:\/\/www2.memri.org\/polish\/wp-content\/uploads\/2024\/03\/MTV10949.jpg 624w, https:\/\/www2.memri.org\/polish\/wp-content\/uploads\/2024\/03\/MTV10949-300x152.jpg 300w, https:\/\/www2.memri.org\/polish\/wp-content\/uploads\/2024\/03\/MTV10949-600x305.jpg 600w\" sizes=\"auto, (max-width: 624px) 100vw, 624px\" \/><\/p>\n<p><img loading=\"lazy\" decoding=\"async\" class=\"alignnone size-full wp-image-21067\" src=\"https:\/\/www2.memri.org\/polish\/wp-content\/uploads\/2024\/03\/MTV109491.jpg\" width=\"624\" height=\"329\" srcset=\"https:\/\/www2.memri.org\/polish\/wp-content\/uploads\/2024\/03\/MTV109491.jpg 624w, https:\/\/www2.memri.org\/polish\/wp-content\/uploads\/2024\/03\/MTV109491-300x158.jpg 300w, https:\/\/www2.memri.org\/polish\/wp-content\/uploads\/2024\/03\/MTV109491-600x316.jpg 600w\" sizes=\"auto, (max-width: 624px) 100vw, 624px\" \/><\/p>\n<p><span style=\"font-weight: 400;\">Arabowie, muzu\u0142manie i niemuzu\u0142manie, spo\u015br\u00f3d innych wolnych Amerykan\u00f3w \u2013 chrze\u015bcijan i innych \u2013 z Partii Demokratycznej, kt\u00f3rzy napisali do Bidena: \u201eNie jeste\u015bmy zobowi\u0105zani do g\u0142osowania na ciebie\u201d.\u00a0Ci ludzie maj\u0105 na tym etapie du\u017cy wp\u0142yw.<\/span><\/p>\n<p><img loading=\"lazy\" decoding=\"async\" class=\"alignnone size-full wp-image-21068\" src=\"https:\/\/www2.memri.org\/polish\/wp-content\/uploads\/2024\/03\/MTV109492.jpg\" width=\"624\" height=\"318\" srcset=\"https:\/\/www2.memri.org\/polish\/wp-content\/uploads\/2024\/03\/MTV109492.jpg 624w, https:\/\/www2.memri.org\/polish\/wp-content\/uploads\/2024\/03\/MTV109492-300x153.jpg 300w, https:\/\/www2.memri.org\/polish\/wp-content\/uploads\/2024\/03\/MTV109492-600x306.jpg 600w\" sizes=\"auto, (max-width: 624px) 100vw, 624px\" \/><\/p>\n<p><b>\u201eBiden boi si\u0119 tylko jednego \u2013 \u017ce jego polityka i dzia\u0142ania w Gazie doprowadz\u0105 go do przegranej wybor\u00f3w prezydenckich\u201d<\/b><\/p>\n<p><span style=\"font-weight: 400;\">To najwa\u017cniejszy \u015brodek nacisku na administracj\u0119 Bidena. Nie boi si\u0119 on \u015bwiata, spo\u0142eczno\u015bci mi\u0119dzynarodowej, Boga, historii ani niczego. Biden boi si\u0119 teraz tylko jednego \u2013 \u017ce jego polityka i dzia\u0142ania w Gazie doprowadz\u0105 go do przegrania wybor\u00f3w prezydenckich, dlatego wci\u0105\u017c debatuje, zaprzecza i gra.<\/span><\/p>\n<p><img loading=\"lazy\" decoding=\"async\" class=\"alignnone size-full wp-image-21069\" src=\"https:\/\/www2.memri.org\/polish\/wp-content\/uploads\/2024\/03\/MTV109495.jpg\" width=\"624\" height=\"314\" srcset=\"https:\/\/www2.memri.org\/polish\/wp-content\/uploads\/2024\/03\/MTV109495.jpg 624w, https:\/\/www2.memri.org\/polish\/wp-content\/uploads\/2024\/03\/MTV109495-300x151.jpg 300w, https:\/\/www2.memri.org\/polish\/wp-content\/uploads\/2024\/03\/MTV109495-600x302.jpg 600w\" sizes=\"auto, (max-width: 624px) 100vw, 624px\" \/><\/p>\n<p><span style=\"font-weight: 400;\">Je\u015bli presja i sprzeciw [wobec Bidena] w Ameryce b\u0119d\u0105 si\u0119 utrzymywa\u0107, mo\u017ce to r\u00f3wnie\u017c otworzy\u0107 drzwi do nadziei. Oczywi\u015bcie s\u0105 kraje, kt\u00f3re bojkotowa\u0142y Izrael, pot\u0119pia\u0142y Izrael i oskar\u017ca\u0142y go o pope\u0142nienie ludob\u00f3jstwa \u2013 jak Brazylia, Wenezuela, Kuba, Republika Po\u0142udniowej Afryki i tak dalej&#8230; Stanowiska te s\u0105 doceniane i pomagaj\u0105 zwi\u0119kszy\u0107 presj\u0119 na Izrael, ale ostatecznie to stanowisko Ameryki jest decyduj\u0105ce.<\/span><\/p>\n<p><img loading=\"lazy\" decoding=\"async\" class=\"alignnone size-full wp-image-21070\" src=\"https:\/\/www2.memri.org\/polish\/wp-content\/uploads\/2024\/03\/MTV109498.jpg\" width=\"624\" height=\"320\" srcset=\"https:\/\/www2.memri.org\/polish\/wp-content\/uploads\/2024\/03\/MTV109498.jpg 624w, https:\/\/www2.memri.org\/polish\/wp-content\/uploads\/2024\/03\/MTV109498-300x154.jpg 300w, https:\/\/www2.memri.org\/polish\/wp-content\/uploads\/2024\/03\/MTV109498-600x308.jpg 600w\" sizes=\"auto, (max-width: 624px) 100vw, 624px\" \/><\/p>\n","protected":false},"excerpt":{"rendered":"<p>Sekretarz generalny Hezbollahu, Hassan Nasrallah, powiedzia\u0142 w przem\u00f3wieniu transmitowanym na \u017cywo w Al-Mumahdun na YouTube z 13 marca 2024 r., \u017ce najbardziej skutecznym \u015brodkiem nacisku na prezydenta USA Joe Bidena i jego administracj\u0119 jest kampania \u201eniezdeklarowania\u201d (zapocz\u0105tkowana w Dearborn w stanie Michigan) w prawyborach Demokrat\u00f3w.\u00a0Powiedzia\u0142, \u017ce Biden najbardziej obawia si\u0119 przegranej wybor\u00f3w prezydenckich przez swoj\u0105 [&hellip;]<\/p>\n","protected":false},"author":1,"featured_media":21066,"comment_status":"closed","ping_status":"closed","sticky":false,"template":"","format":"standard","meta":{"footnotes":""},"categories":[824,835,837,841],"tags":[945],"class_list":["post-21064","post","type-post","status-publish","format-standard","has-post-thumbnail","hentry","category-specjalne-komunikaty","category-archiwum","category-kraje","category-liban","tag-liban"],"_links":{"self":[{"href":"https:\/\/www2.memri.org\/polish\/wp-json\/wp\/v2\/posts\/21064","targetHints":{"allow":["GET"]}}],"collection":[{"href":"https:\/\/www2.memri.org\/polish\/wp-json\/wp\/v2\/posts"}],"about":[{"href":"https:\/\/www2.memri.org\/polish\/wp-json\/wp\/v2\/types\/post"}],"author":[{"embeddable":true,"href":"https:\/\/www2.memri.org\/polish\/wp-json\/wp\/v2\/users\/1"}],"replies":[{"embeddable":true,"href":"https:\/\/www2.memri.org\/polish\/wp-json\/wp\/v2\/comments?post=21064"}],"version-history":[{"count":1,"href":"https:\/\/www2.memri.org\/polish\/wp-json\/wp\/v2\/posts\/21064\/revisions"}],"predecessor-version":[{"id":21071,"href":"https:\/\/www2.memri.org\/polish\/wp-json\/wp\/v2\/posts\/21064\/revisions\/21071"}],"wp:featuredmedia":[{"embeddable":true,"href":"https:\/\/www2.memri.org\/polish\/wp-json\/wp\/v2\/media\/21066"}],"wp:attachment":[{"href":"https:\/\/www2.memri.org\/polish\/wp-json\/wp\/v2\/media?parent=21064"}],"wp:term":[{"taxonomy":"category","embeddable":true,"href":"https:\/\/www2.memri.org\/polish\/wp-json\/wp\/v2\/categories?post=21064"},{"taxonomy":"post_tag","embeddable":true,"href":"https:\/\/www2.memri.org\/polish\/wp-json\/wp\/v2\/tags?post=21064"}],"curies":[{"name":"wp","href":"https:\/\/api.w.org\/{rel}","templated":true}]}}