{"id":21049,"date":"2024-03-13T23:23:50","date_gmt":"2024-03-13T22:23:50","guid":{"rendered":"https:\/\/www2.memri.org\/polish\/?p=21049"},"modified":"2024-03-13T23:24:07","modified_gmt":"2024-03-13T22:24:07","slug":"popierajace-panstwo-islamskie-isis-media-wzywaja-muzulmanow-do-atakowania-zydow-i-chrzescijan-na-zachodzie-podczas-ramadanu","status":"publish","type":"post","link":"https:\/\/www2.memri.org\/polish\/popierajace-panstwo-islamskie-isis-media-wzywaja-muzulmanow-do-atakowania-zydow-i-chrzescijan-na-zachodzie-podczas-ramadanu\/21049","title":{"rendered":"Popieraj\u0105ce Pa\u0144stwo Islamskie (ISIS) media wzywaj\u0105 muzu\u0142man\u00f3w do atakowania \u017byd\u00f3w i chrze\u015bcijan na Zachodzie podczas Ramadanu"},"content":{"rendered":"<p><b><i>Poni\u017cszy raport jest obecnie darmow\u0105 pr\u00f3bk\u0105 MEMRI Jihad and Terrorism Monitor (JTTM).\u00a0Aby uzyska\u0107 informacje o subskrypcji JTTM,\u00a0<\/i><\/b><a href=\"http:\/\/memri.convio.net\/site\/R?i=_bJ3vqPE-oDtjXEjsXjR3Q\"><b>kliknij tutaj\u00a0<\/b><\/a><b><i>.<\/i><\/b><\/p>\n<p><span style=\"font-weight: 400;\">12 marca 2024 r. popieraj\u0105ce Pa\u0144stwo Islamskie (ISIS) media, Sarh Al-Chilafa, opublikowa\u0142y plakat zatytu\u0142owany \u201eWalka z wszystkimi politeistami\u201d.\u00a0Plakat wychwala 15-letniego napastnika, kt\u00f3ry d\u017agn\u0105\u0142 no\u017cem 50-letniego ortodoksyjnego \u017byda, Meira Zvi Junga, w dzielnicy Selnau w Zurychu w Szwajcarii\u00a0<\/span><a href=\"https:\/\/www.memri.org\/jttm\/pro-islamic-state-isis-media-outlets-call-muslims-attack-jews-and-christians-west-during#_edn1\"><span style=\"font-weight: 400;\">[1]<\/span><\/a><span style=\"font-weight: 400;\">\u00a0w odpowiedzi na wezwanie rzecznika ISIS, Abu Hudhajfaha Al-Ansariego, do atakowania \u201e\u017byd\u00f3w i ich sojusznik\u00f3w na ca\u0142ym \u015bwiecie\u201d.\u00a0Twierdz\u0105c, \u017ce tak jak \u201e\u017bydzi, chrze\u015bcijanie i ich sojusznicy\u201d walcz\u0105 z muzu\u0142manami na ca\u0142ym \u015bwiecie, tak muzu\u0142manie musz\u0105 walczy\u0107 z nimi, gdziekolwiek si\u0119 znajduj\u0105. Na plakacie jest stwierdzenie, \u017ce \u201e\u017byd w Palestynie lub w Chinach jest niewiernym, kt\u00f3rego krew jest dozwolona&#8221;. Ko\u0144cowe s\u0142owa na plakacie brzmi\u0105: \u201etak jak nas zaatakuj\u0105, my odpowiemy na ich wrogo\u015b\u0107, prze\u0142amiemy ich w\u0142adz\u0119, nasz ogie\u0144 nie zga\u015bnie, dop\u00f3ki wcze\u015bniej czy p\u00f3\u017aniej nie pom\u015bcimy naszych braci, bo zabijemy m\u0119\u017cczyzn, pojmiemy kobiety i zniewolimy dzieci, wi\u0119c czekajcie, czekamy z wami.\u201d\u00a0<\/span><a href=\"https:\/\/www.memri.org\/jttm\/pro-islamic-state-isis-media-outlets-call-muslims-attack-jews-and-christians-west-during#_edn2\"><span style=\"font-weight: 400;\">[2]<\/span><\/a><span style=\"font-weight: 400;\">\u00a0<\/span><\/p>\n<p><img loading=\"lazy\" decoding=\"async\" class=\"aligncenter size-full wp-image-21051\" src=\"https:\/\/www2.memri.org\/polish\/wp-content\/uploads\/2024\/03\/Screenshot_230.jpg\" alt=\"\" width=\"544\" height=\"545\" srcset=\"https:\/\/www2.memri.org\/polish\/wp-content\/uploads\/2024\/03\/Screenshot_230.jpg 544w, https:\/\/www2.memri.org\/polish\/wp-content\/uploads\/2024\/03\/Screenshot_230-300x300.jpg 300w, https:\/\/www2.memri.org\/polish\/wp-content\/uploads\/2024\/03\/Screenshot_230-150x150.jpg 150w, https:\/\/www2.memri.org\/polish\/wp-content\/uploads\/2024\/03\/Screenshot_230-419x420.jpg 419w\" sizes=\"auto, (max-width: 544px) 100vw, 544px\" \/><\/p>\n<p><span style=\"font-weight: 400;\">11 marca popieraj\u0105ce ISIS media, Al-Murhafat, opublikowa\u0142y plakat zawieraj\u0105cy cytat zabitego rzecznika ISIS Abu Muhammada Al-Adnaniego, wzywaj\u0105cy muzu\u0142man\u00f3w w \u201ekrajach krzy\u017cowc\u00f3w\u201d do przeprowadzania atak\u00f3w samotnych wilk\u00f3w, deklaruj\u0105cy, \u017ce takie ataki s\u0105 skuteczniejsze ni\u017c operacje ISIS w Syrii i Iraku, oraz m\u00f3wi\u0105cy zwolennikom na Zachodzie, \u017ce \u201eje\u015bli jeden z was stara si\u0119 dotrze\u0107 do Pa\u0144stwa Islamskiego, to jeden z nas chce by\u0107 na waszym miejscu\u201d.\u00a0Al-Adnani nawo\u0142ywa\u0142 do obierania za cel cywil\u00f3w, poniewa\u017c jest to \u201ebardziej bolesne\u201d i o\u015bwiadczy\u0142, \u017ce nie ma r\u00f3\u017cnicy mi\u0119dzy uzbrojonymi i nieuzbrojonymi, kobietami i m\u0119\u017cczyznami.\u00a0Zach\u0119ca\u0142 tak\u017ce do atak\u00f3w podczas \u015bwi\u0119tego miesi\u0105ca Ramadanu, m\u00f3wi\u0105c: \u201eBy\u0107 mo\u017ce podczas Ramadanu osi\u0105gniesz wielk\u0105 nagrod\u0119 lub m\u0119cze\u0144stwo\u201d.\u00a0<\/span><a href=\"https:\/\/www.memri.org\/jttm\/pro-islamic-state-isis-media-outlets-call-muslims-attack-jews-and-christians-west-during#_edn3\"><span style=\"font-weight: 400;\">[3]<\/span><\/a><\/p>\n<p><img loading=\"lazy\" decoding=\"async\" class=\"aligncenter size-full wp-image-21050\" src=\"https:\/\/www2.memri.org\/polish\/wp-content\/uploads\/2024\/03\/Screenshot_231.jpg\" alt=\"\" width=\"547\" height=\"550\" srcset=\"https:\/\/www2.memri.org\/polish\/wp-content\/uploads\/2024\/03\/Screenshot_231.jpg 547w, https:\/\/www2.memri.org\/polish\/wp-content\/uploads\/2024\/03\/Screenshot_231-298x300.jpg 298w, https:\/\/www2.memri.org\/polish\/wp-content\/uploads\/2024\/03\/Screenshot_231-150x150.jpg 150w, https:\/\/www2.memri.org\/polish\/wp-content\/uploads\/2024\/03\/Screenshot_231-418x420.jpg 418w\" sizes=\"auto, (max-width: 547px) 100vw, 547px\" \/><\/p>\n<hr \/>\n<p><a href=\"https:\/\/www.memri.org\/jttm\/pro-islamic-state-isis-media-outlets-call-muslims-attack-jews-and-christians-west-during#_ednref1\"><span style=\"font-weight: 400;\">[1]<\/span><\/a><span style=\"font-weight: 400;\">\u00a0See MEMRI JTTM Report:\u00a0<\/span><a href=\"https:\/\/www.memri.org\/jttm\/video-uploaded-internet-teenage-stabber-jew-z%C3%BCrich-swears-allegiance-islamic-state-isis-callshttps:\/www.memri.org\/jttm\/video-uploaded-internet-teenage-stabber-jew-z%C3%BCrich-swears-allegiance-islamic-state-isis-calls\"><span style=\"font-weight: 400;\">In Video Uploaded To Internet, Teenage Stabber Of Jew In Z\u00fcrich Swears Allegiance To Islamic State (ISIS), Calls On Muslims To Target Jews And Christians Everywhere<\/span><\/a><span style=\"font-weight: 400;\">, March 3, 2024.<\/span><\/p>\n<p><a href=\"https:\/\/www.memri.org\/jttm\/pro-islamic-state-isis-media-outlets-call-muslims-attack-jews-and-christians-west-during#_ednref2\"><span style=\"font-weight: 400;\">[2]<\/span><\/a><span style=\"font-weight: 400;\">\u00a0March 12, 2024.<\/span><\/p>\n<p><a href=\"https:\/\/www.memri.org\/jttm\/pro-islamic-state-isis-media-outlets-call-muslims-attack-jews-and-christians-west-during#_ednref3\"><span style=\"font-weight: 400;\">[3]<\/span><\/a><span style=\"font-weight: 400;\">\u00a0March 11, 2024.<\/span><\/p>\n<p><span style=\"font-weight: 400;\"><br \/>\n<\/span><span style=\"font-weight: 400;\">The full text of this post is available to subscribers.<\/span><span style=\"font-weight: 400;\"><br \/>\n<\/span><span style=\"font-weight: 400;\"><br \/>\n<\/span><span style=\"font-weight: 400;\">Please\u00a0<\/span><a href=\"https:\/\/www.memri.org\/user\/login?destination=\/jttm\/pro-islamic-state-isis-media-outlets-call-muslims-attack-jews-and-christians-west-during\"><span style=\"font-weight: 400;\">login<\/span><\/a><span style=\"font-weight: 400;\">\u00a0or\u00a0<\/span><a href=\"https:\/\/www.memri.org\/jttm\/subscription\"><span style=\"font-weight: 400;\">register to request subscription information from MEMRI<\/span><\/a><\/p>\n","protected":false},"excerpt":{"rendered":"<p>Poni\u017cszy raport jest obecnie darmow\u0105 pr\u00f3bk\u0105 MEMRI Jihad and Terrorism Monitor (JTTM).\u00a0Aby uzyska\u0107 informacje o subskrypcji JTTM,\u00a0kliknij tutaj\u00a0. 12 marca 2024 r. popieraj\u0105ce Pa\u0144stwo Islamskie (ISIS) media, Sarh Al-Chilafa, opublikowa\u0142y plakat zatytu\u0142owany \u201eWalka z wszystkimi politeistami\u201d.\u00a0Plakat wychwala 15-letniego napastnika, kt\u00f3ry d\u017agn\u0105\u0142 no\u017cem 50-letniego ortodoksyjnego \u017byda, Meira Zvi Junga, w dzielnicy Selnau w Zurychu w Szwajcarii\u00a0[1]\u00a0w [&hellip;]<\/p>\n","protected":false},"author":1,"featured_media":21051,"comment_status":"closed","ping_status":"closed","sticky":false,"template":"","format":"standard","meta":{"footnotes":""},"categories":[824,828,835,837],"tags":[945,989],"class_list":["post-21049","post","type-post","status-publish","format-standard","has-post-thumbnail","hentry","category-specjalne-komunikaty","category-autonomia-palestynska","category-archiwum","category-kraje","tag-liban","tag-palestinians"],"_links":{"self":[{"href":"https:\/\/www2.memri.org\/polish\/wp-json\/wp\/v2\/posts\/21049","targetHints":{"allow":["GET"]}}],"collection":[{"href":"https:\/\/www2.memri.org\/polish\/wp-json\/wp\/v2\/posts"}],"about":[{"href":"https:\/\/www2.memri.org\/polish\/wp-json\/wp\/v2\/types\/post"}],"author":[{"embeddable":true,"href":"https:\/\/www2.memri.org\/polish\/wp-json\/wp\/v2\/users\/1"}],"replies":[{"embeddable":true,"href":"https:\/\/www2.memri.org\/polish\/wp-json\/wp\/v2\/comments?post=21049"}],"version-history":[{"count":1,"href":"https:\/\/www2.memri.org\/polish\/wp-json\/wp\/v2\/posts\/21049\/revisions"}],"predecessor-version":[{"id":21052,"href":"https:\/\/www2.memri.org\/polish\/wp-json\/wp\/v2\/posts\/21049\/revisions\/21052"}],"wp:featuredmedia":[{"embeddable":true,"href":"https:\/\/www2.memri.org\/polish\/wp-json\/wp\/v2\/media\/21051"}],"wp:attachment":[{"href":"https:\/\/www2.memri.org\/polish\/wp-json\/wp\/v2\/media?parent=21049"}],"wp:term":[{"taxonomy":"category","embeddable":true,"href":"https:\/\/www2.memri.org\/polish\/wp-json\/wp\/v2\/categories?post=21049"},{"taxonomy":"post_tag","embeddable":true,"href":"https:\/\/www2.memri.org\/polish\/wp-json\/wp\/v2\/tags?post=21049"}],"curies":[{"name":"wp","href":"https:\/\/api.w.org\/{rel}","templated":true}]}}