{"id":20781,"date":"2024-01-31T18:39:15","date_gmt":"2024-01-31T17:39:15","guid":{"rendered":"https:\/\/www2.memri.org\/polish\/?p=20781"},"modified":"2024-01-31T18:39:21","modified_gmt":"2024-01-31T17:39:21","slug":"wysoki-ranga-funkcjonariusz-hamasu-sami-abu-zuhri-oczyscimy-gaze-powrocimy-na-nasza-ziemie-zabicie-amerykanskich-zolnierzy-w-jordanii-jest-wyraznym-sygnalem-i-lepiej-zeby-usa-go-zrozumialy-zanim","status":"publish","type":"post","link":"https:\/\/www2.memri.org\/polish\/wysoki-ranga-funkcjonariusz-hamasu-sami-abu-zuhri-oczyscimy-gaze-powrocimy-na-nasza-ziemie-zabicie-amerykanskich-zolnierzy-w-jordanii-jest-wyraznym-sygnalem-i-lepiej-zeby-usa-go-zrozumialy-zanim\/20781","title":{"rendered":"Wysoki rang\u0105 funkcjonariusz Hamasu, Sami Abu Zuhri: Oczy\u015bcimy Gaz\u0119, powr\u00f3cimy na nasz\u0105 ziemi\u0119; zabicie ameryka\u0144skich \u017co\u0142nierzy w Jordanii jest wyra\u017anym sygna\u0142em i lepiej, \u017ceby USA go zrozumia\u0142y zanim b\u0119dzie za p\u00f3\u017ano"},"content":{"rendered":"<p><i><span style=\"font-weight: 400;\">Sami Abu Zuhri, szef wydzia\u0142u polityki zagranicznej Hamasu, powiedzia\u0142 28 stycznia 2024 r. w programie w Al-D\u017cazira (Katar), \u017ce Hamas oczy\u015bci Gaz\u0119 i powr\u00f3ci do Jerozolimy, swojej ziemi. Doda\u0142, \u017ce \u201ezbrodniczy syjoni\u015bci\u201d musz\u0105 zdecydowa\u0107, czy chc\u0105 kontynuowa\u0107 konflikt i \u201ezap\u0142aci\u0107 cen\u0119\u201d, czy te\u017c opu\u015bci\u0107 ziemi\u0119 palesty\u0144sk\u0105 i wr\u00f3ci\u0107 \u201esk\u0105d przybyli\u201d. Powiedzia\u0142, \u017ce Hamas b\u0119dzie kontynuowa\u0142 walk\u0119 bez wzgl\u0119du na cen\u0119 i \u017ce niedawny atak wspieranej przez Iran milicji na \u017co\u0142nierzy ameryka\u0144skich w Jordanii by\u0142 \u201ejasnym sygna\u0142em\u201d dla Amerykan\u00f3w i Izraelczyk\u00f3w, doda\u0142, \u017ce \u201epowinni zrozumie\u0107 ten sygna\u0142, zanim b\u0119dzie za p\u00f3\u017ano&#8221;.<\/span><\/i><\/p>\n<p><b><i>Aby zobaczy\u0107 klip z udzia\u0142em wysokiego rang\u0105 funkcjonariusza Hamasu Samiego Abu Zuhriego, kliknij\u00a0<\/i><\/b><a href=\"https:\/\/www.memri.org\/tv\/snr-hamas-official-sami-abu-zuhri-purify-gaza-return-land-attack-america-soldiers-jordan-message-israel\"><b><i>tutaj<\/i><\/b><\/a><i><span style=\"font-weight: 400;\">.<\/span><\/i><\/p>\n<p><b>\u201eJeste\u015bmy przekonani, \u017ce nie tylko oczy\u015bcimy Gaz\u0119, ale tak\u017ce powr\u00f3cimy do Jerozolimy\u2026 Ci zbrodniczy syjoni\u015bci [powinni] wr\u00f3ci\u0107 tam, sk\u0105d przybyli\u201d<\/b><\/p>\n<p><b>Sami Abu Zuhri:<\/b><span style=\"font-weight: 400;\">\u00a0Okupant musi wybra\u0107 pomi\u0119dzy zako\u0144czeniem walk i ich agresji oraz przyj\u0119ciem wi\u0119\u017ani\u00f3w w zamian za naszych wi\u0119\u017ani\u00f3w palesty\u0144skich, a pomi\u0119dzy kontynuowaniem walki i dostarczeniem wi\u0119\u017ani\u00f3w jako trup\u00f3w, a nie \u017cywych.<\/span><\/p>\n<p><img loading=\"lazy\" decoding=\"async\" class=\"alignnone size-full wp-image-20783\" src=\"https:\/\/www2.memri.org\/polish\/wp-content\/uploads\/2024\/01\/MTV10843.jpg\" width=\"624\" height=\"320\" srcset=\"https:\/\/www2.memri.org\/polish\/wp-content\/uploads\/2024\/01\/MTV10843.jpg 624w, https:\/\/www2.memri.org\/polish\/wp-content\/uploads\/2024\/01\/MTV10843-300x154.jpg 300w, https:\/\/www2.memri.org\/polish\/wp-content\/uploads\/2024\/01\/MTV10843-600x308.jpg 600w\" sizes=\"auto, (max-width: 624px) 100vw, 624px\" \/><\/p>\n<p><img loading=\"lazy\" decoding=\"async\" class=\"alignnone size-full wp-image-20784\" src=\"https:\/\/www2.memri.org\/polish\/wp-content\/uploads\/2024\/01\/MTV108431.jpg\" width=\"624\" height=\"317\" srcset=\"https:\/\/www2.memri.org\/polish\/wp-content\/uploads\/2024\/01\/MTV108431.jpg 624w, https:\/\/www2.memri.org\/polish\/wp-content\/uploads\/2024\/01\/MTV108431-300x152.jpg 300w, https:\/\/www2.memri.org\/polish\/wp-content\/uploads\/2024\/01\/MTV108431-600x305.jpg 600w\" sizes=\"auto, (max-width: 624px) 100vw, 624px\" \/><\/p>\n<p><span style=\"font-weight: 400;\">Jeste\u015bmy przekonani, \u017ce nie tylko oczy\u015bcimy Gaz\u0119, ale tak\u017ce wr\u00f3cimy do Jerozolimy. Nie udamy si\u0119 tam jako osadnicy, ale wr\u00f3cimy na nasz\u0105 ziemi\u0119. Ci zbrodniczy syjoni\u015bci musz\u0105 zda\u0107 sobie spraw\u0119, \u017ce nadszed\u0142 czas, aby odpowiedzieli na pytanie, czy chc\u0105 kontynuowa\u0107 konflikt i zap\u0142aci\u0107 cen\u0119 lub opu\u015bci\u0107 nasz\u0105 ziemi\u0119 i wr\u00f3ci\u0107 tam, sk\u0105d przybyli.<\/span><\/p>\n<p><img loading=\"lazy\" decoding=\"async\" class=\"alignnone size-full wp-image-20785\" src=\"https:\/\/www2.memri.org\/polish\/wp-content\/uploads\/2024\/01\/MTV108432.jpg\" width=\"624\" height=\"319\" srcset=\"https:\/\/www2.memri.org\/polish\/wp-content\/uploads\/2024\/01\/MTV108432.jpg 624w, https:\/\/www2.memri.org\/polish\/wp-content\/uploads\/2024\/01\/MTV108432-300x153.jpg 300w, https:\/\/www2.memri.org\/polish\/wp-content\/uploads\/2024\/01\/MTV108432-600x307.jpg 600w\" sizes=\"auto, (max-width: 624px) 100vw, 624px\" \/><\/p>\n<p><b>\u201eUderzenie w \u017co\u0142nierzy ameryka\u0144skich [w Jordanii] to jasny komunikat\u201d<\/b><\/p>\n<p><span style=\"font-weight: 400;\">Nie zrzekniemy si\u0119 prawa do naszej ziemi, naszych \u015bwi\u0119tych miejsc i naszej wolno\u015bci.<\/span><\/p>\n<p><img loading=\"lazy\" decoding=\"async\" class=\"alignnone size-full wp-image-20785\" src=\"https:\/\/www2.memri.org\/polish\/wp-content\/uploads\/2024\/01\/MTV108432.jpg\" width=\"624\" height=\"319\" srcset=\"https:\/\/www2.memri.org\/polish\/wp-content\/uploads\/2024\/01\/MTV108432.jpg 624w, https:\/\/www2.memri.org\/polish\/wp-content\/uploads\/2024\/01\/MTV108432-300x153.jpg 300w, https:\/\/www2.memri.org\/polish\/wp-content\/uploads\/2024\/01\/MTV108432-600x307.jpg 600w\" sizes=\"auto, (max-width: 624px) 100vw, 624px\" \/><\/p>\n<p><span style=\"font-weight: 400;\">B\u0119dziemy kontynuowa\u0107 bez wzgl\u0119du na cen\u0119, a to, co wydarzy\u0142o si\u0119 dzisiaj poza Gaz\u0105 i Palestyn\u0105 \u2013 atak na \u017co\u0142nierzy ameryka\u0144skich [w Jordanii] \u2013 to jasny sygna\u0142, a rz\u0105dy USA i okupanci powinni zrozumie\u0107 ten sygna\u0142 zanim b\u0119dzie za p\u00f3\u017ano.<\/span><\/p>\n<p><img loading=\"lazy\" decoding=\"async\" class=\"alignnone size-full wp-image-20787\" src=\"https:\/\/www2.memri.org\/polish\/wp-content\/uploads\/2024\/01\/MTV108434.jpg\" width=\"624\" height=\"329\" alt=\"\" srcset=\"https:\/\/www2.memri.org\/polish\/wp-content\/uploads\/2024\/01\/MTV108434.jpg 624w, https:\/\/www2.memri.org\/polish\/wp-content\/uploads\/2024\/01\/MTV108434-300x158.jpg 300w, https:\/\/www2.memri.org\/polish\/wp-content\/uploads\/2024\/01\/MTV108434-600x316.jpg 600w\" sizes=\"auto, (max-width: 624px) 100vw, 624px\" \/><\/p>\n<p><img loading=\"lazy\" decoding=\"async\" class=\"alignnone size-full wp-image-20788\" src=\"https:\/\/www2.memri.org\/polish\/wp-content\/uploads\/2024\/01\/MTV108435.jpg\" width=\"624\" height=\"324\" alt=\"\" srcset=\"https:\/\/www2.memri.org\/polish\/wp-content\/uploads\/2024\/01\/MTV108435.jpg 624w, https:\/\/www2.memri.org\/polish\/wp-content\/uploads\/2024\/01\/MTV108435-300x156.jpg 300w, https:\/\/www2.memri.org\/polish\/wp-content\/uploads\/2024\/01\/MTV108435-600x312.jpg 600w\" sizes=\"auto, (max-width: 624px) 100vw, 624px\" \/><\/p>\n<p><img loading=\"lazy\" decoding=\"async\" class=\"alignnone size-full wp-image-20789\" src=\"https:\/\/www2.memri.org\/polish\/wp-content\/uploads\/2024\/01\/MTV108436.jpg\" width=\"624\" height=\"321\" alt=\"\" srcset=\"https:\/\/www2.memri.org\/polish\/wp-content\/uploads\/2024\/01\/MTV108436.jpg 624w, https:\/\/www2.memri.org\/polish\/wp-content\/uploads\/2024\/01\/MTV108436-300x154.jpg 300w, https:\/\/www2.memri.org\/polish\/wp-content\/uploads\/2024\/01\/MTV108436-600x309.jpg 600w\" sizes=\"auto, (max-width: 624px) 100vw, 624px\" \/><\/p>\n<p><img loading=\"lazy\" decoding=\"async\" class=\"alignnone size-full wp-image-20790\" src=\"https:\/\/www2.memri.org\/polish\/wp-content\/uploads\/2024\/01\/MTV108437.jpg\" width=\"624\" height=\"318\" alt=\"\" srcset=\"https:\/\/www2.memri.org\/polish\/wp-content\/uploads\/2024\/01\/MTV108437.jpg 624w, https:\/\/www2.memri.org\/polish\/wp-content\/uploads\/2024\/01\/MTV108437-300x153.jpg 300w, https:\/\/www2.memri.org\/polish\/wp-content\/uploads\/2024\/01\/MTV108437-600x306.jpg 600w\" sizes=\"auto, (max-width: 624px) 100vw, 624px\" \/><\/p>\n","protected":false},"excerpt":{"rendered":"<p>Sami Abu Zuhri, szef wydzia\u0142u polityki zagranicznej Hamasu, powiedzia\u0142 28 stycznia 2024 r. w programie w Al-D\u017cazira (Katar), \u017ce Hamas oczy\u015bci Gaz\u0119 i powr\u00f3ci do Jerozolimy, swojej ziemi. Doda\u0142, \u017ce \u201ezbrodniczy syjoni\u015bci\u201d musz\u0105 zdecydowa\u0107, czy chc\u0105 kontynuowa\u0107 konflikt i \u201ezap\u0142aci\u0107 cen\u0119\u201d, czy te\u017c opu\u015bci\u0107 ziemi\u0119 palesty\u0144sk\u0105 i wr\u00f3ci\u0107 \u201esk\u0105d przybyli\u201d. Powiedzia\u0142, \u017ce Hamas b\u0119dzie kontynuowa\u0142 [&hellip;]<\/p>\n","protected":false},"author":1,"featured_media":20783,"comment_status":"closed","ping_status":"closed","sticky":false,"template":"","format":"standard","meta":{"footnotes":""},"categories":[824,828,835,837],"tags":[912,969],"class_list":["post-20781","post","type-post","status-publish","format-standard","has-post-thumbnail","hentry","category-specjalne-komunikaty","category-autonomia-palestynska","category-archiwum","category-kraje","tag-konflikt-arabsko-izraelski","tag-palestynczycy"],"_links":{"self":[{"href":"https:\/\/www2.memri.org\/polish\/wp-json\/wp\/v2\/posts\/20781","targetHints":{"allow":["GET"]}}],"collection":[{"href":"https:\/\/www2.memri.org\/polish\/wp-json\/wp\/v2\/posts"}],"about":[{"href":"https:\/\/www2.memri.org\/polish\/wp-json\/wp\/v2\/types\/post"}],"author":[{"embeddable":true,"href":"https:\/\/www2.memri.org\/polish\/wp-json\/wp\/v2\/users\/1"}],"replies":[{"embeddable":true,"href":"https:\/\/www2.memri.org\/polish\/wp-json\/wp\/v2\/comments?post=20781"}],"version-history":[{"count":1,"href":"https:\/\/www2.memri.org\/polish\/wp-json\/wp\/v2\/posts\/20781\/revisions"}],"predecessor-version":[{"id":20791,"href":"https:\/\/www2.memri.org\/polish\/wp-json\/wp\/v2\/posts\/20781\/revisions\/20791"}],"wp:featuredmedia":[{"embeddable":true,"href":"https:\/\/www2.memri.org\/polish\/wp-json\/wp\/v2\/media\/20783"}],"wp:attachment":[{"href":"https:\/\/www2.memri.org\/polish\/wp-json\/wp\/v2\/media?parent=20781"}],"wp:term":[{"taxonomy":"category","embeddable":true,"href":"https:\/\/www2.memri.org\/polish\/wp-json\/wp\/v2\/categories?post=20781"},{"taxonomy":"post_tag","embeddable":true,"href":"https:\/\/www2.memri.org\/polish\/wp-json\/wp\/v2\/tags?post=20781"}],"curies":[{"name":"wp","href":"https:\/\/api.w.org\/{rel}","templated":true}]}}