{"id":2075,"date":"2011-11-10T00:00:00","date_gmt":"2011-11-10T00:00:00","guid":{"rendered":"http:\/\/www2.memri.org\/polaco\/okupacja-wall-street-reakcje-i-poparcie-w-swiecie-arabskim-i-muzulmanskim-czesc-viii-iranski-zastepca-szefa-sztabu-general-brygady-masoud-dzazajeri-wzywa-okupac\/2075"},"modified":"2011-11-10T00:00:00","modified_gmt":"2011-11-10T00:00:00","slug":"okupacja-wall-street-reakcje-i-poparcie-w-swiecie-arabskim-i-muzulmanskim-czesc-viii-iranski-zastepca-szefa-sztabu-general-brygady-masoud-dzazajeri-wzywa-okupac","status":"publish","type":"post","link":"https:\/\/www2.memri.org\/polish\/okupacja-wall-street-reakcje-i-poparcie-w-swiecie-arabskim-i-muzulmanskim-czesc-viii-iranski-zastepca-szefa-sztabu-general-brygady-masoud-dzazajeri-wzywa-okupac\/2075","title":{"rendered":"\u201cOkupacja Wall Street\u201d \u2013 Reakcje i poparcie w \u015bwiecie arabskim i muzu\u0142ma\u0144skim, Cz\u0119\u015b\u0107 VIII: ira\u0144ski zast\u0119pca szefa sztabu, genera\u0142 brygady Masoud D\u017cazajeri wzywa \u201eOkupacj\u0119 Wall Street\u201d do pot\u0119pienia gr\u00f3\u017ab USA wobec Iranu, m\u00f3wi: Izraelski atak na instalacje nuklearne Iranu doprowadz\u0105 do \u201eca\u0142kowitej anihilacji tego tworu\u201d; instalacja nuklearna Dimona jest \u201enaj\u0142atwiejszym celem\u201d"},"content":{"rendered":"<div class=\"bodytext c2\">\n<p><em>Poni\u017cej podajemy fragmenty wywiadu z genera\u0142em brygady Masoudem D\u017cazajerim, ira\u0144skim zast\u0119pc\u0105 szefa sztabu, odpowiedzialnym za media. Wywiad nada\u0142a Al-Alam TV 9 listopada 2011.<\/em><\/p>\n<p class=\"c1\">\n<iframe loading=\"lazy\" height=\"485\" src=\"http:\/\/www.memritv.org\/player\/largePlayer.php?&#038;width=585&#038;height=485&#038;autoplay=0&#038;clipid=3187\" frameborder=\"0\" width=\"585\" allowtransparency=\"\" scrolling=\"no\"><\/iframe><\/p>\n<p><strong>Genera\u0142 brygady Masoud D\u017cazajeri<\/strong>: Amerykanie wychodz\u0105 z ziemi irackiej, ci\u0105gn\u0105\u0107 za sob\u0105 ha\u0144b\u0119 i poni\u017cenie. Powinni\u015bmy to nazwa\u0107 raczej ucieczk\u0105 ni\u017c wycofaniem ze szlachetnej ziemi irackiej. Nie mamy najmniejszej w\u0105tpliwo\u015bci, \u017ce pora\u017cka si\u0142 ameryka\u0144skich wkr\u00f3tce powt\u00f3rzy si\u0119 w Afganistanie. Zobaczymy dzie\u0144, w kt\u00f3rym \u017co\u0142nierze USA uciekaj\u0105 z Afganistanu.<\/p>\n<p>[&#8230;]<\/p>\n<p>G\u0142\u00f3wnym celem USA i ich sprzymierze\u0144c\u00f3w w Europie i w regionie \u2013 z globalnym syjonizmem [stoj\u0105cym] za nimi \u2013 jest odwr\u00f3cenie uwagi opinii publicznej od gorzkiej prawdy, kt\u00f3ra zacz\u0119\u0142a grozi\u0107 istnieniu mi\u0119dzynarodowego kapitalizmu.<\/p>\n<p>[&#8230;]<\/p>\n<p>Wierzymy, \u017ce ameryka\u0144skie problem ekonomiczne i finansowe s\u0105 powa\u017cnymi problemami, kt\u00f3re stanowi\u0105 wielkie wyzwanie dla ameryka\u0144skiego kapitalizmu.<\/p>\n<p>W dodatku wydarzenia w spo\u0142ecze\u0144stwie USA, kt\u00f3rych \u015bwiat jest dzisiaj \u015bwiadkiem, stanowi\u0105 <em>bona fide<\/em> ruch protest i powszechnego przebudzenia. To jest Intifada przeciwko uciskaj\u0105cym i niesprawiedliwym posuni\u0119ciom administracji ameryka\u0144skiej. Nar\u00f3d ameryka\u0144ski d\u0105\u017cy do osi\u0105gni\u0119cia swoich legalnych swob\u00f3d, kt\u00f3re zosta\u0142y zabrane i pogwa\u0142cone przez administracj\u0119 USA, \u017ceby nie wspomnie\u0107 o innych problemach moralnych, powszechnych w spo\u0142ecze\u0144stwie USA.<\/p>\n<p>[&#8230;]<\/p>\n<p>USA s\u0105 niezdolne do podj\u0119cia jakichkolwiek krok\u00f3w militarnych przeciwko wielkiemu krajowi, takiemu jak Iran. Iran jest zdolny powstrzyma\u0107 i wzi\u0105\u0107 odwet za ka\u017cd\u0105 agresj\u0119 lub wojn\u0119. Naturalnie nie wykluczamy \u017cadnego mo\u017cliwego kroku ze strony Wielkiego Szatana. Nie mamy w\u0105tpliwo\u015bci \u2013 i jeste\u015bmy gotowi poprze\u0107 to czynami, nie sloganami \u2013 \u017ce chocia\u017c USA lub jakikolwiek inny kraj mo\u017ce by\u0107 w stanie rozpocz\u0105\u0107 wojn\u0119, zdecydowanie nie b\u0119d\u0105 w stanie zako\u0144czy\u0107 tej wojny.<\/p>\n<p>[&#8230;]<\/p>\n<p>Z tego podium wzywam przyw\u00f3dc\u00f3w ruchu [\u201cOkupacji] Wall Street\u201d do pot\u0119pienia wypowiedzi przedstawicieli USA, kt\u00f3rzy wzywali do zabicia obywateli innych kraj\u00f3w. W przysz\u0142o\u015bci mamy nadziej\u0119 zobaczy\u0107 sprzeciw wobec takich wypowiedzi podczas demonstracji ludu ameryka\u0144skiego na Wall Street.<\/p>\n<p>[&#8230;]<\/p>\n<p>Tel Awiw wie doskonale, \u017ce najmniejszy krok przeciwko Iranowi b\u0119dzie mia\u0142 konsekwencje dotycz\u0105ce samego istnienia tego fa\u0142szywego tworu. To nie USA to m\u00f3wi\u0105, ale ka\u017cdy wierzy, \u017ce kroki militarne, takie jak ten [krok] tworu syjonistycznego przeciwko Iranowi, doprowadzi do ca\u0142kowitej anihilacji tego tworu.<\/p>\n<p>[&#8230;]<\/p>\n<p>Wierzymy, \u017ce tw\u00f3r syjonistyczny nie jest zdolny do zrealizowania swoich gr\u00f3\u017ab.<\/p>\n<p>[&#8230;]<\/p>\n<p><strong>Prowadz\u0105cy wywiad<\/strong>: Na wypadek wybuchu wojny, czy Iran u\u017cyje Cie\u015bniny [Ormuz], \u017ceby zada\u0107 cios USA?<\/p>\n<p><strong>Genera\u0142 brygady Masoud D\u017cazajeri<\/strong>: Iran ma szerok\u0105 r\u00f3\u017cnorodno\u015b\u0107 kart atutowych w r\u0119kawie. Te karty atutowe nie ograniczaj\u0105 si\u0119 do tego regionu. W tych dniach strategiczna g\u0142\u0119bia Iranu i jego rewolucji islamskiej rozci\u0105ga si\u0119 na wiele cz\u0119\u015bci \u015bwiata. Strategiczn\u0105 g\u0142\u0119bi\u0119 mo\u017cna zobaczy\u0107 w rozmaitych regionach, jak r\u00f3wnie\u017c w ONZ-cie i na ca\u0142ym \u015bwiecie. Dlatego Iran ma wiele kart i rozmaito\u015b\u0107 metod, kt\u00f3rych u\u017cyje we w\u0142a\u015bciwym czasie.<\/p>\n<p>[&#8230;]<\/p>\n<p>Mamy nadziej\u0119, \u017ce [atak na instalacje nuklearne Iranu] nie b\u0119dzie mia\u0142 miejsca, ale je\u015bli b\u0119dzie, mo\u017ce si\u0119 to tak\u017ce zdarzy\u0107 gdzieindziej.<\/p>\n<p><strong>Prowadz\u0105cy wywiad<\/strong>: Co ma pan na my\u015bli?<\/p>\n<p><strong>Genera\u0142 Brygady Masoud D\u017cazajeri<\/strong>: Je\u015bli zdecyduj\u0105, \u017ce dym powinien wydobywa\u0107 si\u0119 z naszych instalacji nuklearnych, taki dym powinien r\u00f3wnie\u017c wydobywa\u0107 si\u0119 z innych instalacji.<\/p>\n<p>[&#8230;]<\/p>\n<p><strong>Prowadz\u0105cy wywiad<\/strong>: Je\u015bli chodzi o instalacj\u0119 Dimona tworu izraelskiego \u2013 czy ira\u0144ski zestaw pocisk\u00f3w rakietowych jest militarnie zdolny do zniszczenia jej, gdyby co\u015b sta\u0142o si\u0119 ira\u0144skim instalacjom nuklearnym?<\/p>\n<p><strong>Genera\u0142 brygady Masoud D\u017cazajeri<\/strong>: Ta instalacja nuklearna jest naj\u0142atwiejszym celem dla ira\u0144skich mo\u017cliwo\u015bci militarnych. [&#8230;]<\/p>\n<\/div>\n","protected":false},"excerpt":{"rendered":"<p>Poni\u017cej podajemy fragmenty wywiadu z genera\u0142em brygady Masoudem D\u017cazajerim, ira\u0144skim zast\u0119pc\u0105 szefa sztabu, odpowiedzialnym za media. Wywiad nada\u0142a Al-Alam TV 9 listopada 2011. Genera\u0142 brygady Masoud D\u017cazajeri: Amerykanie wychodz\u0105 z ziemi irackiej, ci\u0105gn\u0105\u0107 za sob\u0105 ha\u0144b\u0119 i poni\u017cenie. Powinni\u015bmy to nazwa\u0107 raczej ucieczk\u0105 ni\u017c wycofaniem ze szlachetnej ziemi irackiej. Nie mamy najmniejszej w\u0105tpliwo\u015bci, \u017ce pora\u017cka [&hellip;]<\/p>\n","protected":false},"author":1,"featured_media":0,"comment_status":"open","ping_status":"closed","sticky":false,"template":"","format":"standard","meta":{"footnotes":""},"categories":[824,835],"tags":[],"class_list":["post-2075","post","type-post","status-publish","format-standard","hentry","category-specjalne-komunikaty","category-archiwum"],"_links":{"self":[{"href":"https:\/\/www2.memri.org\/polish\/wp-json\/wp\/v2\/posts\/2075","targetHints":{"allow":["GET"]}}],"collection":[{"href":"https:\/\/www2.memri.org\/polish\/wp-json\/wp\/v2\/posts"}],"about":[{"href":"https:\/\/www2.memri.org\/polish\/wp-json\/wp\/v2\/types\/post"}],"author":[{"embeddable":true,"href":"https:\/\/www2.memri.org\/polish\/wp-json\/wp\/v2\/users\/1"}],"replies":[{"embeddable":true,"href":"https:\/\/www2.memri.org\/polish\/wp-json\/wp\/v2\/comments?post=2075"}],"version-history":[{"count":0,"href":"https:\/\/www2.memri.org\/polish\/wp-json\/wp\/v2\/posts\/2075\/revisions"}],"wp:attachment":[{"href":"https:\/\/www2.memri.org\/polish\/wp-json\/wp\/v2\/media?parent=2075"}],"wp:term":[{"taxonomy":"category","embeddable":true,"href":"https:\/\/www2.memri.org\/polish\/wp-json\/wp\/v2\/categories?post=2075"},{"taxonomy":"post_tag","embeddable":true,"href":"https:\/\/www2.memri.org\/polish\/wp-json\/wp\/v2\/tags?post=2075"}],"curies":[{"name":"wp","href":"https:\/\/api.w.org\/{rel}","templated":true}]}}