{"id":2055,"date":"2011-10-26T00:00:00","date_gmt":"2011-10-26T00:00:00","guid":{"rendered":"http:\/\/www2.memri.org\/polaco\/konferencja-w-maroku-dla-upamietnienia-holocaustu\/2055"},"modified":"2011-10-26T00:00:00","modified_gmt":"2011-10-26T00:00:00","slug":"konferencja-w-maroku-dla-upamietnienia-holocaustu","status":"publish","type":"post","link":"https:\/\/www2.memri.org\/polish\/konferencja-w-maroku-dla-upamietnienia-holocaustu\/2055","title":{"rendered":"Konferencja w Maroku dla upami\u0119tnienia Holocaustu"},"content":{"rendered":"<div class=\"bodytext c2\">\n<p><em>Pod koniec wrze\u015bnia 2011r. maroka\u0144ski Uniwersytet Al-Akhawayn (AU), mieszcz\u0105cy si\u0119 w Ifrane w regionie Atlasu \u015arodkowego, zorganizowa\u0142 trzydniow\u0105 konferencj\u0119 upami\u0119tniaj\u0105c\u0105 Holocaust<a href=\"#_edn1\" name=\"_ednref1\">[1]<\/a> . Konferencja, zatytu\u0142owana &#8222;Mohammed V, Sprawiedliwy w\u015br\u00f3d Narod\u00f3w&#8221;<a href=\"#_edn2\" name=\"_ednref2\">[2]<\/a> , by\u0142a po\u015bwi\u0119cona wiedzy o \u017cydowskim Holocau\u015bcie i oddawa\u0142a honor nie\u017cyj\u0105cemu kr\u00f3lowi Maroka, Mohammedowi V. kt\u00f3ry odm\u00f3wi\u0142 wydania \u017byd\u00f3w maroka\u0144skich francuskiemu rz\u0105dowi Vichy, kt\u00f3ry w owym czasie okupowa\u0142 Maroko. Konferencja sk\u0142ada\u0142a si\u0119 z seminari\u00f3w o nie\u017cyj\u0105cym kr\u00f3lu i o \u017bydach maroka\u0144skich, by\u0142y sesje po\u015bwiecone \u015bwiadectwom tych, kt\u00f3rzy prze\u017cyli Holocaust w Europie oraz zwiedzanie Maroka\u0144skiego Muzeum \u017bydowskiego w Casablance, gdzie przewodnikiem by\u0142 muzu\u0142ma\u0144ski kurator muzeum Zhor Rhihel. By\u0142 tak\u017ce koncert maroka\u0144sko-\u017cydowskiej muzyki w wykonaniu znanego piosenkarza Maxime Kartouchi i serwowane by\u0142y koszerne posi\u0142ki.<\/em><\/p>\n<p><strong><img loading=\"lazy\" decoding=\"async\" border=\"0\" hspace=\"6\" vspace=\"6\" src=\"http:\/\/memri.jp\/images\/uploaded\/4226_1.jpg\" width=\"344\" height=\"257\" \/><\/strong><\/p>\n<p><strong>Klub Mimouna\u2013 organizacja studencka, kt\u00f3ra zorganizowa\u0142a konferencj\u0119<\/strong><\/p>\n<p>Konferencj\u0119 zorganizowa\u0142 uniwersytecki klub Mimouna, organizacja studencka za\u0142o\u017cona w 2007 r., po\u015bwi\u0119cona krzewieniu wiedzy o dziedzictwie \u017byd\u00f3w maroka\u0144skich. Celem klubu jest informowanie publiczno\u015bci maroka\u0144skiej, szczeg\u00f3lnie m\u0142odzie\u017cy, o r\u00f3\u017cnorodno\u015bci kultury maroka\u0144skiej z naciskiem na \u017byd\u00f3w maroka\u0144skich jako wzoru koegzystencji mi\u0119dzy \u017bydami a muzu\u0142manami w \u015bwiecie arabskim. Klub ju\u017c zorganizowa\u0142 szereg imprez o dziedzictwie maroka\u0144skich \u017byd\u00f3w z uczestnictwem Izraelczyk\u00f3w, a tak\u017ce oferuje nauk\u0119 hebrajskiego.<\/p>\n<p>Za\u0142o\u017cycielem i prezydentem Klubu Mimouna jest student politologii Elmehdi Boudra (24 lata). Boudra, muzu\u0142manin, jest g\u0142\u0119boko zainteresowany kultur\u0105 maroka\u0144sko-\u017cydowsk\u0105 i jest zagorza\u0142ym zwolennikiem dialogu mi\u0119dzykulturowego<a href=\"#_edn3\" name=\"_ednref3\">[3]<\/a> . Jego zainteresowanie \u017bydami i stosunkami muzu\u0142ma\u0144sko-\u017cydowskimi wyros\u0142o z historii rodzinnej; do\u015bwiadczenia jego babci, kt\u00f3ra dorasta\u0142a w \u017cydowskiej dzielnicy Casablanki, oraz kontakty jego dziadka z \u017cydowskimi s\u0105siadami<a href=\"#_edn4\" name=\"_ednref4\">[4]<\/a> wzbudzi\u0142y w nim ciekawo\u015b\u0107 judaizmu. \u017beby dowiedzie\u0107 si\u0119 wi\u0119cej, uczy\u0142 si\u0119 u Simona Levy\u2019ego, jednego z dyrektor\u00f3w Muzeum Maroka\u0144skich \u017byd\u00f3w w Casablance i czyta\u0142 o Holocau\u015bcie<a href=\"#_edn5\" name=\"_ednref5\">[5]<\/a> . Partnerem Boudry przy zak\u0142adaniu Klubu Mimouna by\u0142 Ghassan Essalehi (23 lata)<a href=\"#_edn6\" name=\"_ednref6\">[6]<\/a> , muzu\u0142manin z Rabatu, kt\u00f3ry ma licencjat z stosunk\u00f3w mi\u0119dzynarodowych i komunikacji, a obecnie ko\u0144czy magisterium z dyplomacji<a href=\"#_edn7\" name=\"_ednref7\">[7]<\/a> .<\/p>\n<p><strong>M\u00f3wcy na konferencji<\/strong><\/p>\n<p>W\u015br\u00f3d uczestnik\u00f3w konferencji byli badacze Holocaustu i ocaleni (mi\u0119dzy nimi Elisabeth Citron, W\u0119gierka, kt\u00f3ra prze\u017cy\u0142a Auschwitz)<a href=\"#_edn8\" name=\"_ednref8\">[8]<\/a> , przyw\u00f3dcy spo\u0142eczno\u015bci \u017byd\u00f3w maroka\u0144skich, jak r\u00f3wnie\u017c \u017cydowscy i muzu\u0142ma\u0144scy studenci z Maroka i z USA.<\/p>\n<p>G\u0142\u00f3wnym m\u00f3wc\u0105 by\u0142 Andr\u00e9 Azoulay, maroka\u0144sko-\u017cydowski intelektualista i doradca kr\u00f3la. Powiedzia\u0142 on, \u017ce kiedy Europa by\u0142 poddana nazistowskiemu barbarzy\u0144stwu, Maroko stanowi\u0142o promyk nadziei i doda\u0142: \u201eSprzeciwiaj\u0105c si\u0119 rasistowskim prawom Vichy kr\u00f3l Mohammed V dostarczy\u0142 ka\u017cdemu z nas zdolno\u015bci i prawa do pos\u0142ugiwania si\u0119 warto\u015bciami odwagi, wolno\u015bci, cz\u0142owiecze\u0144stwa i nowoczesno\u015bci, kt\u00f3re wielu z nas stara si\u0119 szerzy\u0107 w spo\u0142ecze\u0144stwie maroka\u0144skim&#8221;<a href=\"#_edn9\" name=\"_ednref9\">[9]<\/a> . Powiedzia\u0142 tak\u017ce, \u017ce do nowej konstytucji maroka\u0144skiej obecny kr\u00f3l, Mohammed VI, do\u0142\u0105czy\u0142 d\u0142ugie wprowadzenie, skupiaj\u0105ce si\u0119 na bogactwie i r\u00f3\u017cnorodno\u015bci element\u00f3w duchowych i kulturowych, kt\u00f3re sk\u0142adaj\u0105 si\u0119 na wsp\u00f3\u0142czesne spo\u0142ecze\u0144stwo maroka\u0144skie. Zwracaj\u0105c si\u0119 do organizator\u00f3w konferencji powiedzia\u0142: \u201eWy, studenci muzu\u0142ma\u0144scy, postanowili\u015bcie identyfikowa\u0107 z naszym wyzwoleniem. Nie jest to czym\u015b zwyk\u0142ym&#8221;<a href=\"#_edn10\" name=\"_ednref10\">[10]<\/a> .<\/p>\n<p>Serge Berdugo, ambasador misji specjalnej kr\u00f3la Maroka i sekretarz generalny spo\u0142eczno\u015bci \u017cydowskiej w kraju, powiedzia\u0142, \u017ce dzi\u0119ki ochronie Mohammada V \u017caden \u017byd maroka\u0144ski nie by\u0142 aresztowany i wys\u0142any do obozu koncentracyjnego. Wspomnia\u0142, \u017ce kr\u00f3l okaza\u0142 szacunek swoim \u017cydowskim poddanym zapraszaj\u0105c wszystkich dygnitarzy \u017cydowskich na \u015awi\u0119to Tronu w 1941 r. i sadzaj\u0105c ich obok oficer\u00f3w niemieckich i francuskich. Berdugo przytoczy\u0142 tak\u017ce histori\u0119 opowiadan\u0105 o kr\u00f3lu: kiedy francuski genera\u0142 Nogu\u00e8s poinformowa\u0142 go, \u017ce zosta\u0142o przygotowanych 200 tysi\u0119cy \u017c\u00f3\u0142tych gwiazd dla \u017byd\u00f3w maroka\u0144skich, kr\u00f3l odpowiedzia\u0142, \u017ce b\u0119dzie on potrzebowa\u0142 dodatkowych 50 \u2013 dla niego samego i jego rodziny. Wed\u0142ug Berdugo kr\u00f3l powiedzia\u0142 w owym czasie prasie: \u201eZupe\u0142nie nie aprobuj\u0119 tych nowych praw przeciwko \u017bydom i odmawiam kojarzenia mnie z posuni\u0119ciami, kt\u00f3rych nie aprobuj\u0119. Tak jak w przesz\u0142o\u015bci Izraelici pozostaj\u0105 pod moj\u0105 ochron\u0105 i odmawiam czynienia jakichkolwiek rozr\u00f3\u017cnie\u0144 mi\u0119dzy moimi poddanymi&#8221;<a href=\"#_edn11\" name=\"_ednref11\">[11]<\/a> .<\/p>\n<p><strong>Kr\u00f3l Mohammed VI sprzeciwia si\u0119 negacji Holocaustu<\/strong><\/p>\n<p>Wydarzenie to, jakim by\u0142a pierwsza konferencja upami\u0119tniaj\u0105ca Holocaust zorganizowana w kraju arabskim, zosta\u0142o pozytywnie przyj\u0119te przez media w Maroku i za granica. Kontynuuje ono polityk\u0119 obecnego kr\u00f3la, kt\u00f3ry wyst\u0119powa\u0142 przeciwko negacji Holocaustu. W przem\u00f3wieniu w 2009 r. kr\u00f3l Mohammed VI powiedzia\u0142: \u201cAmnezja w \u017caden spos\u00f3b nie wp\u0142ywa na moje rozumienie Holocaustu, ani mojego ludu\u2026 Razem musimy d\u0105\u017cy\u0107 do umocnienia rozumu i warto\u015bci, kt\u00f3re podtrzymuj\u0105 przestrze\u0144 koegzystencji, gdzie s\u0142owa godno\u015b\u0107, sprawiedliwo\u015b\u0107 i wolno\u015b\u0107 b\u0119d\u0105 wyra\u017cane w ten sam spos\u00f3b i b\u0119d\u0105 wsp\u00f3\u0142istnie\u0107 z tymi samymi wymaganiami, niezale\u017cnie od pochodzenia, kultury i duchowo\u015bci naszych [obywateli]. To jest nasza, maroka\u0144ska interpretacja obowi\u0105zku pami\u0119ci dyktowanego przez Szoah&#8221;<a href=\"#_edn12\" name=\"_ednref12\">[12]<\/a> .<\/p>\n<p><\/p>\n<hr class=\"c1\" size=\"1\" width=\"33%\" \/>\n<p><a href=\"#_ednref1\" name=\"_edn1\">[1]<\/a> For the conference program, see: <a href=\"http:\/\/www.aui.ma\/PresidentsCabinet\/upcoming\/3rd%20MJDs%20Program.pdf\">http:\/\/www.aui.ma\/PresidentsCabinet\/upcoming\/3rd%20MJDs%20Program.pdf<\/a> .<\/p>\n<p><a href=\"#_ednref2\" name=\"_edn2\">[2]<\/a> &#8222;Righteous among the Nations&#8221; is a title used to describe non-Jews who risked their lives during <a href=\"http:\/\/en.wikipedia.org\/wiki\/The_Holocaust\">the Holocaust<\/a> to save <a href=\"http:\/\/en.wikipedia.org\/wiki\/Jews\">Jews<\/a> from extermination by the <a href=\"http:\/\/en.wikipedia.org\/wiki\/Nazi_Germany\">Nazis<\/a> .<\/p>\n<p><a href=\"#_ednref3\" name=\"_edn3\">[3]<\/a> Elmehdi Boudra on Facebook: <a href=\"http:\/\/www.facebook.com\/people\/Elmehdi-Boudra\/719145133#!\/people\/Elmehdi-Boudra\/719145133?sk=info\">http:\/\/www.facebook.com\/people\/Elmehdi-Boudra\/719145133#!\/people\/Elmehdi-Boudra\/719145133?sk=info<\/a><\/p>\n<p><a href=\"#_ednref4\" name=\"_edn4\">[4]<\/a> <em>The New York Times<\/em>, September 24, 2011.<\/p>\n<p><a href=\"#_ednref5\" name=\"_edn5\">[5]<\/a> <em>The New York Times<\/em>, September 24, 2011.<\/p>\n<p><a href=\"#_ednref6\" name=\"_edn6\">[6]<\/a> <a href=\"http:\/\/fr-fr.facebook.com\/group.php?gid=2396515256&#038;ref=nf\">http:\/\/fr-fr.facebook.com\/group.php?gid=2396515256&#038;ref=nf<\/a><\/p>\n<p><a href=\"#_ednref7\" name=\"_edn7\">[7]<\/a> <a href=\"http:\/\/www.internationalreporters.org\/user\/34\">http:\/\/www.internationalreporters.org\/user\/34<\/a><\/p>\n<p><a href=\"#_ednref8\" name=\"_edn8\">[8]<\/a> <a href=\"http:\/\/www.lematin.ma\/actualite\/express\/Article.asp?id=156674\">Lematin.ma, Oct 24, 2011<\/a><\/p>\n<p><a href=\"#_ednref9\" name=\"_edn9\">[9]<\/a> MaghrebArab Press, October 24, 2011.<\/p>\n<p><a href=\"#_ednref10\" name=\"_edn10\">[10]<\/a> <em>The New York Times<\/em>, September 24, 2011.<\/p>\n<p><a href=\"#_ednref11\" name=\"_edn11\">[11]<\/a> <a href=\"http:\/\/www.lematin.ma\/actualite\/express\/Article.asp?id=156674\">Lematin.ma, Oct 24, 2011<\/a> .<\/p>\n<p><a href=\"#_ednref12\" name=\"_edn12\">[12]<\/a> Jewishjournal.com, September 27, 2011.<\/p>\n<\/div>\n","protected":false},"excerpt":{"rendered":"<p>Pod koniec wrze\u015bnia 2011r. maroka\u0144ski Uniwersytet Al-Akhawayn (AU), mieszcz\u0105cy si\u0119 w Ifrane w regionie Atlasu \u015arodkowego, zorganizowa\u0142 trzydniow\u0105 konferencj\u0119 upami\u0119tniaj\u0105c\u0105 Holocaust[1] . Konferencja, zatytu\u0142owana &#8222;Mohammed V, Sprawiedliwy w\u015br\u00f3d Narod\u00f3w&#8221;[2] , by\u0142a po\u015bwi\u0119cona wiedzy o \u017cydowskim Holocau\u015bcie i oddawa\u0142a honor nie\u017cyj\u0105cemu kr\u00f3lowi Maroka, Mohammedowi V. kt\u00f3ry odm\u00f3wi\u0142 wydania \u017byd\u00f3w maroka\u0144skich francuskiemu rz\u0105dowi Vichy, kt\u00f3ry w owym [&hellip;]<\/p>\n","protected":false},"author":1,"featured_media":0,"comment_status":"open","ping_status":"closed","sticky":false,"template":"","format":"standard","meta":{"footnotes":""},"categories":[824,831,835,836],"tags":[],"class_list":["post-2055","post","type-post","status-publish","format-standard","hentry","category-specjalne-komunikaty","category-projekt-dokumentacji-antysemityzmu","category-archiwum","category-tematy"],"_links":{"self":[{"href":"https:\/\/www2.memri.org\/polish\/wp-json\/wp\/v2\/posts\/2055","targetHints":{"allow":["GET"]}}],"collection":[{"href":"https:\/\/www2.memri.org\/polish\/wp-json\/wp\/v2\/posts"}],"about":[{"href":"https:\/\/www2.memri.org\/polish\/wp-json\/wp\/v2\/types\/post"}],"author":[{"embeddable":true,"href":"https:\/\/www2.memri.org\/polish\/wp-json\/wp\/v2\/users\/1"}],"replies":[{"embeddable":true,"href":"https:\/\/www2.memri.org\/polish\/wp-json\/wp\/v2\/comments?post=2055"}],"version-history":[{"count":0,"href":"https:\/\/www2.memri.org\/polish\/wp-json\/wp\/v2\/posts\/2055\/revisions"}],"wp:attachment":[{"href":"https:\/\/www2.memri.org\/polish\/wp-json\/wp\/v2\/media?parent=2055"}],"wp:term":[{"taxonomy":"category","embeddable":true,"href":"https:\/\/www2.memri.org\/polish\/wp-json\/wp\/v2\/categories?post=2055"},{"taxonomy":"post_tag","embeddable":true,"href":"https:\/\/www2.memri.org\/polish\/wp-json\/wp\/v2\/tags?post=2055"}],"curies":[{"name":"wp","href":"https:\/\/api.w.org\/{rel}","templated":true}]}}