{"id":20411,"date":"2023-12-07T19:31:17","date_gmt":"2023-12-07T18:31:17","guid":{"rendered":"https:\/\/www2.memri.org\/polish\/?p=20411"},"modified":"2023-12-07T20:27:40","modified_gmt":"2023-12-07T19:27:40","slug":"imam-z-kolorado-karim-abu-zaid-allah-zarzadzil-ze-tylko-muzulmanie-moga-zyc-w-palestynie-ze-zydzi-opuszcza-jerozolime-i-nigdy-nie-wroca-kiedy-zostanie-ustanowiony-kalifat-wyzwolimy-palestyne-i-w","status":"publish","type":"post","link":"https:\/\/www2.memri.org\/polish\/imam-z-kolorado-karim-abu-zaid-allah-zarzadzil-ze-tylko-muzulmanie-moga-zyc-w-palestynie-ze-zydzi-opuszcza-jerozolime-i-nigdy-nie-wroca-kiedy-zostanie-ustanowiony-kalifat-wyzwolimy-palestyne-i-w\/20411","title":{"rendered":"Imam z Kolorado, Karim Abu Zaid: Allah zarz\u0105dzi\u0142, \u017ce tylko muzu\u0142manie mog\u0105 \u017cy\u0107 w Palestynie, \u017ce \u017bydzi opuszcz\u0105 Jerozolim\u0119 i nigdy nie wr\u00f3c\u0105; kiedy zostanie ustanowiony kalifat, wyzwolimy Palestyn\u0119 i wyrzucimy tych facet\u00f3w"},"content":{"rendered":"<p><i><span style=\"font-weight: 400;\">Imam z Kolorado, Karim Abu Zaid, om\u00f3wi\u0142 wydarzenia w Gazie podczas wyk\u0142adu oraz sesji pyta\u0144 i odpowiedzi podczas konferencji Authentic Ilm Mission w Chicago, IL w dniu 25 listopada 2023 r. Powiedzia\u0142, \u017ce Izraelici b\u0119d\u0105 przeciwnikami muzu\u0142man\u00f3w a\u017c do Dnia S\u0105du.\u00a0Abu Zaid nast\u0119pnie powt\u00f3rzy\u0142, \u017ce kwestia Palestyny \u200b\u200bjest kwesti\u0105 religijn\u0105, a nie narodow\u0105, i \u017ce Allah zarz\u0105dzi\u0142, \u017ce w Palestynie maj\u0105 \u017cy\u0107 tylko muzu\u0142manie i sprawowa\u0107 kontrol\u0119 nad t\u0105 ziemi\u0105.\u00a0Kontynuowa\u0142, \u017ce na pewnym etapie historii Allah zadecydowa\u0142, \u017ce \u017bydzi opuszcz\u0105 Jerozolim\u0119 i nigdy nie wr\u00f3c\u0105, oraz \u017ce zostan\u0105 rozproszeni po ziemi.\u00a0Doda\u0142 \u017cartobliwie: \u201eOczywi\u015bcie niekt\u00f3rzy z nich wyl\u0105dowali w Europie, obok pana Hitlera\u2026\u201d, a publiczno\u015b\u0107 wybuchn\u0119\u0142a \u015bmiechem.\u00a0Abu Zaid powiedzia\u0142, \u017ce muzu\u0142manie czekaj\u0105 na ustanowienie kalifatu, wtedy wyzwol\u0105 Palestyn\u0119 i Jerozolim\u0119 oraz \u201ewyp\u0119dz\u0105 tych facet\u00f3w\u201d.<\/span><\/i><\/p>\n<p><i><span style=\"font-weight: 400;\">Dziecko na widowni zapyta\u0142o, czy Izraelczycy zostan\u0105 ukarani \u201ena ziemi i w piekle\u201d, w odpowiedzi Abu Zaid zacytowa\u0142 werset z Koranu: \u201eWalcz z nimi, a Allah ukarze ich z twoich r\u0105k\u201d i doda\u0142: \u201eJa nie b\u0119d\u0119 tego t\u0142umaczy\u0107.\u201d<\/span><\/i><\/p>\n<p><i><span style=\"font-weight: 400;\">Karim Abu Zaid jest imamem CMCC w Aurorze w Kolorado i dyrektorem Salahuddin Future Academy (SAFA USA).\u00a0Konferencja by\u0142a transmitowana na \u017cywo na r\u00f3\u017cnych platformach, w tym na kanale YouTube Karima Abu Zaida i Masjid Al-Farooq Chicago, IL.\u00a0Wi\u0119cej informacji na temat Abu Zaida mo\u017cna znale\u017a\u0107 w klipie MEMRI TV nr\u00a0<\/span><\/i><a href=\"https:\/\/www.memri.org\/tv\/colorado-imam-abu-zaid-macron-non-muslim-plots-destroy-islam-water-down-caliphate-will-return\"><i><span style=\"font-weight: 400;\">8368<\/span><\/i><\/a><i><span style=\"font-weight: 400;\">.<\/span><\/i><\/p>\n<p><b><i>Aby zobaczy\u0107 klip z imamem z Kolorado Karimem Abu Zaidem, kliknij\u00a0<\/i><\/b><a href=\"https:\/\/www.memri.org\/tv\/Colorado-imam-karim-abu-zaid-allah-decreed-muslims-live-palestine-not-jews-caliphate-expel\"><b><i>tutaj<\/i><\/b><\/a><b><i>\u00a0lub poni\u017cej:<\/i><\/b><\/p>\n<p><b>Allah powiedzia\u0142, \u017ce Izraelici \u201eb\u0119d\u0105 naszymi przeciwnikami a\u017c do Dnia S\u0105du\u201d i \u017ce \u201etylko muzu\u0142manie\u201d mog\u0105 \u017cy\u0107 w Palestynie<\/b><\/p>\n<p><b>Karim Abu Zaid:<\/b><span style=\"font-weight: 400;\">\u00a0Allah powiedzia\u0142 temu islamskiemu narodowi wszystko o Izraelitach. Nie m\u00f3wi nam, \u017ceby\u015bmy nas zabawi\u0107. Bowiem oni b\u0119d\u0105 naszymi przeciwnikami a\u017c do Dnia S\u0105du Ostatecznego.<\/span><\/p>\n<p><img loading=\"lazy\" decoding=\"async\" class=\"alignnone size-full wp-image-20413\" src=\"https:\/\/www2.memri.org\/polish\/wp-content\/uploads\/2023\/12\/MTV10701.jpg\" alt=\"\" width=\"624\" height=\"321\" srcset=\"https:\/\/www2.memri.org\/polish\/wp-content\/uploads\/2023\/12\/MTV10701.jpg 624w, https:\/\/www2.memri.org\/polish\/wp-content\/uploads\/2023\/12\/MTV10701-300x154.jpg 300w, https:\/\/www2.memri.org\/polish\/wp-content\/uploads\/2023\/12\/MTV10701-600x309.jpg 600w\" sizes=\"auto, (max-width: 624px) 100vw, 624px\" \/><\/p>\n<p><img loading=\"lazy\" decoding=\"async\" class=\"alignnone size-full wp-image-20414\" src=\"https:\/\/www2.memri.org\/polish\/wp-content\/uploads\/2023\/12\/MTV10701a.jpg\" alt=\"\" width=\"624\" height=\"315\" srcset=\"https:\/\/www2.memri.org\/polish\/wp-content\/uploads\/2023\/12\/MTV10701a.jpg 624w, https:\/\/www2.memri.org\/polish\/wp-content\/uploads\/2023\/12\/MTV10701a-300x151.jpg 300w, https:\/\/www2.memri.org\/polish\/wp-content\/uploads\/2023\/12\/MTV10701a-600x303.jpg 600w\" sizes=\"auto, (max-width: 624px) 100vw, 624px\" \/><\/p>\n<p><span style=\"font-weight: 400;\">[&#8230;]<\/span><\/p>\n<p><span style=\"font-weight: 400;\">Bracia, Palestyna, ta \u015bwi\u0119ta ziemia \u2013 powinni\u015bmy j\u0105 nazwa\u0107 \u015bwi\u0119t\u0105 ziemi\u0105, \u015bwi\u0119t\u0105 ziemi\u0105 \u2013 nie jest narodow\u0105 kwesti\u0105 terytorialn\u0105, jest to kwestia wiary i niewiary.<\/span><\/p>\n<p><span style=\"font-weight: 400;\">[&#8230;]<\/span><\/p>\n<p><span style=\"font-weight: 400;\">To kwestia religijna z g\u0142\u0119bi teologii. Ta ziemia, \u015bwi\u0119ta ziemia, nale\u017cy do Allaha i Allah nakaza\u0142, aby \u017cyli tam tylko wierni, by \u017cyli tam muzu\u0142manie. Tylko muzu\u0142manie mog\u0105 sprawowa\u0107 kontrol\u0119 nad t\u0105 ziemi\u0105.<\/span><\/p>\n<p><img loading=\"lazy\" decoding=\"async\" class=\"alignnone size-full wp-image-20415\" src=\"https:\/\/www2.memri.org\/polish\/wp-content\/uploads\/2023\/12\/MTV107011.jpg\" alt=\"\" width=\"624\" height=\"317\" srcset=\"https:\/\/www2.memri.org\/polish\/wp-content\/uploads\/2023\/12\/MTV107011.jpg 624w, https:\/\/www2.memri.org\/polish\/wp-content\/uploads\/2023\/12\/MTV107011-300x152.jpg 300w, https:\/\/www2.memri.org\/polish\/wp-content\/uploads\/2023\/12\/MTV107011-600x305.jpg 600w\" sizes=\"auto, (max-width: 624px) 100vw, 624px\" \/><\/p>\n<p><img loading=\"lazy\" decoding=\"async\" class=\"alignnone size-full wp-image-20416\" src=\"https:\/\/www2.memri.org\/polish\/wp-content\/uploads\/2023\/12\/MTV107012.jpg\" alt=\"\" width=\"624\" height=\"330\" srcset=\"https:\/\/www2.memri.org\/polish\/wp-content\/uploads\/2023\/12\/MTV107012.jpg 624w, https:\/\/www2.memri.org\/polish\/wp-content\/uploads\/2023\/12\/MTV107012-300x159.jpg 300w, https:\/\/www2.memri.org\/polish\/wp-content\/uploads\/2023\/12\/MTV107012-600x317.jpg 600w\" sizes=\"auto, (max-width: 624px) 100vw, 624px\" \/><\/p>\n<p>&nbsp;<\/p>\n<p><span style=\"font-weight: 400;\">Muzu\u0142manie nie b\u0119d\u0105 mieli kontroli nad t\u0105 ziemi\u0105 tylko wtedy, gdy porzuc\u0105 religi\u0119. Wtedy [Allah m\u00f3wi:] \u201eNaka\u017c\u0119 wrogom muzu\u0142man\u00f3w, \u017ceby j\u0105 przej\u0119li i ukarali was\u201d.\u00a0I to w\u0142a\u015bnie si\u0119 dzieje, to w\u0142a\u015bnie dzieje si\u0119 teraz.<\/span><\/p>\n<p><img loading=\"lazy\" decoding=\"async\" class=\"alignnone size-full wp-image-20417\" src=\"https:\/\/www2.memri.org\/polish\/wp-content\/uploads\/2023\/12\/MTV107013.jpg\" alt=\"\" width=\"624\" height=\"325\" srcset=\"https:\/\/www2.memri.org\/polish\/wp-content\/uploads\/2023\/12\/MTV107013.jpg 624w, https:\/\/www2.memri.org\/polish\/wp-content\/uploads\/2023\/12\/MTV107013-300x156.jpg 300w, https:\/\/www2.memri.org\/polish\/wp-content\/uploads\/2023\/12\/MTV107013-600x313.jpg 600w\" sizes=\"auto, (max-width: 624px) 100vw, 624px\" \/><\/p>\n<p><img loading=\"lazy\" decoding=\"async\" class=\"alignnone size-full wp-image-20418\" src=\"https:\/\/www2.memri.org\/polish\/wp-content\/uploads\/2023\/12\/MTV107014.jpg\" alt=\"\" width=\"624\" height=\"317\" srcset=\"https:\/\/www2.memri.org\/polish\/wp-content\/uploads\/2023\/12\/MTV107014.jpg 624w, https:\/\/www2.memri.org\/polish\/wp-content\/uploads\/2023\/12\/MTV107014-300x152.jpg 300w, https:\/\/www2.memri.org\/polish\/wp-content\/uploads\/2023\/12\/MTV107014-600x305.jpg 600w\" sizes=\"auto, (max-width: 624px) 100vw, 624px\" \/><\/p>\n<p><img loading=\"lazy\" decoding=\"async\" class=\"alignnone size-full wp-image-20419\" src=\"https:\/\/www2.memri.org\/polish\/wp-content\/uploads\/2023\/12\/MTV107015.jpg\" alt=\"\" width=\"624\" height=\"317\" srcset=\"https:\/\/www2.memri.org\/polish\/wp-content\/uploads\/2023\/12\/MTV107015.jpg 624w, https:\/\/www2.memri.org\/polish\/wp-content\/uploads\/2023\/12\/MTV107015-300x152.jpg 300w, https:\/\/www2.memri.org\/polish\/wp-content\/uploads\/2023\/12\/MTV107015-600x305.jpg 600w\" sizes=\"auto, (max-width: 624px) 100vw, 624px\" \/><\/p>\n<p><span style=\"font-weight: 400;\">[&#8230;]<\/span><\/p>\n<p><b>\u201eWraz z kalifatem wyzwolimy Palestyn\u0119 i Jerozolim\u0119 i wyp\u0119dzimy stamt\u0105d tych facet\u00f3w\u201d<\/b><\/p>\n<p><span style=\"font-weight: 400;\">W jaki\u015b spos\u00f3b na pewnym etapie historii Allah nakaza\u0142 dzieciom Izraela opu\u015bci\u0107 Jerozolim\u0119 i nigdy tu nie wraca\u0107, rozproszy\u0107 si\u0119 po ziemi.<\/span><\/p>\n<p><img loading=\"lazy\" decoding=\"async\" class=\"alignnone size-full wp-image-20420\" src=\"https:\/\/www2.memri.org\/polish\/wp-content\/uploads\/2023\/12\/MTV107016.jpg\" width=\"624\" height=\"319\" srcset=\"https:\/\/www2.memri.org\/polish\/wp-content\/uploads\/2023\/12\/MTV107016.jpg 624w, https:\/\/www2.memri.org\/polish\/wp-content\/uploads\/2023\/12\/MTV107016-300x153.jpg 300w, https:\/\/www2.memri.org\/polish\/wp-content\/uploads\/2023\/12\/MTV107016-600x307.jpg 600w\" sizes=\"auto, (max-width: 624px) 100vw, 624px\" \/><\/p>\n<p><span style=\"font-weight: 400;\">[&#8230;]<\/span><\/p>\n<p><span style=\"font-weight: 400;\">[Koran m\u00f3wi]: \u201ePodzielili\u015bmy ich na ziemi, na grupy\u201d.\u00a0Dlatego widzicie, jak przebywaj\u0105 w jednym miejscu, trzymaj\u0105 si\u0119 razem. Znajdziesz ich w ma\u0142ych grupach, maj\u0105 w\u0142asne spo\u0142eczno\u015bci, w\u0142asne systemy finansowe, w\u0142asne jedzenie \u2013 s\u0105 m\u0105drzy. Bardzo m\u0105drzy. Niekt\u00f3rzy z nich trafili do Egiptu, cz\u0119\u015b\u0107 z nich trafi\u0142a do Maroka, cz\u0119\u015b\u0107 do Europy.<\/span><\/p>\n<p><img loading=\"lazy\" decoding=\"async\" class=\"alignnone size-full wp-image-20421\" src=\"https:\/\/www2.memri.org\/polish\/wp-content\/uploads\/2023\/12\/MTV107018.jpg\" width=\"624\" height=\"329\" srcset=\"https:\/\/www2.memri.org\/polish\/wp-content\/uploads\/2023\/12\/MTV107018.jpg 624w, https:\/\/www2.memri.org\/polish\/wp-content\/uploads\/2023\/12\/MTV107018-300x158.jpg 300w, https:\/\/www2.memri.org\/polish\/wp-content\/uploads\/2023\/12\/MTV107018-600x316.jpg 600w\" sizes=\"auto, (max-width: 624px) 100vw, 624px\" \/><\/p>\n<p><span style=\"font-weight: 400;\">[&#8230;]<\/span><\/p>\n<p><span style=\"font-weight: 400;\">Oczywi\u015bcie niekt\u00f3rzy z nich trafili do Europy, obok Hitlera\u2026 i wiecie, co si\u0119 sta\u0142o.<\/span><\/p>\n<p><img loading=\"lazy\" decoding=\"async\" class=\"alignnone size-full wp-image-20422\" src=\"https:\/\/www2.memri.org\/polish\/wp-content\/uploads\/2023\/12\/MTV107019.jpg\" alt=\"\" width=\"624\" height=\"319\" srcset=\"https:\/\/www2.memri.org\/polish\/wp-content\/uploads\/2023\/12\/MTV107019.jpg 624w, https:\/\/www2.memri.org\/polish\/wp-content\/uploads\/2023\/12\/MTV107019-300x153.jpg 300w, https:\/\/www2.memri.org\/polish\/wp-content\/uploads\/2023\/12\/MTV107019-600x307.jpg 600w\" sizes=\"auto, (max-width: 624px) 100vw, 624px\" \/><\/p>\n<p><img loading=\"lazy\" decoding=\"async\" class=\"alignnone size-full wp-image-20423\" src=\"https:\/\/www2.memri.org\/polish\/wp-content\/uploads\/2023\/12\/MTV1070110.jpg\" alt=\"\" width=\"624\" height=\"331\" srcset=\"https:\/\/www2.memri.org\/polish\/wp-content\/uploads\/2023\/12\/MTV1070110.jpg 624w, https:\/\/www2.memri.org\/polish\/wp-content\/uploads\/2023\/12\/MTV1070110-300x159.jpg 300w, https:\/\/www2.memri.org\/polish\/wp-content\/uploads\/2023\/12\/MTV1070110-600x318.jpg 600w\" sizes=\"auto, (max-width: 624px) 100vw, 624px\" \/><\/p>\n<p><img loading=\"lazy\" decoding=\"async\" class=\"alignnone size-full wp-image-20424\" src=\"https:\/\/www2.memri.org\/polish\/wp-content\/uploads\/2023\/12\/MTV1070111.jpg\" alt=\"\" width=\"624\" height=\"317\" srcset=\"https:\/\/www2.memri.org\/polish\/wp-content\/uploads\/2023\/12\/MTV1070111.jpg 624w, https:\/\/www2.memri.org\/polish\/wp-content\/uploads\/2023\/12\/MTV1070111-300x152.jpg 300w, https:\/\/www2.memri.org\/polish\/wp-content\/uploads\/2023\/12\/MTV1070111-600x305.jpg 600w\" sizes=\"auto, (max-width: 624px) 100vw, 624px\" \/><\/p>\n<p><span style=\"font-weight: 400;\">[&#8230;]<\/span><\/p>\n<p><span style=\"font-weight: 400;\">Czekamy na kalifat, tak\u0105 mamy obietnic\u0119. Wraz z kalifatem wyzwolimy Palestyn\u0119 i Jerozolim\u0119 i wyp\u0119dzimy stamt\u0105d tych facet\u00f3w.<\/span><\/p>\n<p><img loading=\"lazy\" decoding=\"async\" class=\"alignnone size-full wp-image-20425\" src=\"https:\/\/www2.memri.org\/polish\/wp-content\/uploads\/2023\/12\/MTV1070112.jpg\" width=\"624\" height=\"324\" srcset=\"https:\/\/www2.memri.org\/polish\/wp-content\/uploads\/2023\/12\/MTV1070112.jpg 624w, https:\/\/www2.memri.org\/polish\/wp-content\/uploads\/2023\/12\/MTV1070112-300x156.jpg 300w, https:\/\/www2.memri.org\/polish\/wp-content\/uploads\/2023\/12\/MTV1070112-600x312.jpg 600w\" sizes=\"auto, (max-width: 624px) 100vw, 624px\" \/><\/p>\n<p><span style=\"font-weight: 400;\">[&#8230;]<\/span><\/p>\n<p><b>Dziecko:<\/b><span style=\"font-weight: 400;\">\u00a0Czy Izraelczycy zostan\u0105 ukarani na Ziemi i w piekle?<\/span><\/p>\n<p><b>Zaid:<\/b><span style=\"font-weight: 400;\">\u00a0\u201eWalcz z nimi, a Allah ukarze ich z twoich r\u0105k\u2026\u201d Nie zamierzam tego t\u0142umaczy\u0107.<\/span><\/p>\n","protected":false},"excerpt":{"rendered":"<p>Imam z Kolorado, Karim Abu Zaid, om\u00f3wi\u0142 wydarzenia w Gazie podczas wyk\u0142adu oraz sesji pyta\u0144 i odpowiedzi podczas konferencji Authentic Ilm Mission w Chicago, IL w dniu 25 listopada 2023 r. Powiedzia\u0142, \u017ce Izraelici b\u0119d\u0105 przeciwnikami muzu\u0142man\u00f3w a\u017c do Dnia S\u0105du.\u00a0Abu Zaid nast\u0119pnie powt\u00f3rzy\u0142, \u017ce kwestia Palestyny \u200b\u200bjest kwesti\u0105 religijn\u0105, a nie narodow\u0105, i \u017ce [&hellip;]<\/p>\n","protected":false},"author":1,"featured_media":20413,"comment_status":"closed","ping_status":"closed","sticky":false,"template":"","format":"standard","meta":{"footnotes":""},"categories":[824,828,835,837],"tags":[907,908,912,922,924,929,967],"class_list":["post-20411","post","type-post","status-publish","format-standard","has-post-thumbnail","hentry","category-specjalne-komunikaty","category-autonomia-palestynska","category-archiwum","category-kraje","tag-hamas","tag-izrael","tag-konflikt-arabsko-izraelski","tag-gaza","tag-egipt","tag-hezbollah","tag-autonomia-palestynska"],"_links":{"self":[{"href":"https:\/\/www2.memri.org\/polish\/wp-json\/wp\/v2\/posts\/20411","targetHints":{"allow":["GET"]}}],"collection":[{"href":"https:\/\/www2.memri.org\/polish\/wp-json\/wp\/v2\/posts"}],"about":[{"href":"https:\/\/www2.memri.org\/polish\/wp-json\/wp\/v2\/types\/post"}],"author":[{"embeddable":true,"href":"https:\/\/www2.memri.org\/polish\/wp-json\/wp\/v2\/users\/1"}],"replies":[{"embeddable":true,"href":"https:\/\/www2.memri.org\/polish\/wp-json\/wp\/v2\/comments?post=20411"}],"version-history":[{"count":2,"href":"https:\/\/www2.memri.org\/polish\/wp-json\/wp\/v2\/posts\/20411\/revisions"}],"predecessor-version":[{"id":20427,"href":"https:\/\/www2.memri.org\/polish\/wp-json\/wp\/v2\/posts\/20411\/revisions\/20427"}],"wp:featuredmedia":[{"embeddable":true,"href":"https:\/\/www2.memri.org\/polish\/wp-json\/wp\/v2\/media\/20413"}],"wp:attachment":[{"href":"https:\/\/www2.memri.org\/polish\/wp-json\/wp\/v2\/media?parent=20411"}],"wp:term":[{"taxonomy":"category","embeddable":true,"href":"https:\/\/www2.memri.org\/polish\/wp-json\/wp\/v2\/categories?post=20411"},{"taxonomy":"post_tag","embeddable":true,"href":"https:\/\/www2.memri.org\/polish\/wp-json\/wp\/v2\/tags?post=20411"}],"curies":[{"name":"wp","href":"https:\/\/api.w.org\/{rel}","templated":true}]}}