{"id":20329,"date":"2023-11-21T19:32:53","date_gmt":"2023-11-21T18:32:53","guid":{"rendered":"https:\/\/www2.memri.org\/polish\/?p=20329"},"modified":"2023-11-21T19:32:53","modified_gmt":"2023-11-21T18:32:53","slug":"zastepca-sekretarza-generalnego-hezbollahu-szejk-naim-kassem-uprzednia-wiedza-o-ataku-z-7-pazdziernika-nie-byla-dla-nas-wazna-uczestnictwo-hezbollahu-jest-integralna-czescia-drugiego-etapu-wojny","status":"publish","type":"post","link":"https:\/\/www2.memri.org\/polish\/zastepca-sekretarza-generalnego-hezbollahu-szejk-naim-kassem-uprzednia-wiedza-o-ataku-z-7-pazdziernika-nie-byla-dla-nas-wazna-uczestnictwo-hezbollahu-jest-integralna-czescia-drugiego-etapu-wojny\/20329","title":{"rendered":"Zast\u0119pca sekretarza generalnego Hezbollahu, szejk Naim Kassem: Uprzednia wiedza o ataku z 7 pa\u017adziernika nie by\u0142a dla nas wa\u017cna; uczestnictwo Hezbollahu jest integraln\u0105 cz\u0119\u015bci\u0105 drugiego etapu wojny"},"content":{"rendered":"<p><i><span style=\"font-weight: 400;\">Zast\u0119pca sekretarza generalnego Hezbollahu, szejk Naim Kassem powiedzia\u0142 w programie z 9 listopada 2023 r. w Al-Alam TV (Iran), \u017ce nie ma znaczenia, czy Hezbollah dowiedzia\u0142 si\u0119 z wyprzedzeniem o atakach z 7 pa\u017adziernika, pod warunkiem, \u017ce by\u0142y one sukcesem.\u00a0Powiedzia\u0142, \u017ce ataki z 7 pa\u017adziernika wymaga\u0142y zachowania tajemnicy, aby odnie\u015b\u0107 sukces.\u00a0Kassem powiedzia\u0142, \u017ce nie oznacza to, \u017ce Hezbollah nie b\u0119dzie cz\u0119\u015bci\u0105 drugiego etapu wojny i w rzeczywisto\u015bci wsp\u00f3\u0142praca Hezbollahu \u201ejest niepodzieln\u0105 cz\u0119\u015bci\u0105 oporu i obrony\u201d.<\/span><\/i><\/p>\n<p><b><i>Aby zobaczy\u0107 klip przedstawiaj\u0105cy zast\u0119pc\u0119 sekretarza generalnego Hezbollahu, szejka Naima Kassema, kliknij\u00a0<\/i><\/b><a href=\"https:\/\/www.memri.org\/tv\/deputy-sec-gen-hizbullah-sheikh-naim-qassem-doesnt-matter-if-we-knew-october-seven-attack-success-second-stage-war\"><b><i>tutaj<\/i><\/b><\/a><b><i>:<\/i><\/b><\/p>\n<p><b>\u201eTo, co si\u0119 wydarzy\u0142o [7 pa\u017adziernika], by\u0142o wspania\u0142e i stanowi cz\u0119\u015b\u0107 naszego celu, jakim jest pokonanie Izraela\u201d<\/b><\/p>\n<p><b>Szejk Naim Kassem:<\/b><span style=\"font-weight: 400;\">\u00a0Uwa\u017camy, \u017ce dla powodzenia operacji [7 pa\u017adziernika] konieczna by\u0142a du\u017ca tajemnica. Nie jest dla nas wa\u017cne, czy wiedzieli\u015bmy o tym przed, czy po jej przeprowadzeniu, z powodu wyj\u0105tkowego charakteru ruchu oporu w ka\u017cdym okre\u015blonym miejscu nale\u017cy zachowa\u0107 porz\u0105dek, by operacja si\u0119 powiod\u0142a. Rzeczywi\u015bcie, operacja by\u0142a bardzo udana.\u00a0<\/span><\/p>\n<p><img loading=\"lazy\" decoding=\"async\" class=\"alignnone size-full wp-image-20331\" src=\"https:\/\/www2.memri.org\/polish\/wp-content\/uploads\/2023\/11\/MTV10650.jpg\" width=\"720\" height=\"432\" alt=\"\" srcset=\"https:\/\/www2.memri.org\/polish\/wp-content\/uploads\/2023\/11\/MTV10650.jpg 720w, https:\/\/www2.memri.org\/polish\/wp-content\/uploads\/2023\/11\/MTV10650-300x180.jpg 300w, https:\/\/www2.memri.org\/polish\/wp-content\/uploads\/2023\/11\/MTV10650-600x360.jpg 600w, https:\/\/www2.memri.org\/polish\/wp-content\/uploads\/2023\/11\/MTV10650-696x418.jpg 696w, https:\/\/www2.memri.org\/polish\/wp-content\/uploads\/2023\/11\/MTV10650-700x420.jpg 700w\" sizes=\"auto, (max-width: 720px) 100vw, 720px\" \/><\/p>\n<p><img loading=\"lazy\" decoding=\"async\" class=\"alignnone size-full wp-image-20332\" src=\"https:\/\/www2.memri.org\/polish\/wp-content\/uploads\/2023\/11\/MTV106501.jpg\" width=\"720\" height=\"441\" alt=\"\" srcset=\"https:\/\/www2.memri.org\/polish\/wp-content\/uploads\/2023\/11\/MTV106501.jpg 720w, https:\/\/www2.memri.org\/polish\/wp-content\/uploads\/2023\/11\/MTV106501-300x184.jpg 300w, https:\/\/www2.memri.org\/polish\/wp-content\/uploads\/2023\/11\/MTV106501-600x368.jpg 600w, https:\/\/www2.memri.org\/polish\/wp-content\/uploads\/2023\/11\/MTV106501-696x426.jpg 696w, https:\/\/www2.memri.org\/polish\/wp-content\/uploads\/2023\/11\/MTV106501-686x420.jpg 686w\" sizes=\"auto, (max-width: 720px) 100vw, 720px\" \/><\/p>\n<p><img loading=\"lazy\" decoding=\"async\" class=\"alignnone size-full wp-image-20333\" src=\"https:\/\/www2.memri.org\/polish\/wp-content\/uploads\/2023\/11\/MTV106502.jpg\" width=\"720\" height=\"438\" alt=\"\" srcset=\"https:\/\/www2.memri.org\/polish\/wp-content\/uploads\/2023\/11\/MTV106502.jpg 720w, https:\/\/www2.memri.org\/polish\/wp-content\/uploads\/2023\/11\/MTV106502-300x183.jpg 300w, https:\/\/www2.memri.org\/polish\/wp-content\/uploads\/2023\/11\/MTV106502-600x365.jpg 600w, https:\/\/www2.memri.org\/polish\/wp-content\/uploads\/2023\/11\/MTV106502-696x423.jpg 696w, https:\/\/www2.memri.org\/polish\/wp-content\/uploads\/2023\/11\/MTV106502-690x420.jpg 690w\" sizes=\"auto, (max-width: 720px) 100vw, 720px\" \/><\/p>\n<p><span style=\"font-weight: 400;\">Po Potopie Al-Aksa stoimy przed kolejnym etapem. Czy na tym etapie powinni\u015bmy wsp\u00f3\u0142pracowa\u0107 ze sob\u0105 lub omawia\u0107 to, co si\u0119 sta\u0142o? Powinni\u015bmy wsp\u00f3\u0142pracowa\u0107, poniewa\u017c to, co si\u0119 wydarzy\u0142o, by\u0142o wspania\u0142e i stanowi cz\u0119\u015b\u0107 naszego celu, jakim jest pokonanie Izraela. Je\u015bli zwyci\u0119\u017cy kt\u00f3rakolwiek ga\u0142\u0105\u017a osi [oporu], b\u0119dzie to zwyci\u0119stwo ca\u0142ej osi.<\/span><\/p>\n<p><img loading=\"lazy\" decoding=\"async\" class=\"alignnone size-full wp-image-20334\" src=\"https:\/\/www2.memri.org\/polish\/wp-content\/uploads\/2023\/11\/MTV106503.jpg\" width=\"720\" height=\"427\" alt=\"\" srcset=\"https:\/\/www2.memri.org\/polish\/wp-content\/uploads\/2023\/11\/MTV106503.jpg 720w, https:\/\/www2.memri.org\/polish\/wp-content\/uploads\/2023\/11\/MTV106503-300x178.jpg 300w, https:\/\/www2.memri.org\/polish\/wp-content\/uploads\/2023\/11\/MTV106503-600x356.jpg 600w, https:\/\/www2.memri.org\/polish\/wp-content\/uploads\/2023\/11\/MTV106503-696x413.jpg 696w, https:\/\/www2.memri.org\/polish\/wp-content\/uploads\/2023\/11\/MTV106503-708x420.jpg 708w\" sizes=\"auto, (max-width: 720px) 100vw, 720px\" \/><\/p>\n<p><img loading=\"lazy\" decoding=\"async\" class=\"alignnone size-full wp-image-20335\" src=\"https:\/\/www2.memri.org\/polish\/wp-content\/uploads\/2023\/11\/MTV106504.jpg\" width=\"720\" height=\"418\" alt=\"\" srcset=\"https:\/\/www2.memri.org\/polish\/wp-content\/uploads\/2023\/11\/MTV106504.jpg 720w, https:\/\/www2.memri.org\/polish\/wp-content\/uploads\/2023\/11\/MTV106504-300x174.jpg 300w, https:\/\/www2.memri.org\/polish\/wp-content\/uploads\/2023\/11\/MTV106504-600x348.jpg 600w, https:\/\/www2.memri.org\/polish\/wp-content\/uploads\/2023\/11\/MTV106504-696x404.jpg 696w\" sizes=\"auto, (max-width: 720px) 100vw, 720px\" \/><\/p>\n<p><b>\u201eUdzia\u0142 Hezbollahu w tej wojnie jest integraln\u0105 cz\u0119\u015bci\u0105 ruchu oporu i obrony na drugim etapie\u201d<\/b><\/p>\n<p><span style=\"font-weight: 400;\">Zacz\u0119li\u015bmy wsp\u00f3lnie omawia\u0107, co powinni\u015bmy zrobi\u0107 nast\u0119pnego dnia. I w ten spos\u00f3b wy\u0142oni\u0142a si\u0119 ta wsp\u00f3\u0142praca i zaanga\u017cowanie Hezbollahu we wsparcie meczetu Al-Aksa na drodze do Palestyny. Dlatego te\u017c udzia\u0142 Hezbollahu w tej wojnie jest integraln\u0105 cz\u0119\u015b\u0107 oporu i obrony, na drugim etapie.<\/span><\/p>\n<p><img loading=\"lazy\" decoding=\"async\" class=\"alignnone size-full wp-image-20336\" src=\"https:\/\/www2.memri.org\/polish\/wp-content\/uploads\/2023\/11\/MTV106505.jpg\" width=\"720\" height=\"434\" alt=\"\" srcset=\"https:\/\/www2.memri.org\/polish\/wp-content\/uploads\/2023\/11\/MTV106505.jpg 720w, https:\/\/www2.memri.org\/polish\/wp-content\/uploads\/2023\/11\/MTV106505-300x181.jpg 300w, https:\/\/www2.memri.org\/polish\/wp-content\/uploads\/2023\/11\/MTV106505-600x362.jpg 600w, https:\/\/www2.memri.org\/polish\/wp-content\/uploads\/2023\/11\/MTV106505-696x420.jpg 696w, https:\/\/www2.memri.org\/polish\/wp-content\/uploads\/2023\/11\/MTV106505-697x420.jpg 697w\" sizes=\"auto, (max-width: 720px) 100vw, 720px\" \/><\/p>\n<p><img loading=\"lazy\" decoding=\"async\" class=\"alignnone size-full wp-image-20337\" src=\"https:\/\/www2.memri.org\/polish\/wp-content\/uploads\/2023\/11\/MTV106506.jpg\" width=\"720\" height=\"449\" alt=\"\" srcset=\"https:\/\/www2.memri.org\/polish\/wp-content\/uploads\/2023\/11\/MTV106506.jpg 720w, https:\/\/www2.memri.org\/polish\/wp-content\/uploads\/2023\/11\/MTV106506-300x187.jpg 300w, https:\/\/www2.memri.org\/polish\/wp-content\/uploads\/2023\/11\/MTV106506-600x374.jpg 600w, https:\/\/www2.memri.org\/polish\/wp-content\/uploads\/2023\/11\/MTV106506-696x434.jpg 696w, https:\/\/www2.memri.org\/polish\/wp-content\/uploads\/2023\/11\/MTV106506-673x420.jpg 673w\" sizes=\"auto, (max-width: 720px) 100vw, 720px\" \/><\/p>\n","protected":false},"excerpt":{"rendered":"<p>Zast\u0119pca sekretarza generalnego Hezbollahu, szejk Naim Kassem powiedzia\u0142 w programie z 9 listopada 2023 r. w Al-Alam TV (Iran), \u017ce nie ma znaczenia, czy Hezbollah dowiedzia\u0142 si\u0119 z wyprzedzeniem o atakach z 7 pa\u017adziernika, pod warunkiem, \u017ce by\u0142y one sukcesem.\u00a0Powiedzia\u0142, \u017ce ataki z 7 pa\u017adziernika wymaga\u0142y zachowania tajemnicy, aby odnie\u015b\u0107 sukces.\u00a0Kassem powiedzia\u0142, \u017ce nie oznacza [&hellip;]<\/p>\n","protected":false},"author":1,"featured_media":20331,"comment_status":"closed","ping_status":"closed","sticky":false,"template":"","format":"standard","meta":{"footnotes":""},"categories":[824,835,837,841],"tags":[945,969],"class_list":["post-20329","post","type-post","status-publish","format-standard","has-post-thumbnail","hentry","category-specjalne-komunikaty","category-archiwum","category-kraje","category-liban","tag-liban","tag-palestynczycy"],"_links":{"self":[{"href":"https:\/\/www2.memri.org\/polish\/wp-json\/wp\/v2\/posts\/20329","targetHints":{"allow":["GET"]}}],"collection":[{"href":"https:\/\/www2.memri.org\/polish\/wp-json\/wp\/v2\/posts"}],"about":[{"href":"https:\/\/www2.memri.org\/polish\/wp-json\/wp\/v2\/types\/post"}],"author":[{"embeddable":true,"href":"https:\/\/www2.memri.org\/polish\/wp-json\/wp\/v2\/users\/1"}],"replies":[{"embeddable":true,"href":"https:\/\/www2.memri.org\/polish\/wp-json\/wp\/v2\/comments?post=20329"}],"version-history":[{"count":1,"href":"https:\/\/www2.memri.org\/polish\/wp-json\/wp\/v2\/posts\/20329\/revisions"}],"predecessor-version":[{"id":20338,"href":"https:\/\/www2.memri.org\/polish\/wp-json\/wp\/v2\/posts\/20329\/revisions\/20338"}],"wp:featuredmedia":[{"embeddable":true,"href":"https:\/\/www2.memri.org\/polish\/wp-json\/wp\/v2\/media\/20331"}],"wp:attachment":[{"href":"https:\/\/www2.memri.org\/polish\/wp-json\/wp\/v2\/media?parent=20329"}],"wp:term":[{"taxonomy":"category","embeddable":true,"href":"https:\/\/www2.memri.org\/polish\/wp-json\/wp\/v2\/categories?post=20329"},{"taxonomy":"post_tag","embeddable":true,"href":"https:\/\/www2.memri.org\/polish\/wp-json\/wp\/v2\/tags?post=20329"}],"curies":[{"name":"wp","href":"https:\/\/api.w.org\/{rel}","templated":true}]}}