{"id":19838,"date":"2023-09-15T18:55:06","date_gmt":"2023-09-15T16:55:06","guid":{"rendered":"https:\/\/www2.memri.org\/polish\/?p=19838"},"modified":"2023-09-15T19:07:57","modified_gmt":"2023-09-15T17:07:57","slug":"popierajacy-hamas-islamski-duchowny-z-gazy-zabijcie-zolnierki-izraelskich-sil-obronnych-idf-by-pomscic-pogwalcenie-honoru-palestynskich-kobiet-na-zachodnim-brzegu-nadeszla-pora-otrzasnie","status":"publish","type":"post","link":"https:\/\/www2.memri.org\/polish\/popierajacy-hamas-islamski-duchowny-z-gazy-zabijcie-zolnierki-izraelskich-sil-obronnych-idf-by-pomscic-pogwalcenie-honoru-palestynskich-kobiet-na-zachodnim-brzegu-nadeszla-pora-otrzasnie\/19838","title":{"rendered":"Popieraj\u0105cy Hamas islamski duchowny z Gazy: Zabijcie \u017co\u0142nierki Izraelskich Si\u0142 Obronnych (IDF), by pom\u015bci\u0107 pogwa\u0142cenie honoru palesty\u0144skich kobiet na Zachodnim Brzegu; \u201cNadesz\u0142a pora otrz\u0105\u015bni\u0119cia broni z kurzu i skierowania jej na okupant\u00f3w\u201d; \u201cna rozlanie ich krwi no\u017cem lub siekier\u0105\u201d"},"content":{"rendered":"<p><b><i>Poni\u017cszy raport jest darmow\u0105 pr\u00f3bk\u0105 MEMRI Jihad and Terrorism Threat Monitor (JTTM). Informacja o prenumeracie JTTM znajduje si\u0119\u00a0<\/i><\/b><a href=\"http:\/\/memri.convio.net\/site\/R?i=_bJ3vqPE-oDtjXEjsXjR3Q\"><b>tutaj<\/b><\/a><b><i>.<\/i><\/b><\/p>\n<p><i><span style=\"font-weight: 400;\">6 wrze\u015bnia 2023 r. szejk Muhammad bin Maher Al-&#8217;Aklouk, popieraj\u0105cy Hamas duchowny islamski z Gazy i cz\u0142onek powi\u0105zanego z Hamasem Stowarzyszenia Uczonych Palestyny, przemawia\u0142 podczas \u201ezgromadzenia d\u017cihadyst\u00f3w\u201d, kt\u00f3re odby\u0142o si\u0119 w mie\u015bcie Chan Junis w po\u0142udniowej Strefie Gazy.\u00a0W trakcie swoich przem\u00f3wie\u0144 szejk wychwala\u0142 sprawc\u0119 ataku no\u017cowego w Jerozolimie i nawo\u0142ywa\u0142 ca\u0142\u0105 m\u0142odzie\u017c palesty\u0144sk\u0105 na Zachodnim Brzegu, aby posz\u0142a w jego \u015blady i \u201eprzela\u0142a krew okupant\u00f3w\u201d \u201eno\u017cem lub siekier\u0105\u201d.\u00a0Wezwa\u0142 tak\u017ce do zabijania \u017co\u0142nierek Si\u0142 Obronnych Izraela (IDF) w ramach zemsty za to, co okre\u015bli\u0142 jako pogwa\u0142cenie honoru kobiet palesty\u0144skich na Zachodnim Brzegu.\u00a0<\/span><\/i><a href=\"https:\/\/www.memri.org\/jttm\/pro-hamas-gazan-islamic-cleric-kill-female-israel-defense-forces-idf-soldiers-avenge-violation#_edn1\"><b><i>[1]<\/i><\/b><\/a><\/p>\n<p><i><span style=\"font-weight: 400;\">Oto g\u0142\u00f3wne przes\u0142ania zawarte w uwagach szejka:<\/span><\/i><\/p>\n<p><span style=\"font-weight: 400;\">Szejk Al-Aklouk zwr\u00f3ci\u0142 si\u0119 do narodu palesty\u0144skiego i ca\u0142ego narodu islamskiego i zapewni\u0142, \u017ce d\u017cihad i m\u0119cze\u0144stwo na rzecz Allaha s\u0105 jego honorem i chwa\u0142\u0105 i \u017ce tylko d\u017cihad uratuje ich od ognia piekielnego.\u00a0Stwierdzi\u0142, \u017ce \u201enasi wrogowie knuj\u0105 spisek maj\u0105cy na celu zamordowanie naszych dow\u00f3dc\u00f3w\u201d i dlatego mud\u017cahedini musz\u0105 by\u0107 gotowi po\u015bwi\u0119ci\u0107 swoje \u017cycie w imi\u0119 Allaha.<\/span><\/p>\n<p><span style=\"font-weight: 400;\">Nazywaj\u0105c ich \u201ekryminalnymi syjonistami\u201d, szejk zagrozi\u0142 tak\u017ce Izraelczykom, \u017ce zap\u0142ac\u0105 wysok\u0105 cen\u0119 za swoje zbrodnie przeciwko Palesty\u0144czykom, opisuj\u0105c t\u0119 \u200b\u200bcen\u0119 jako \u201e\u2026 zasianie w\u015br\u00f3d was terroru, przelanie waszej krwi, i rozrzucenie cz\u0119\u015bci waszego cia\u0142a&#8230; a\u017c opu\u015bcicie nasz\u0105 ziemi\u0119.\u201d<\/span><\/p>\n<p><span style=\"font-weight: 400;\">Pochwali\u0142 sprawc\u0119 ataku no\u017cowego z 6 wrze\u015bnia w Jerozolimie, w wyniku kt\u00f3rego dwie osoby zosta\u0142y ranne, i stwierdzi\u0142, \u017ce atak ten stanowi \u201epocz\u0105tek dzia\u0142a\u0144 naszego ludu maj\u0105cych pom\u015bci\u0107 nasz\u0105 krew, nasze kobiety i nasz honor\u201d.\u00a0Wymachuj\u0105c siekier\u0105, podzi\u0119kowa\u0142 \u201em\u0142odzie\u017cy Jerozolimy i jej bohaterom\u201d za ofiar\u0119, jak\u0105 sk\u0142adaj\u0105 dla Allaha, u\u017cywaj\u0105c takiej broni, bo innej nie maj\u0105, oraz za to, \u017ce \u201eucz\u0105 wroga lekcji, kt\u00f3rych on nie zapomni\u201d.\u00a0Nast\u0119pnie wezwa\u0142 ca\u0142\u0105 m\u0142odzie\u017c na Zachodnim Brzegu, aby si\u0119 nie waha\u0142a, \u201ezabija\u0142a okupant\u00f3w i przela\u0142a ich krew no\u017cem lub siekier\u0105\u201d, jak napisano w hadisie przypisywanym Prorokowi Mahometowi, kt\u00f3ry brzmi: \u201e[Bramy] D\u017cenna [raju] s\u0105 pod cieniem mieczy\u201d.<\/span><\/p>\n<p><img loading=\"lazy\" decoding=\"async\" class=\"aligncenter size-full wp-image-19841\" src=\"https:\/\/www2.memri.org\/polish\/wp-content\/uploads\/2023\/09\/Screenshot_87.jpg\" alt=\"\" width=\"567\" height=\"702\" srcset=\"https:\/\/www2.memri.org\/polish\/wp-content\/uploads\/2023\/09\/Screenshot_87.jpg 567w, https:\/\/www2.memri.org\/polish\/wp-content\/uploads\/2023\/09\/Screenshot_87-242x300.jpg 242w, https:\/\/www2.memri.org\/polish\/wp-content\/uploads\/2023\/09\/Screenshot_87-324x400.jpg 324w, https:\/\/www2.memri.org\/polish\/wp-content\/uploads\/2023\/09\/Screenshot_87-339x420.jpg 339w\" sizes=\"auto, (max-width: 567px) 100vw, 567px\" \/><\/p>\n<p><span style=\"font-weight: 400;\">Al-&#8217;Aklouk odni\u00f3s\u0142 si\u0119 do r\u00f3\u017cnych doniesie\u0144 medi\u00f3w, wed\u0142ug kt\u00f3rych \u017co\u0142nierze IDF si\u0142\u0105 rozebrali palesty\u0144skie kobiety w Hebronie podczas poszukiwania broni.\u00a0Wymachuj\u0105c karabinem, zwr\u00f3ci\u0142 si\u0119 do mieszka\u0144c\u00f3w Hebronu i ca\u0142ego Zachodniego Brzegu, m\u00f3wi\u0105c: \u201eNadszed\u0142 czas, aby otrz\u0105sn\u0105\u0107 kurz z broni i wycelowa\u0107 j\u0105 w okupant\u00f3w\u201d.\u00a0Namawia\u0142 ich tak\u017ce, aby odszukali \u017co\u0142nierki IDF i strzelali do nich \u201ew ka\u017cd\u0105 cz\u0119\u015b\u0107 cia\u0142a\u201d, aby pom\u015bci\u0107 to, co nazwa\u0142 pogwa\u0142ceniem honoru palesty\u0144skich kobiet.<\/span><\/p>\n<p><img loading=\"lazy\" decoding=\"async\" class=\"aligncenter size-full wp-image-19840\" src=\"https:\/\/www2.memri.org\/polish\/wp-content\/uploads\/2023\/09\/Screenshot_88.jpg\" alt=\"\" width=\"564\" height=\"666\" srcset=\"https:\/\/www2.memri.org\/polish\/wp-content\/uploads\/2023\/09\/Screenshot_88.jpg 564w, https:\/\/www2.memri.org\/polish\/wp-content\/uploads\/2023\/09\/Screenshot_88-254x300.jpg 254w, https:\/\/www2.memri.org\/polish\/wp-content\/uploads\/2023\/09\/Screenshot_88-356x420.jpg 356w\" sizes=\"auto, (max-width: 564px) 100vw, 564px\" \/><\/p>\n<p><span style=\"font-weight: 400;\">Na zako\u0144czenie Al-Aklouk z\u0142o\u017cy\u0142 przysi\u0119g\u0119 wierno\u015bci d\u017cihadowi i m\u0119cze\u0144stwu na rzecz Allaha, a jego kolega duchowny, szejk Muhammad Rad\u017cab Salah, kt\u00f3ry r\u00f3wnie\u017c uczestniczy\u0142 w tym wydarzeniu, doda\u0142, \u017ce przysi\u0119ga ta by\u0142a r\u00f3wnie\u017c \u201eprzyrzeczeniem \u015bmierci z\u0142o\u017conym dow\u00f3dcy ruchu oporu Abu Chalidaowi Muhammadowi Al-Deifie, wszystkim dow\u00f3dcom mud\u017cahedin\u00f3w i wszystkim frakcjom.\u201d<\/span><\/p>\n<p><img loading=\"lazy\" decoding=\"async\" class=\"aligncenter size-full wp-image-19839\" src=\"https:\/\/www2.memri.org\/polish\/wp-content\/uploads\/2023\/09\/Screenshot_89.jpg\" alt=\"\" width=\"567\" height=\"317\" srcset=\"https:\/\/www2.memri.org\/polish\/wp-content\/uploads\/2023\/09\/Screenshot_89.jpg 567w, https:\/\/www2.memri.org\/polish\/wp-content\/uploads\/2023\/09\/Screenshot_89-300x168.jpg 300w\" sizes=\"auto, (max-width: 567px) 100vw, 567px\" \/><\/p>\n<p><span style=\"font-weight: 400;\">Godne uwagi jest to, \u017ce szejk Al-&#8217;Aklouk znany jest z wyg\u0142aszania gr\u00f3\u017ab i pod\u017cegaj\u0105cych o\u015bwiadcze\u0144 na temat Izraela, a tak\u017ce Autonomii Palesty\u0144skiej, kt\u00f3ra, jak twierdzi, z ni\u0105 wsp\u00f3\u0142pracuje.\u00a0<\/span><a href=\"https:\/\/www.memri.org\/jttm\/pro-hamas-gazan-islamic-cleric-kill-female-israel-defense-forces-idf-soldiers-avenge-violation#_edn2\"><span style=\"font-weight: 400;\">[2]<\/span><\/a><\/p>\n<hr \/>\n<p><a href=\"https:\/\/www.memri.org\/jttm\/pro-hamas-gazan-islamic-cleric-kill-female-israel-defense-forces-idf-soldiers-avenge-violation#_ednref1\"><span style=\"font-weight: 400;\">[1]<\/span><\/a><span style=\"font-weight: 400;\">\u00a0Telegram, September 8, 2023.<\/span><\/p>\n<p><a href=\"https:\/\/www.memri.org\/jttm\/pro-hamas-gazan-islamic-cleric-kill-female-israel-defense-forces-idf-soldiers-avenge-violation#_ednref2\"><span style=\"font-weight: 400;\">[2]<\/span><\/a><span style=\"font-weight: 400;\">\u00a0See for example MEMRI TV Report:\u00a0<\/span><a href=\"https:\/\/www.memri.org\/tv\/gaza-friday-sermon-islamic-scholar-aklouk-warns-fatah-cleanse-west-bank\"><span style=\"font-weight: 400;\">Gaza Friday Sermon By Islamic Scholar Sheikh Mahmoud Al-Aklouk Warns Fatah: We Will Show You No Mercy When We Cleanse The West Bank, Like We Did In Gaza<\/span><\/a><span style=\"font-weight: 400;\">, May 5, 2023.<\/span><\/p>\n<p><span style=\"font-weight: 400;\"><br \/>\n<\/span><span style=\"font-weight: 400;\">The full text of this post is available to subscribers.<\/span><span style=\"font-weight: 400;\"><br \/>\n<\/span><span style=\"font-weight: 400;\"><br \/>\n<\/span><span style=\"font-weight: 400;\">Please\u00a0<\/span><a href=\"https:\/\/www.memri.org\/user\/login?destination=\/jttm\/pro-hamas-gazan-islamic-cleric-kill-female-israel-defense-forces-idf-soldiers-avenge-violation\"><span style=\"font-weight: 400;\">login<\/span><\/a><span style=\"font-weight: 400;\">\u00a0or\u00a0<\/span><a href=\"https:\/\/www.memri.org\/jttm\/subscription\"><span style=\"font-weight: 400;\">register to request subscription information from MEMRI<\/span><\/a><\/p>\n","protected":false},"excerpt":{"rendered":"<p>Poni\u017cszy raport jest darmow\u0105 pr\u00f3bk\u0105 MEMRI Jihad and Terrorism Threat Monitor (JTTM). Informacja o prenumeracie JTTM znajduje si\u0119\u00a0tutaj. 6 wrze\u015bnia 2023 r. szejk Muhammad bin Maher Al-&#8217;Aklouk, popieraj\u0105cy Hamas duchowny islamski z Gazy i cz\u0142onek powi\u0105zanego z Hamasem Stowarzyszenia Uczonych Palestyny, przemawia\u0142 podczas \u201ezgromadzenia d\u017cihadyst\u00f3w\u201d, kt\u00f3re odby\u0142o si\u0119 w mie\u015bcie Chan Junis w po\u0142udniowej Strefie [&hellip;]<\/p>\n","protected":false},"author":1,"featured_media":19842,"comment_status":"closed","ping_status":"closed","sticky":false,"template":"","format":"standard","meta":{"footnotes":""},"categories":[824,828,835,837],"tags":[907],"class_list":["post-19838","post","type-post","status-publish","format-standard","has-post-thumbnail","hentry","category-specjalne-komunikaty","category-autonomia-palestynska","category-archiwum","category-kraje","tag-hamas"],"_links":{"self":[{"href":"https:\/\/www2.memri.org\/polish\/wp-json\/wp\/v2\/posts\/19838","targetHints":{"allow":["GET"]}}],"collection":[{"href":"https:\/\/www2.memri.org\/polish\/wp-json\/wp\/v2\/posts"}],"about":[{"href":"https:\/\/www2.memri.org\/polish\/wp-json\/wp\/v2\/types\/post"}],"author":[{"embeddable":true,"href":"https:\/\/www2.memri.org\/polish\/wp-json\/wp\/v2\/users\/1"}],"replies":[{"embeddable":true,"href":"https:\/\/www2.memri.org\/polish\/wp-json\/wp\/v2\/comments?post=19838"}],"version-history":[{"count":2,"href":"https:\/\/www2.memri.org\/polish\/wp-json\/wp\/v2\/posts\/19838\/revisions"}],"predecessor-version":[{"id":19844,"href":"https:\/\/www2.memri.org\/polish\/wp-json\/wp\/v2\/posts\/19838\/revisions\/19844"}],"wp:featuredmedia":[{"embeddable":true,"href":"https:\/\/www2.memri.org\/polish\/wp-json\/wp\/v2\/media\/19842"}],"wp:attachment":[{"href":"https:\/\/www2.memri.org\/polish\/wp-json\/wp\/v2\/media?parent=19838"}],"wp:term":[{"taxonomy":"category","embeddable":true,"href":"https:\/\/www2.memri.org\/polish\/wp-json\/wp\/v2\/categories?post=19838"},{"taxonomy":"post_tag","embeddable":true,"href":"https:\/\/www2.memri.org\/polish\/wp-json\/wp\/v2\/tags?post=19838"}],"curies":[{"name":"wp","href":"https:\/\/api.w.org\/{rel}","templated":true}]}}