{"id":19709,"date":"2023-08-22T20:13:11","date_gmt":"2023-08-22T18:13:11","guid":{"rendered":"https:\/\/www2.memri.org\/polish\/?p=19709"},"modified":"2023-08-22T20:13:11","modified_gmt":"2023-08-22T18:13:11","slug":"ekstremistyczna-indoktrynacja-dzieci-i-mlodziezy-na-obozach-letnich-autonomii-palestynskiej","status":"publish","type":"post","link":"https:\/\/www2.memri.org\/polish\/ekstremistyczna-indoktrynacja-dzieci-i-mlodziezy-na-obozach-letnich-autonomii-palestynskiej\/19709","title":{"rendered":"Ekstremistyczna indoktrynacja dzieci i m\u0142odzie\u017cy na obozach letnich Autonomii Palesty\u0144skiej"},"content":{"rendered":"<p><span style=\"font-weight: 400;\">Pr\u00f3buj\u0105c przewidzie\u0107 przysz\u0142o\u015b\u0107 relacji mi\u0119dzy skonfliktowanymi spo\u0142ecze\u0144stwami, szczeg\u00f3lnie wymowny jest aspekt edukacji m\u0142odszego pokolenia.\u00a0Dlatego ogromne znaczenie ma system edukacji Autonomii Palesty\u0144skiej (AP), w tym obozy letnie, w kt\u00f3rych uczestnicz\u0105 dzieci i m\u0142odzie\u017c.\u00a0<\/span><\/p>\n<p><span style=\"font-weight: 400;\">Spojrzenie na tre\u015bci przekazywane na tych obozach letnich ujawnia niepokoj\u0105ce fakty, takie jak gloryfikacja terroryst\u00f3w.\u00a0W 1978 roku grupa terroryst\u00f3w OWP, dowodzona przez m\u0142od\u0105 kobiet\u0119 imieniem Dallal Al-Mughrabi, porwa\u0142a autobus na izraelskiej drodze przybrze\u017cnej.\u00a0Al-Mughrabi, kt\u00f3ra zgin\u0119\u0142a w trakcie operacji, sta\u0142a si\u0119 palesty\u0144sk\u0105 bohaterk\u0105, a przyw\u00f3dca OWP Jaser Arafat cz\u0119sto chwali\u0142 j\u0105 i jej dzia\u0142ania.\u00a0Na przyk\u0142ad w maju 1995 r. powiedzia\u0142 w Gazie: \u201eDallal Al-Mughrabi, dow\u00f3dca, gwiazda, jedna z bohaterek, kt\u00f3ra przeprowadzi\u0142a l\u0105dowanie na pla\u017cy. Dowodzi\u0142a grupie, kt\u00f3ra utworzy\u0142a pierwsz\u0105 republik\u0119 palesty\u0144sk\u0105 w autobusie [\u2026] kobieta, z kt\u00f3rej jeste\u015bmy dumni i kt\u00f3r\u0105 si\u0119 szczycimy.\u201d\u00a0W tej republice autobusowej zgin\u0119\u0142o trzydziestu czterech izraelskich cywil\u00f3w, w tym dziewi\u0119cioro dzieci.<\/span><\/p>\n<p><span style=\"font-weight: 400;\">Od tego czasu min\u0119\u0142o wiele lat, ale Al-Mughrabi nadal pojawia si\u0119 w przem\u00f3wieniach oficjeli AP.\u00a0Co wi\u0119cej, tego lata, podobnie jak w poprzednich latach, ona i inni terrory\u015bci zostali przedstawieni dzieciom jako bohaterowie letnich oboz\u00f3w AP, w kt\u00f3rych wzi\u0119\u0142o udzia\u0142 65 tysi\u0119cy dzieci i m\u0142odzie\u017cy.\u00a0Innym pod\u017cegaj\u0105cym motywem tej indoktrynacji jest pogl\u0105d, \u017ce Palestyna rozci\u0105ga si\u0119 od rzeki Jordan do Morza \u015ar\u00f3dziemnego, zaprzeczaj\u0105c w ten spos\u00f3b istnieniu Izraela.\u00a0Aby zdoby\u0107 praktyczne umiej\u0119tno\u015bci, m\u0142odzie\u017c w\u00a0<\/span><span style=\"font-weight: 400;\">niekt\u00f3rych obozach \u0107wiczy\u0142a tak\u017ce taktyk\u0119 wojskow\u0105 dzia\u0142a\u0144 wojennych w miastach oraz odbywa\u0142a \u0107wiczenia wojskowe w kamizelkach bojowych.<\/span><\/p>\n<p><span style=\"font-weight: 400;\">MEMRI \u015bledzi te obozy i ekstremistyczn\u0105 indoktrynacj\u0119, kt\u00f3ra w nich zachodzi, od kilku lat.\u00a0Poni\u017cej znajduj\u0105 si\u0119 linki do raport\u00f3w MEMRI, kt\u00f3re dokumentuj\u0105 t\u0119 tradycj\u0119 pod\u017cegania na licznych przyk\u0142adach i pokazuj\u0105, \u017ce edukacja przekazywana przez AP i UNRWA nie przyczynia si\u0119 do po\u0142o\u017cenia podstaw pojednania i pokoju z Pa\u0144stwem Izrael.\u00a0W rzeczywisto\u015bci konsekwentnie zach\u0119ca do czego\u015b przeciwnego, podburzaj\u0105c m\u0142odzie\u017c do negowania samego istnienia Izraela i zach\u0119caj\u0105c do ekstremizmu i terroryzmu przeciwko obywatelom Izraela.<\/span><\/p>\n<p><span style=\"font-weight: 400;\">Poni\u017cej znajduj\u0105 si\u0119 linki do raport\u00f3w MEMRI o letnich obozach AP w ostatnich kilku latach:<\/span><\/p>\n<p><span style=\"font-weight: 400;\">Special Dispatch No. 10737 &#8211; PLO Summer Camps \u2013\u00a0<\/span><a href=\"https:\/\/www.memri.org\/reports\/plo-summer-camps-%E2%80%93-part-i-praise-and-glorification-terrorists\"><span style=\"font-weight: 400;\">Part I : Praise And Glorification Of Terrorists<\/span><\/a><span style=\"font-weight: 400;\">\u00a0\u2013 August 3, 2023<\/span><\/p>\n<p><a href=\"https:\/\/www.memri.org\/reports\/plo-summer-camps-%E2%80%93-part-ii-inculcating-non-recognition-israel-palestinian-refugees-right\"><span style=\"font-weight: 400;\">Special Dispatch No. 10743 &#8211; PLO Summer Camps \u2013 Part II: Inculcating Non-Recognition Of Israel, Palestinian Refugees&#8217; Right Of Return To Homes Inside Israel \u2013 August 7, 2023<\/span><\/a><\/p>\n<p><span style=\"font-weight: 400;\">Special Dispatch No. 10754 \u2013\u00a0<\/span><a href=\"https:\/\/www.memri.org\/reports\/fatah-youth-summer-camp-salfit-held-coordination-palestinian-authority-security-forces\"><span style=\"font-weight: 400;\">At Fatah Youth Summer Camp in Salfit, Held In Coordination With PA Security Forces, Children Receive Firearms Training, Visit Graves of Terrorists<\/span><\/a><span style=\"font-weight: 400;\">\u00a0\u2013 August 16, 2023<\/span><\/p>\n<p><span style=\"font-weight: 400;\">MEMRI Special Dispatch No. 10166 \u2013\u00a0<\/span><a href=\"https:\/\/www.memri.org\/reports\/plo-sponsored-summer-camps-palestinian-authority-glorification-terrorists-palestine-river\"><span style=\"font-weight: 400;\">At PLO-Sponsored Summer Camps In Palestinian Authority: Glorification Of Terrorists, Palestine From River To Sea<\/span><\/a><span style=\"font-weight: 400;\">\u00a0\u2013 August 30, 2022<\/span><\/p>\n<p><span style=\"font-weight: 400;\">MEMRI Special Dispatch No. 8157 \u2013\u00a0<\/span><a href=\"https:\/\/www.memri.org\/reports\/palestinian-authority-2019-summer-camps-children-tear-burn-us-flags-pictures-trump\"><span style=\"font-weight: 400;\">Palestinian Authority 2019 Summer Camps: Children Tear Up, Burn U.S. Flags, Pictures Of Trump<\/span><\/a><span style=\"font-weight: 400;\">\u00a0\u2013 July 4, 2019<\/span><\/p>\n<p><span style=\"font-weight: 400;\">MEMRI Inquiry &amp; Analysis No. 1334 \u2013\u00a0<\/span><a href=\"https:\/\/www.memri.org\/reports\/2017-summer-camps-palestinian-authority-%E2%80%93-part-i-military-training-glorification-martyrs\"><span style=\"font-weight: 400;\">2017 Summer Camps In The Palestinian Authority \u2013 Part I: Military Training, Glorification Of 'Martyrs&#8217; In Camps Run By Higher Council For Youth And Sports Headed By Jibril Rajoub<\/span><\/a><span style=\"font-weight: 400;\">\u00a0\u2013 August 29, 2017<\/span><\/p>\n","protected":false},"excerpt":{"rendered":"<p>Pr\u00f3buj\u0105c przewidzie\u0107 przysz\u0142o\u015b\u0107 relacji mi\u0119dzy skonfliktowanymi spo\u0142ecze\u0144stwami, szczeg\u00f3lnie wymowny jest aspekt edukacji m\u0142odszego pokolenia.\u00a0Dlatego ogromne znaczenie ma system edukacji Autonomii Palesty\u0144skiej (AP), w tym obozy letnie, w kt\u00f3rych uczestnicz\u0105 dzieci i m\u0142odzie\u017c.\u00a0 Spojrzenie na tre\u015bci przekazywane na tych obozach letnich ujawnia niepokoj\u0105ce fakty, takie jak gloryfikacja terroryst\u00f3w.\u00a0W 1978 roku grupa terroryst\u00f3w OWP, dowodzona przez m\u0142od\u0105 [&hellip;]<\/p>\n","protected":false},"author":1,"featured_media":19710,"comment_status":"closed","ping_status":"closed","sticky":false,"template":"","format":"standard","meta":{"footnotes":""},"categories":[824,828,835,837],"tags":[907,911,929],"class_list":["post-19709","post","type-post","status-publish","format-standard","has-post-thumbnail","hentry","category-specjalne-komunikaty","category-autonomia-palestynska","category-archiwum","category-kraje","tag-hamas","tag-konfliktu-izraelsko-palestynskiego","tag-hezbollah"],"_links":{"self":[{"href":"https:\/\/www2.memri.org\/polish\/wp-json\/wp\/v2\/posts\/19709","targetHints":{"allow":["GET"]}}],"collection":[{"href":"https:\/\/www2.memri.org\/polish\/wp-json\/wp\/v2\/posts"}],"about":[{"href":"https:\/\/www2.memri.org\/polish\/wp-json\/wp\/v2\/types\/post"}],"author":[{"embeddable":true,"href":"https:\/\/www2.memri.org\/polish\/wp-json\/wp\/v2\/users\/1"}],"replies":[{"embeddable":true,"href":"https:\/\/www2.memri.org\/polish\/wp-json\/wp\/v2\/comments?post=19709"}],"version-history":[{"count":1,"href":"https:\/\/www2.memri.org\/polish\/wp-json\/wp\/v2\/posts\/19709\/revisions"}],"predecessor-version":[{"id":19711,"href":"https:\/\/www2.memri.org\/polish\/wp-json\/wp\/v2\/posts\/19709\/revisions\/19711"}],"wp:featuredmedia":[{"embeddable":true,"href":"https:\/\/www2.memri.org\/polish\/wp-json\/wp\/v2\/media\/19710"}],"wp:attachment":[{"href":"https:\/\/www2.memri.org\/polish\/wp-json\/wp\/v2\/media?parent=19709"}],"wp:term":[{"taxonomy":"category","embeddable":true,"href":"https:\/\/www2.memri.org\/polish\/wp-json\/wp\/v2\/categories?post=19709"},{"taxonomy":"post_tag","embeddable":true,"href":"https:\/\/www2.memri.org\/polish\/wp-json\/wp\/v2\/tags?post=19709"}],"curies":[{"name":"wp","href":"https:\/\/api.w.org\/{rel}","templated":true}]}}