{"id":19600,"date":"2023-08-05T01:09:55","date_gmt":"2023-08-04T23:09:55","guid":{"rendered":"https:\/\/www2.memri.org\/polish\/?p=19600"},"modified":"2023-08-05T01:09:55","modified_gmt":"2023-08-04T23:09:55","slug":"dlaczego-memri-przestal-uzywac-uslugi-cloudflare-i-dlaczego-rzad-usa-powinien-zrobic-to-samo","status":"publish","type":"post","link":"https:\/\/www2.memri.org\/polish\/dlaczego-memri-przestal-uzywac-uslugi-cloudflare-i-dlaczego-rzad-usa-powinien-zrobic-to-samo\/19600","title":{"rendered":"Dlaczego MEMRI przesta\u0142 u\u017cywa\u0107 us\u0142ugi Cloudflare i dlaczego rz\u0105d USA powinien zrobi\u0107 to samo"},"content":{"rendered":"<p><span style=\"font-weight: 400;\">Po prawie dekadzie korzystania z us\u0142ugi firmy\u00a0<\/span><a href=\"https:\/\/www.cloudflare.com\/\"><span style=\"font-weight: 400;\">Cloudflare<\/span><\/a><span style=\"font-weight: 400;\">,\u00a0zajmuj\u0105cej si\u0119 wydajno\u015bci\u0105 i bezpiecze\u0144stwem sieci, dla bezpiecze\u0144stwa naszych witryn internetowych i CDN (sieci dystrybucji tre\u015bci), pomimo jej nienagannej obs\u0142ugi i statusu lidera w bran\u017cy od ponad 20 lat, nie mo\u017cemy ju\u017c d\u0142u\u017cej z czystym sumieniem pozostawa\u0107 jej klientem.<\/span><\/p>\n<p><span style=\"font-weight: 400;\">Jest tak dlatego, \u017ce firma nadal s\u0142u\u017cy ekstremistom i terrorystom. Nie daje si\u0119 zrozumie\u0107, w jaki spos\u00f3b g\u0142\u00f3wni klienci Cloudflare \u2013 w tym agencje rz\u0105dowe USA \u2013 kt\u00f3rzy zobowi\u0105zali si\u0119 do walki z internetowym ekstremizmem, korzystaj\u0105 z jej us\u0142ug bez nalegania, by przestali u\u0142atwia\u0107 rozpowszechniania brutalnych tre\u015bci ekstremistycznych.<\/span><\/p>\n<p><img loading=\"lazy\" decoding=\"async\" class=\"alignnone size-full wp-image-19602\" src=\"https:\/\/www2.memri.org\/polish\/wp-content\/uploads\/2023\/08\/MDB508.jpg\" width=\"624\" height=\"188\" srcset=\"https:\/\/www2.memri.org\/polish\/wp-content\/uploads\/2023\/08\/MDB508.jpg 624w, https:\/\/www2.memri.org\/polish\/wp-content\/uploads\/2023\/08\/MDB508-300x90.jpg 300w\" sizes=\"auto, (max-width: 624px) 100vw, 624px\" \/><\/p>\n<p><span style=\"font-weight: 400;\">Prawdopodobnie nigdy nie s\u0142yszeli\u015bcie o Cloudflare \u2013 ale prawdopodobnie na co dzie\u0144 korzystacie z jej us\u0142ug \u2013 do telefonu, bankowo\u015bci, multimedi\u00f3w i innych wa\u017cnych us\u0142ug.\u00a0<\/span><a href=\"https:\/\/www.cloudflare.com\/features-page-rules\/\"><span style=\"font-weight: 400;\">Wed\u0142ug swojej strony internetowej<\/span><\/a><span style=\"font-weight: 400;\">\u00a0jest to \u201ezaufany partner\u201d, kt\u00f3ry \u201echroni miliony stron internetowych\u201d.\u00a0Jest tak\u017ce cz\u0119\u015bci\u0105 wybranej grupy firm, kt\u00f3rym rz\u0105d USA powierzy\u0142 \u015bwiadczenie us\u0142ug w zakresie cyberbezpiecze\u0144stwa,\u00a0<\/span><a href=\"https:\/\/www.cloudflare.com\/cloudflare-for-government\/\"><span style=\"font-weight: 400;\">oferuj\u0105c nawet<\/span><\/a><span style=\"font-weight: 400;\">\u00a0\u201ezestaw us\u0142ug dla rz\u0105du USA i agencji sektora publicznego\u201d.\u00a0<\/span><a href=\"https:\/\/www.cloudflare.com\/website-terms\/\"><span style=\"font-weight: 400;\">Ale stawiaj\u0105c zyski przed odpowiedzialno\u015bci\u0105, warunki u\u017cytkowania<\/span><\/a><span style=\"font-weight: 400;\">\u00a0Cloudflare\u00a0nie wykluczaj\u0105 terroryst\u00f3w ani \u017cadnych innych grup nienawi\u015bci.<\/span><\/p>\n<p><span style=\"font-weight: 400;\">Cloudflare obs\u0142uguje strony internetowe goszcz\u0105ce media Al-Kaidy i ISIS, a tak\u017ce niekt\u00f3re strony internetowe najcz\u0119\u015bciej u\u017cywane przez grupy <\/span><a href=\"https:\/\/www.memri.org\/dttm\/cloudflare-us-based-leading-reverse-proxy-service-exploited-numerous-white-supremacists-and-neo\"><span style=\"font-weight: 400;\">neonazist\u00f3w, zwolennik\u00f3w bia\u0142ej supremacji i grupy antyrz\u0105dowe<\/span><\/a><span style=\"font-weight: 400;\">.\u00a0Wsparcie Cloudflare dla tych stron bezpo\u015brednio przyczynia si\u0119 do fizycznej przemocy.<\/span><\/p>\n<p><span style=\"font-weight: 400;\">Od lat wiadomo, \u017ce Cloudflare s\u0142u\u017cy uznanym za terrorystyczne grupom \u2013 na przyk\u0142ad chroni g\u0142\u00f3wny serwer Rocket.Chat obs\u0142ugiwany przez Al-Kaid\u0119 \u2013 o czym\u00a0<\/span><a href=\"https:\/\/www.huffpost.com\/entry\/cloudflare-cybersecurity-terrorist-groups_n_5c127778e4b0835fe3277f2f\"><span style=\"font-weight: 400;\">szeroko informowa\u0142y media<\/span><\/a><span style=\"font-weight: 400;\">.\u00a0Dog\u0142\u0119bne badanie MEMRI\u00a0z grudnia 2018 r.,\u00a0<\/span><a href=\"https:\/\/www.memri.org\/jttm\/cloudflare-us-based-leading-reverse-proxy-service-exploited-every-major-jihadi-organization-%E2%80%93\"><span style=\"font-weight: 400;\">Cloudflare, The U.S.-Based Leading Reverse-Proxy Service, Is Exploited By Every Major Jihadi Organization \u2013 Including ISIS, Al-Qaeda, Hamas, Taliban \u2013 Posing A Global Security Risk<\/span><\/a><span style=\"font-weight: 400;\">\u00a0pokaza\u0142o, \u017ce firma \u015bwiadczy us\u0142ugi dla\u00a0prawie ka\u017cdej wi\u0119kszej grupy d\u017cihadystycznej,\u00a0kt\u00f3ra jest aktywna online.\u00a0<\/span><\/p>\n<p><img loading=\"lazy\" decoding=\"async\" class=\"alignnone size-full wp-image-19603\" src=\"https:\/\/www2.memri.org\/polish\/wp-content\/uploads\/2023\/08\/MDB5081.jpg\" width=\"624\" height=\"383\" srcset=\"https:\/\/www2.memri.org\/polish\/wp-content\/uploads\/2023\/08\/MDB5081.jpg 624w, https:\/\/www2.memri.org\/polish\/wp-content\/uploads\/2023\/08\/MDB5081-300x184.jpg 300w, https:\/\/www2.memri.org\/polish\/wp-content\/uploads\/2023\/08\/MDB5081-356x220.jpg 356w\" sizes=\"auto, (max-width: 624px) 100vw, 624px\" \/><\/p>\n<p><span style=\"font-weight: 400;\">Inne niedawne\u00a0badanie MEMRI\u00a0, kt\u00f3re zosta\u0142o opublikowane w tym miesi\u0105cu,\u00a0<\/span><a href=\"https:\/\/www.memri.org\/dttm\/cloudflare-us-based-leading-reverse-proxy-service-favored-leading-neo-nazis-and-white\"><span style=\"font-weight: 400;\">Cloudflare, The U.S.-Based Leading Reverse Proxy Service, Is Favored By Prominent Neo-Nazis And White Supremacists \u2013 And Is Part Of Select Group Trusted By U.S. Government To Provide Cybersecurity Services<\/span><\/a><span style=\"font-weight: 400;\"> ujawnia, \u017ce\u00a0Cloudflare jest u\u017cywana przez neonazist\u00f3w, zwolennik\u00f3w bia\u0142ej supremacji i krajowe organizacje terrorystyczne.\u00a0<\/span><\/p>\n<p><img loading=\"lazy\" decoding=\"async\" class=\"alignnone size-full wp-image-19604\" src=\"https:\/\/www2.memri.org\/polish\/wp-content\/uploads\/2023\/08\/MDB5082.jpg\" width=\"624\" height=\"420\" srcset=\"https:\/\/www2.memri.org\/polish\/wp-content\/uploads\/2023\/08\/MDB5082.jpg 624w, https:\/\/www2.memri.org\/polish\/wp-content\/uploads\/2023\/08\/MDB5082-300x202.jpg 300w\" sizes=\"auto, (max-width: 624px) 100vw, 624px\" \/><\/p>\n<p><span style=\"font-weight: 400;\">Po raz pierwszy zg\u0142oszono w 2017 r., \u017ce Cloudflare optymalizuje dostarczanie tre\u015bci dla\u00a0<\/span><a href=\"https:\/\/www.splcenter.org\/hatewatch\/2017\/03\/07\/cloudflare-optimizing-content-delivery-least-48-hate-sites-across-europe\"><span style=\"font-weight: 400;\">co najmniej 48 stron szerz\u0105cych nienawi\u015b\u0107 w ca\u0142ej Europie<\/span><\/a><span style=\"font-weight: 400;\">.\u00a0Od tego czasu\u00a0<\/span><span style=\"font-weight: 400;\">bezkarnie s\u0142u\u017cy grupom neonazist\u00f3w i zwolennik\u00f3w bia\u0142ej supremacji \u2013 w tym stronie internetowej 8chan, kt\u00f3r\u0105 usun\u0105\u0142\u00a0<\/span><a href=\"https:\/\/www.bloomberg.com\/news\/articles\/2019-08-05\/cloudflare-cuts-support-for-cesspool-of-hate-after-shooting#xj4y7vzkg\"><span style=\"font-weight: 400;\">w<\/span><\/a><span style=\"font-weight: 400;\">\u00a0<\/span><span style=\"font-weight: 400;\">2019 roku z powodu publicznego oburzenia po tym, jak zamachowiec z El Paso Walmart opublikowa\u0142 tam sw\u00f3j manifest.<\/span><\/p>\n<p><span style=\"font-weight: 400;\">Kiedy czo\u0142owy ameryka\u0144ski neonazista Nick Fuentes, kt\u00f3ry\u00a0<\/span><a href=\"https:\/\/www.nbcnews.com\/politics\/donald-trump\/story-trumps-explosive-dinner-ye-nick-fuentes-rcna59010\"><span style=\"font-weight: 400;\">trafia\u0142 na pierwsze strony gazet<\/span><\/a><span style=\"font-weight: 400;\">, towarzysz\u0105c Kanye Westowi, znanemu r\u00f3wnie\u017c jako Ye, na prywatnej kolacji z Donaldem Trumpem, transmitowa\u0142 na \u017cywo\u00a0<\/span><a href=\"https:\/\/vimeo.com\/846330710\/5bab9dc69e?share=copy\"><span style=\"font-weight: 400;\">swoje dziwaczne przem\u00f3wienie z 16 lipca\u00a0<\/span><\/a><span style=\"font-weight: 400;\">wzywaj\u0105ce do \u201e\u015bwi\u0119tej wojny\u201d przeciwko \u017bydom, w kt\u00f3rej \u201espowodujemy ich \u015bmier\u0107\u201d i dodaj\u0105c, \u017ce \u201enie maj\u0105 przysz\u0142o\u015bci w Ameryce\u201d lub \u201ena tym \u015bwiecie\u201d, by\u0142o to\u00a0na jego stronie internetowej, Cosy.tv, kt\u00f3ra\u00a0<\/span><a href=\"https:\/\/www.memri.org\/dttm\/cloudflare-us-based-leading-reverse-proxy-service-favored-leading-neo-nazis-and-white\"><span style=\"font-weight: 400;\">dzia\u0142a z pomoc\u0105 Cloudflare<\/span><\/a><span style=\"font-weight: 400;\">.<\/span><\/p>\n<p><span style=\"font-weight: 400;\">Cloudflare chroni r\u00f3wnie\u017c Gab, ekstremistyczn\u0105 platform\u0119 medi\u00f3w spo\u0142eczno\u015bciowych,<\/span><span style=\"font-weight: 400;\">\u00a0kt\u00f3r\u0105 mo\u017cna okre\u015bli\u0107 jako\u00a0<\/span><span style=\"font-weight: 400;\">\u00a0internetowe centrum neonazist\u00f3w nr 1 \u2013 gdzie\u00a0bardzo aktywny by\u0142 zamachowiec z synagogi Tree of Life, Robert Bowers, kt\u00f3ry teraz\u00a0<\/span><a href=\"https:\/\/www.foxnews.com\/us\/jury-convicted-pittsburgh-synagogue-shooter-weigh-potential-death-sentence\"><span style=\"font-weight: 400;\">oczekuje na wyrok<\/span><\/a><span style=\"font-weight: 400;\">,<\/span><span style=\"font-weight: 400;\">\u00a0<\/span><span style=\"font-weight: 400;\">i kt\u00f3ra codziennie zawiera posty wzywaj\u0105ce do zabijania \u017byd\u00f3w, zab\u00f3jstw polityk\u00f3w i obalenia rz\u0105du USA.<\/span><\/p>\n<p><span style=\"font-weight: 400;\">Niemniej w styczniu 2023 roku Cloudflare\u00a0<\/span><a href=\"https:\/\/www.cloudflare.com\/press-releases\/2023\/cloudflare-wins-cisa-contract-for-dns-services\/\"><span style=\"font-weight: 400;\">zdoby\u0142 kontrakt o warto\u015bci 7,2 miliona dolar\u00f3w<\/span><\/a><span style=\"font-weight: 400;\">\u00a0z ameryka\u0144sk\u0105 Agencj\u0105 Cyberbezpiecze\u0144stwa i Bezpiecze\u0144stwa Infrastruktury (CISA) na \u015bwiadczenie\u00a0<\/span><span style=\"font-weight: 400;\">us\u0142ug dla<\/span><span style=\"font-weight: 400;\">\u00a0rz\u0105du.\u00a0Rok wcze\u015bniej Cloudflare uczestniczy\u0142a w szczycie w Bia\u0142ym Domu z udzia\u0142em najwy\u017cszych urz\u0119dnik\u00f3w ds. bezpiecze\u0144stwa narodowego i cybernetycznego USA \u2013 z Departament\u00f3w Obrony, Handlu, Energii i Bezpiecze\u0144stwa Wewn\u0119trznego, a tak\u017ce CISA \u2013 oraz liderami technologii sektora prywatnego w celu om\u00f3wienia bezpiecze\u0144stwa <\/span><a href=\"https:\/\/www.whitehouse.gov\/briefing-room\/statements-releases\/2022\/01\/13\/readout-of-white-house-meeting-on-software-security\/\"><span style=\"font-weight: 400;\">oprogramowania<\/span><\/a><span style=\"font-weight: 400;\">.\u00a0W rzeczywisto\u015bci dyrektor generalny Cloudflare, Matthew Prince, jest teraz <\/span><a href=\"https:\/\/www.cisa.gov\/cybersecurity-advisory-committee-csac-members\"><span style=\"font-weight: 400;\">cz\u0142onkiem<\/span><\/a><span style=\"font-weight: 400;\">\u00a0Komitetu Doradczego CISA.<\/span><\/p>\n<p><img loading=\"lazy\" decoding=\"async\" class=\"alignnone size-full wp-image-19605\" src=\"https:\/\/www2.memri.org\/polish\/wp-content\/uploads\/2023\/08\/MDB5083.jpg\" width=\"624\" height=\"204\" srcset=\"https:\/\/www2.memri.org\/polish\/wp-content\/uploads\/2023\/08\/MDB5083.jpg 624w, https:\/\/www2.memri.org\/polish\/wp-content\/uploads\/2023\/08\/MDB5083-300x98.jpg 300w\" sizes=\"auto, (max-width: 624px) 100vw, 624px\" \/><\/p>\n<p><span style=\"font-weight: 400;\">Ponadto w grudniu 2022 roku firma\u00a0<\/span><a href=\"https:\/\/www.cloudflare.com\/press-releases\/2023\/cloudflare-wins-cisa-contract-for-dns-services\/\"><span style=\"font-weight: 400;\">og\u0142osi\u0142a<\/span><\/a><span style=\"font-weight: 400;\">, \u017ce \u200b\u200buzyska\u0142a status ameryka\u0144skiego Federalnego\u00a0Programu Zarz\u0105dzania Ryzykiem i Autoryzacj\u0105 (FedRAMP),\u00a0<\/span><a href=\"https:\/\/www.gsa.gov\/technology\/government-it-initiatives\/fedramp\"><span style=\"font-weight: 400;\">og\u00f3lnorz\u0105dowego programu<\/span><\/a><span style=\"font-weight: 400;\">\u00a0standaryzuj\u0105cego ocen\u0119 bezpiecze\u0144stwa, autoryzacj\u0119 i monitorowanie produkt\u00f3w i us\u0142ug w chmurze.\u00a0Cloudflare powiedzia\u0142a, \u017ce wzmocni\u0142o to jej zaanga\u017cowanie w rz\u0105d federalny, stanowy i lokalny USA, a tak\u017ce w \u201eObronn\u0105 baz\u0119 przemys\u0142ow\u0105\u201d.<\/span><\/p>\n<p><span style=\"font-weight: 400;\">Przyj\u0119cie Cloudflare przez rz\u0105d jest sprzeczne z deklarowanymi celami <\/span><span style=\"font-weight: 400;\">administracji Bidena,\u00a0kt\u00f3rej\u00a0<\/span><a href=\"https:\/\/www.whitehouse.gov\/wp-content\/uploads\/2023\/05\/U.S.-National-Strategy-to-Counter-Antisemitism.pdf\"><span style=\"font-weight: 400;\">Narodowa Strategia Przeciwdzia\u0142ania Antysemityzmowi<\/span><\/a><span style=\"font-weight: 400;\">, opublikowana w maju, zosta\u0142a\u00a0<\/span><a href=\"https:\/\/www.cnn.com\/2023\/05\/25\/politics\/biden-antisemitism-strategy\/index.html\"><span style=\"font-weight: 400;\">og\u0142oszona przez Prezydenta<\/span><\/a><span style=\"font-weight: 400;\">\u00a0jako \u201enajbardziej ambitny i kompleksowy wysi\u0142ek rz\u0105du Stan\u00f3w Zjednoczonych na rzecz walki z antysemityzmem w historii Ameryki\u201d. Strategia\u00a0<\/span><span style=\"font-weight: 400;\">wzywa Kongres do \u201epoci\u0105gni\u0119cia platform medi\u00f3w spo\u0142eczno\u015bciowych do odpowiedzialno\u015bci\u201d za \u201eszerzenie antysemityzmu\u201d.<\/span><\/p>\n<p><span style=\"font-weight: 400;\">Strategia<\/span><a href=\"https:\/\/www.usatoday.com\/story\/news\/nation\/2023\/05\/25\/white-house-biden-first-ever-antisemitism-strategy\/70257423007\/\"><span style=\"font-weight: 400;\">\u00a0wzywa<\/span><\/a><span style=\"font-weight: 400;\">\u00a0firmy technologiczne do \u201e<\/span><span style=\"font-weight: 400;\">ustanowienia polityki zerowej tolerancji dla mowy nienawi\u015bci na swoich platformach\u201d, a tak\u017ce do upewnienia si\u0119, \u017ce ich\u00a0algorytmy nie promuj\u0105 tre\u015bci ekstremistycznych. Podkre\u015bla r\u00f3wnie\u017c<\/span><span style=\"font-weight: 400;\">\u00a0wezwanie prezydenta do \u201efundamentalnych reform\u201d w sekcji 230 ustawy Communications Decency Act.\u00a0Jednak nadal nie rozwi\u0105zuje problemu z\u0142ych aktor\u00f3w, takich jak Cloudflare, kt\u00f3ra w pe\u0142ni umo\u017cliwia dost\u0119p promotorom i obro\u0144com nienawi\u015bci i terroryzmu oraz neonazistom.<\/span><\/p>\n<p><img loading=\"lazy\" decoding=\"async\" class=\"alignnone size-full wp-image-19606\" src=\"https:\/\/www2.memri.org\/polish\/wp-content\/uploads\/2023\/08\/MDB5084.jpg\" width=\"624\" height=\"233\" srcset=\"https:\/\/www2.memri.org\/polish\/wp-content\/uploads\/2023\/08\/MDB5084.jpg 624w, https:\/\/www2.memri.org\/polish\/wp-content\/uploads\/2023\/08\/MDB5084-300x112.jpg 300w\" sizes=\"auto, (max-width: 624px) 100vw, 624px\" \/><\/p>\n<p><span style=\"font-weight: 400;\">W ramach zaanga\u017cowania projektu MEMRI Cyber \u200b\u200b&amp; Jihad Lab (CJL) w pomoc\u00a0firmom technologicznym w radzeniu sobie z tre\u015bciami terrorystycznymi na ich platformach, w 2020 roku poinformowali\u015bmy szefa polityki publicznej Cloudflare o naszych badaniach i wyja\u015bnili\u015bmy, w jaki spos\u00f3b mo\u017cemy pom\u00f3c firmie zidentyfikowa\u0107 platformy o tre\u015bciach terrorystycznych, by firma mog\u0142a przesta\u0107 je wspiera\u0107.\u00a0Po pocz\u0105tkowym zainteresowaniu, kiedy uzgodniono, \u017ce b\u0119dziemy przesy\u0142a\u0107 informacje o ekstremistach obs\u0142ugiwanych przez firm\u0119, przyst\u0105pili\u015bmy do wysy\u0142ania licznych wskaz\u00f3wek.\u00a0Jednak firma nie podj\u0119\u0142a \u017cadnych dzia\u0142a\u0144, nie wprowadzi\u0142a \u017cadnych zmian w polityce, a grupy nienawi\u015bci nadal korzystaj\u0105 z jej us\u0142ug.<\/span><\/p>\n<p><span style=\"font-weight: 400;\">Cloudflare twierdzi, \u017ce zachowuje neutralno\u015b\u0107 i nie nadzoruje stron internetowych, kt\u00f3re obs\u0142uguje, zapewniaj\u0105c, \u017ce \u201eprzestrzega wszystkich obowi\u0105zuj\u0105cych przepis\u00f3w w krajach, w kt\u00f3rych dzia\u0142amy i\u2026 zdecydowanie wspieramy nale\u017cyty proces prawny\u201d.\u00a0W sierpniu 2022 roku dyrektor generalny Cloudflare, Prince i Alissa Starzak, wiceprezes firmy, globalny szef ds. polityki publicznej, wyja\u015bnili na firmowym\u00a0blogu: \u201eTak jak firma telefoniczna <\/span><a href=\"https:\/\/www.theregister.com\/2022\/08\/31\/cloudflare_kiwi_farm\"><span style=\"font-weight: 400;\">nie<\/span><\/a><span style=\"font-weight: 400;\"> zamyka twojej linii telefonicznej, je\u015bli m\u00f3wisz okropne, rasistowskie, pe\u0142ne bigoterii s\u0142owa,<\/span><span style=\"font-weight: 400;\">\u00a0doszli\u015bmy do wniosku, w porozumieniu z politykami, decydentami i ekspertami, \u017ce wy\u0142\u0105czanie us\u0142ug zapewniania bezpiecze\u0144stwa, poniewa\u017c uwa\u017camy, \u017ce to, co publikujesz, jest nikczemne, jest z\u0142\u0105 polityk\u0105\u201d.<\/span><\/p>\n<p><span style=\"font-weight: 400;\">Ignoruj\u0105c r\u00f3\u017cnic\u0119 mi\u0119dzy rozmow\u0105 telefoniczn\u0105, kt\u00f3ra odbywa si\u0119 mi\u0119dzy dwiema osobami, a stron\u0105 internetow\u0105, kt\u00f3ra pod\u017cega wielu, zdefiniowali r\u00f3wnie\u017c dzia\u0142ania i mow\u0119 nienawi\u015bci organizacji uznanych przez prawo USA za terrorystyczne jako jedynie \u201enikczemne\u201d.<\/span><\/p>\n<p><span style=\"font-weight: 400;\">Rz\u0105d federalny, bran\u017ca technologiczna, firmy <\/span><i><span style=\"font-weight: 400;\">venture capital<\/span><\/i><span style=\"font-weight: 400;\"> i inne obs\u0142ugiwane przez Cloudflare \u2013 takie jak gie\u0142da nowojorska, na kt\u00f3rej jest przedmiotem obrotu, a tak\u017ce 30%\u00a0<\/span><a href=\"https:\/\/www.cloudflare.com\/#:~:text=Cloudflare%E2%80%99s%20intelligent%20global%20network%20is%20fully%20programmable%2C%20so,30%25%20of%20Fortune%201000%20companies%20rely%20on%20Cloudflare\"><span style=\"font-weight: 400;\">firm z listy Fortune 1000<\/span><\/a><span style=\"font-weight: 400;\">, kt\u00f3re wed\u0142ug Cloudflare polegaj\u0105 na niej \u2013 powinni wiedzie\u0107, \u017ce \u015bwiadczy ona us\u0142ugi podmiotom ekstremistycznym i terrorystycznym \u2013 i s\u0105 w dobrej pozycji, by wywrze\u0107 na ni\u0105 presj\u0119, by przesta\u0142a to robi\u0107.<\/span><\/p>\n<p><img loading=\"lazy\" decoding=\"async\" class=\"alignnone size-full wp-image-19607\" src=\"https:\/\/www2.memri.org\/polish\/wp-content\/uploads\/2023\/08\/MDB5085.jpg\" width=\"624\" height=\"207\" srcset=\"https:\/\/www2.memri.org\/polish\/wp-content\/uploads\/2023\/08\/MDB5085.jpg 624w, https:\/\/www2.memri.org\/polish\/wp-content\/uploads\/2023\/08\/MDB5085-300x100.jpg 300w\" sizes=\"auto, (max-width: 624px) 100vw, 624px\" \/><\/p>\n<p><span style=\"font-weight: 400;\">Jednocze\u015bnie \u015bwiadczenie przez Cloudflare us\u0142ug terrorystom i ekstremistom bez \u017cadnych reperkusji po raz kolejny dowodzi, \u017ce istnieje potrzeba rz\u0105dowego nadzoru, regulacji, a ostatecznie standard\u00f3w bran\u017cowych, kt\u00f3re zakazywa\u0142yby firmom, kt\u00f3re ich nie przestrzegaj\u0105, wsp\u00f3\u0142pracy z rz\u0105dem USA i innymi agencjami lub spotka\u0107 si\u0119 z karami, co powinno nast\u0105pi\u0107 teraz.<\/span><\/p>\n<p><i><span style=\"font-weight: 400;\">*dr Steven Stalinsky jest dyrektorem wykonawczym MEMRI;\u00a0Yigal Carmon jest prezesem MEMRI.<\/span><\/i><\/p>\n","protected":false},"excerpt":{"rendered":"<p>Po prawie dekadzie korzystania z us\u0142ugi firmy\u00a0Cloudflare,\u00a0zajmuj\u0105cej si\u0119 wydajno\u015bci\u0105 i bezpiecze\u0144stwem sieci, dla bezpiecze\u0144stwa naszych witryn internetowych i CDN (sieci dystrybucji tre\u015bci), pomimo jej nienagannej obs\u0142ugi i statusu lidera w bran\u017cy od ponad 20 lat, nie mo\u017cemy ju\u017c d\u0142u\u017cej z czystym sumieniem pozostawa\u0107 jej klientem. Jest tak dlatego, \u017ce firma nadal s\u0142u\u017cy ekstremistom i terrorystom. [&hellip;]<\/p>\n","protected":false},"author":1,"featured_media":19602,"comment_status":"closed","ping_status":"closed","sticky":false,"template":"","format":"standard","meta":{"footnotes":""},"categories":[824,828,835,837],"tags":[907,911,912],"class_list":["post-19600","post","type-post","status-publish","format-standard","has-post-thumbnail","hentry","category-specjalne-komunikaty","category-autonomia-palestynska","category-archiwum","category-kraje","tag-hamas","tag-konfliktu-izraelsko-palestynskiego","tag-konflikt-arabsko-izraelski"],"_links":{"self":[{"href":"https:\/\/www2.memri.org\/polish\/wp-json\/wp\/v2\/posts\/19600","targetHints":{"allow":["GET"]}}],"collection":[{"href":"https:\/\/www2.memri.org\/polish\/wp-json\/wp\/v2\/posts"}],"about":[{"href":"https:\/\/www2.memri.org\/polish\/wp-json\/wp\/v2\/types\/post"}],"author":[{"embeddable":true,"href":"https:\/\/www2.memri.org\/polish\/wp-json\/wp\/v2\/users\/1"}],"replies":[{"embeddable":true,"href":"https:\/\/www2.memri.org\/polish\/wp-json\/wp\/v2\/comments?post=19600"}],"version-history":[{"count":1,"href":"https:\/\/www2.memri.org\/polish\/wp-json\/wp\/v2\/posts\/19600\/revisions"}],"predecessor-version":[{"id":19608,"href":"https:\/\/www2.memri.org\/polish\/wp-json\/wp\/v2\/posts\/19600\/revisions\/19608"}],"wp:featuredmedia":[{"embeddable":true,"href":"https:\/\/www2.memri.org\/polish\/wp-json\/wp\/v2\/media\/19602"}],"wp:attachment":[{"href":"https:\/\/www2.memri.org\/polish\/wp-json\/wp\/v2\/media?parent=19600"}],"wp:term":[{"taxonomy":"category","embeddable":true,"href":"https:\/\/www2.memri.org\/polish\/wp-json\/wp\/v2\/categories?post=19600"},{"taxonomy":"post_tag","embeddable":true,"href":"https:\/\/www2.memri.org\/polish\/wp-json\/wp\/v2\/tags?post=19600"}],"curies":[{"name":"wp","href":"https:\/\/api.w.org\/{rel}","templated":true}]}}