{"id":1952,"date":"2011-08-05T00:00:00","date_gmt":"2011-08-05T00:00:00","guid":{"rendered":"http:\/\/www2.memri.org\/polaco\/oswiadczenie-talibow-wiekszosc-bitew-islamskich-jak-podboj-hiszpanii-odbywala-sie-w-ramadan\/1952"},"modified":"2011-08-05T00:00:00","modified_gmt":"2011-08-05T00:00:00","slug":"oswiadczenie-talibow-wiekszosc-bitew-islamskich-jak-podboj-hiszpanii-odbywala-sie-w-ramadan","status":"publish","type":"post","link":"https:\/\/www2.memri.org\/polish\/oswiadczenie-talibow-wiekszosc-bitew-islamskich-jak-podboj-hiszpanii-odbywala-sie-w-ramadan\/1952","title":{"rendered":"O\u015bwiadczenie talib\u00f3w: Wi\u0119kszo\u015b\u0107 bitew islamskich, jak podb\u00f3j Hiszpanii, odbywa\u0142a si\u0119 w Ramadan"},"content":{"rendered":"<div class=\"bodytext c1\">\n<p><strong><em>Ten komunikat gratisowo proponuje MEMRI Jihad and Terrorism Threat Monitor (JTTM.)<\/em><\/strong><\/p>\n<p><strong><em>Informacja o prenumeracie jest dost\u0119pna tutaj<\/em><\/strong> <a href=\"http:\/\/memri.convio.net\/site\/R?i=cCn2Zbhc41d8aDyz7ITSaQ..\"><strong><em>http:\/\/subscriptions.memri.org\/content\/en\/member_registr_jttm.htm<\/em><\/strong><\/a> <strong><em>.<\/em><\/strong><\/p>\n<p><em>O\u015bwiadczenie wydane przez Islamski Emirat Afganistanu (gabinet cieni talib\u00f3w) podkre\u015bli\u0142, \u017ce wi\u0119kszo\u015b\u0107 bitew islamskich by\u0142a prowadzona podczas \u015bwi\u0119tego miesi\u0105ca ramadanu i \u017ce talibowie \u201enasilaj\u0105 swoj\u0105 dzia\u0142alno\u015b\u0107 d\u017cihadystyczn\u0105\u201d.<\/em><\/p>\n<p><em>O\u015bwiadczenie stwierdza nast\u0119pnie: \u201cMud\u017cahedini Islamskiego Emiratu, kt\u00f3rych pozycja jest na linii frontu d\u017cihadu przeciwko niewiernym, mocno zobowi\u0105zali si\u0119, \u017ce u\u015bwi\u0119c\u0105 ten miesi\u0105c oddania i pobo\u017cno\u015bci niestrudzonymi wysi\u0142kami d\u017cihadu\u201d.<\/em> <em>Ramadan rozpocz\u0105\u0142 si\u0119 wczoraj.<\/em><\/p>\n<p><em>Poni\u017cej podajemy tekst o\u015bwiadczenia<a name=\"_ednref1\"><\/a> <a href=\"#_edn1\"><strong>[1]<\/strong><\/a><\/em><\/p>\n<p><em>:<\/em><img decoding=\"async\" border=\"0\" src=\"http:\/\/www.memri.org\/image\/8517.jpg\" \/><\/p>\n<p>&#8222;Z \u0142aski i okaza\u0142o\u015bci Wszechmocnego Allaha osi\u0105gn\u0119li\u015bmy kolejny miesi\u0105c Ramadan i dotarli\u015bmy do kolejnego sezonu wsp\u00f3\u0142czucia, przebaczenia i mi\u0142osierdzia Allaha. Wed\u0142ug werset\u00f3w koranicznych i powiedze\u0144 \u015bwi\u0119tego Proroka (PZN) Ramadan jest \u015bwi\u0119tym miesi\u0105cem, w kt\u00f3rym \u015bwi\u0119ty Koran zosta\u0142 mu (PZN) dany i by\u0142 nagrod\u0105 dla muzu\u0142ma\u0144skiej <em>ummah<\/em>.<\/p>\n<p>Cho\u0107 ten miesi\u0105c uwa\u017cany jest za okazj\u0119 do oddawania czci, dobroczynno\u015bci i innych dobrych uczynk\u00f3w, jest to tak\u017ce miesi\u0105c wsp\u00f3\u0142czucia, przebaczenia i przetrwania p\u0142omieni piekielnych. Wed\u0142ug historii islamu ten miesi\u0105c jest znany jako <em>ghazva<\/em> (islamska bitwa) i podboje.<\/p>\n<p>Jedn\u0105 z wspania\u0142ych cech Ramadanu jest to, \u017ce w historii muzu\u0142ma\u0144skiej <em>ummah<\/em> pierwszy konflikt mi\u0119dzy prawd\u0105 a fa\u0142szem toczy\u0142 si\u0119 podczas tego miesi\u0105ca. Badar Ghazva, kt\u00f3ra stanowi tytu\u0142 historii islamskiej, odby\u0142a si\u0119 17 Ramadanu, drugiego roku migracji (islamskiego kalendarza) i niewierni Mekki stan\u0119li przed dotkliw\u0105 pora\u017ck\u0105.<\/p>\n<p>Niezale\u017cnie od tych bitew niekt\u00f3re inne bitwy w islamskiej historii \u2013 na przyk\u0142ad podb\u00f3j Mekki, 8 hid\u017cri, bitwa Kadsia, 15 hid\u017cri pod dow\u00f3dztwem Saada bin abi Wakasa (niechaj Allah ma nad nim mi\u0142osierdzie), podb\u00f3j Hiszpanii, 92 hid\u017cri pod dow\u00f3dztwem Taroka ben Zejada i bitwa Hotbain, 584 hid\u017cri pod dow\u00f3dztwem Su\u0142tana Salahuddina Ajubiego \u2013 s\u0105 wa\u017cnymi i chwalebnymi wydarzeniami d\u017cihadu, kt\u00f3re zasz\u0142y w \u015bwi\u0119tym miesi\u0105cu Ramadanu.<\/p>\n<p>Tak wi\u0119c mo\u017cemy wywnioskowa\u0107, \u017ce miesi\u0105c Ramadan ma zdumiewaj\u0105ce miejsce w historii islamskiego d\u017cihadu. Istotnie, kiedy muzu\u0142ma\u0144ska <em>ummah<\/em> oddaje nabo\u017cn\u0105 cze\u015b\u0107 z gor\u0105cym uczuciem i pobo\u017cno\u015bci\u0105, tak samo s\u0105 tak\u017ce obro\u0144cy islamskiej <em>ummah<\/em> (mud\u017cahedini) gotowi do zanurzenia si\u0119 w ziemi po\u015bwi\u0119cenia z unikatow\u0105 moralno\u015bci\u0105 i aspiracjami. Mud\u017cahedini, kt\u00f3rzy sp\u0119dzaj\u0105 swoje noce dla Allaha i maj\u0105 gor\u0105ce pragnienie m\u0119cze\u0144stwa na polu bitwy, uwa\u017caj\u0105 to za wielk\u0105 okazj\u0119 do spe\u0142nienia swojego pragnienia (m\u0119cze\u0144stwa). A wi\u0119c nasilaj\u0105 swoje dzia\u0142ania d\u017cihadystyczne.<\/p>\n<p>Mud\u017cahedini Islamskiego Emiratu, kt\u00f3rych pozycja jest na linii frontu d\u017cihadu przeciwko niewiernym, mocno zobowi\u0105zali si\u0119, \u017ce u\u015bwi\u0119c\u0105 ten miesi\u0105c oddania i pobo\u017cno\u015bci niestrudzonymi wysi\u0142kami d\u017cihadu . Poniewa\u017c ka\u017cda okazja oddawania czci w tym miesi\u0105cu osi\u0105ga o 70 wi\u0119cej wy\u017cyn duchowych, warto wspomnie\u0107, \u017ce dokonanie obowi\u0105zku d\u017cihadu w tym \u015bwi\u0119tym miesi\u0105cu tak\u017ce jest \u017ar\u00f3d\u0142em wielkich b\u0142ogos\u0142awie\u0144stw.<\/p>\n<p>Na zako\u0144czenie, pok\u0142adamy nadziej\u0119 w Wszechmocnym Allahu, \u017ce ten miesi\u0105c b\u0142ogos\u0142awie\u0144stwa i podboju b\u0119dzie kamieniem milowym trwaj\u0105cego d\u017cihadu i przez \u015bwi\u0119to\u015b\u0107 tego miesi\u0105ca, i [przez to] \u017ce Wszechmog\u0105cy da wolno\u015b\u0107 Afganom od szpon\u00f3w niewiernych naje\u017ad\u017ac\u00f3w\u201d.<\/p>\n<hr noshade=\"noshade\" \/>\n<p><a name=\"_edn1\"><\/a> <a href=\"#_ednref1\">[1]<\/a> \u0179r\u00f3d\u0142o: <a href=\"http:\/\/alemara1.com\/\">http:\/\/alemara1.com<\/a>, Afganistan, 2 sierpnia 2011. Uwaga: nie uda\u0142o si\u0119 niezale\u017cnie potwierdzi\u0107 autentyczno\u015bci witryny internetowej talib\u00f3w.<\/p>\n<\/div>\n","protected":false},"excerpt":{"rendered":"<p>Ten komunikat gratisowo proponuje MEMRI Jihad and Terrorism Threat Monitor (JTTM.) Informacja o prenumeracie jest dost\u0119pna tutaj http:\/\/subscriptions.memri.org\/content\/en\/member_registr_jttm.htm . O\u015bwiadczenie wydane przez Islamski Emirat Afganistanu (gabinet cieni talib\u00f3w) podkre\u015bli\u0142, \u017ce wi\u0119kszo\u015b\u0107 bitew islamskich by\u0142a prowadzona podczas \u015bwi\u0119tego miesi\u0105ca ramadanu i \u017ce talibowie \u201enasilaj\u0105 swoj\u0105 dzia\u0142alno\u015b\u0107 d\u017cihadystyczn\u0105\u201d. O\u015bwiadczenie stwierdza nast\u0119pnie: \u201cMud\u017cahedini Islamskiego Emiratu, kt\u00f3rych pozycja jest [&hellip;]<\/p>\n","protected":false},"author":1,"featured_media":0,"comment_status":"open","ping_status":"closed","sticky":false,"template":"","format":"standard","meta":{"footnotes":""},"categories":[824,832,835,836],"tags":[],"class_list":["post-1952","post","type-post","status-publish","format-standard","hentry","category-specjalne-komunikaty","category-projekt-badan-nad-dzihadem-i-terroryzmem","category-archiwum","category-tematy"],"_links":{"self":[{"href":"https:\/\/www2.memri.org\/polish\/wp-json\/wp\/v2\/posts\/1952","targetHints":{"allow":["GET"]}}],"collection":[{"href":"https:\/\/www2.memri.org\/polish\/wp-json\/wp\/v2\/posts"}],"about":[{"href":"https:\/\/www2.memri.org\/polish\/wp-json\/wp\/v2\/types\/post"}],"author":[{"embeddable":true,"href":"https:\/\/www2.memri.org\/polish\/wp-json\/wp\/v2\/users\/1"}],"replies":[{"embeddable":true,"href":"https:\/\/www2.memri.org\/polish\/wp-json\/wp\/v2\/comments?post=1952"}],"version-history":[{"count":0,"href":"https:\/\/www2.memri.org\/polish\/wp-json\/wp\/v2\/posts\/1952\/revisions"}],"wp:attachment":[{"href":"https:\/\/www2.memri.org\/polish\/wp-json\/wp\/v2\/media?parent=1952"}],"wp:term":[{"taxonomy":"category","embeddable":true,"href":"https:\/\/www2.memri.org\/polish\/wp-json\/wp\/v2\/categories?post=1952"},{"taxonomy":"post_tag","embeddable":true,"href":"https:\/\/www2.memri.org\/polish\/wp-json\/wp\/v2\/tags?post=1952"}],"curies":[{"name":"wp","href":"https:\/\/api.w.org\/{rel}","templated":true}]}}